{"id":7936,"date":"2019-11-19T16:16:37","date_gmt":"2019-11-19T19:16:37","guid":{"rendered":"https:\/\/hostnetart.com.br\/baixada\/3-2-milhoes-de-pessoas-procuram-emprego-ha-2-anos-no-pais-das-pecs\/"},"modified":"2019-11-19T16:16:37","modified_gmt":"2019-11-19T19:16:37","slug":"3-2-milhoes-de-pessoas-procuram-emprego-ha-2-anos-no-pais-das-pecs","status":"publish","type":"post","link":"https:\/\/hostnetart.com.br\/baixada\/3-2-milhoes-de-pessoas-procuram-emprego-ha-2-anos-no-pais-das-pecs\/","title":{"rendered":"3,2 milh\u00f5es de pessoas procuram emprego h\u00e1 2 anos no pa\u00eds das PECs"},"content":{"rendered":"<p>A\u00a0taxa de desemprego no 3\u00ba trimestre de 2019 se estabilizou em mais de dois d\u00edgitos (11,8%) e atinge 12,5 milh\u00f5es de trabalhadores e trabalhadoras em todo o Brasil, segundo dados divulgados nesta ter\u00e7a-feira (19) pelo Instituto Brasileiro de Geografia e Estat\u00edstica (IBGE).<\/p>\n<p>Com a economia estagnada e o governo de Jair Bolsonaro anunciando\u00a0<strong><a href=\"https:\/\/www.cut.org.br\/noticias\/mais-brasil-menos-povo-pacote-de-bolsonaro-nao-ajuda-trabalhadores-nem-pobres-4e83\">pacotes econ\u00f4micos<\/a><\/strong>\u00a0que nada mais s\u00e3o do que medidas de arrocho social e trabalhista que n\u00e3o ajudam a gerar emprego e renda, como mostrou an\u00e1lise do\u00a0<strong><a href=\"https:\/\/www.cut.org.br\/noticias\/entenda-porque-programa-verde-e-amarelo-de-bolsonaro-nao-gerara-emprego-129a\">Dieese<\/a>,<\/strong>\u00a0o desemprego continua sendo um dos principais problemas do pa\u00eds e o milh\u00f5es de trabalhadores est\u00e3o h\u00e1 quase dois anos tentando arranjar um novo emprego.<\/p>\n<h3><strong>Quase 5 milh\u00f5es de desempregados tentam uma vaga h\u00e1 pelo menos um ano<\/strong><\/h3>\n<p>Do total de desempregados no pa\u00eds, 3,2 milh\u00f5es (25,2% do total) procuravam trabalho h\u00e1 dois anos ou mais e 1,7 milh\u00e3o (13,6%) entre 1 ano e 2 anos.<\/p>\n<p>Outros 1,8 milh\u00e3o (14,4%) tentavam uma recoloca\u00e7\u00e3o no mercado de trabalho h\u00e1 menos de um m\u00eas.<\/p>\n<h3><strong>Nordeste concentra os piores \u00edndices<\/strong><\/h3>\n<p>Os estados nordestinos ignorados pelo governo Bolsonaro porque votaram em massa no candidato do PT, Fernando Haddad, durante as elei\u00e7\u00f5es de 2018, lideram o ranking do desemprego, da subutiliza\u00e7\u00e3o da for\u00e7a de trabalho e do desalento.<\/p>\n<p>O Maranh\u00e3o \u00e9 o estado que com a maior taxa de subutiliza\u00e7\u00e3o da for\u00e7a de trabalho (41,6%) e com o maior percentual de trabalhadores sem carteira (50,1%).<\/p>\n<p>As maiores\u00a0<strong>taxas de desemprego<\/strong>\u00a0foram registradas na Bahia (16,8%), Amap\u00e1 (16,7%), e Pernambuco (15,8%).<\/p>\n<p>A\u00a0<strong>subutiliza\u00e7\u00e3o da for\u00e7a de trabalho<\/strong>\u00a0(percentual de pessoas desocupadas, subocupadas por insufici\u00eancia de horas trabalhadas e na for\u00e7a de trabalho potencial em rela\u00e7\u00e3o a for\u00e7a de trabalho ampliada) foi de 24,0% em todo o pa\u00eds. O\u00a0<strong>Maranh\u00e3o, com 41,6%, registrou a maior taxa de subutiliza\u00e7\u00e3o,\u00a0<\/strong>seguido pelo Piau\u00ed (41,1%).<\/p>\n<p>O\u00a0<strong>n\u00famero de desalentados<\/strong>\u00a0no 3\u00ba trimestre de 2019 foi de 4,7 milh\u00f5es de pessoas de 14 anos ou mais em todo o Brasil. Os maiores contingentes estavam na Bahia (781 mil) e no Maranh\u00e3o (592 mil).<\/p>\n<p>J\u00e1 a propor\u00e7\u00e3o de empregados\u00a0<strong>sem carteira\u00a0<\/strong>de trabalho assinada\u00a0no setor privado\u00a0foi de 26,4%. E o Maranh\u00e3o, com 50,1%, tamb\u00e9m lidera esse ranking negativo, seguido pelo Par\u00e1 (49,9%) e Piau\u00ed (49,9%).<\/p>\n<h3><strong>Sul lidera dados do ex\u00e9rcito dos com carteira e com direitos<\/strong><\/h3>\n<p>O percentual de empregados\u00a0<strong>com carteira\u00a0<\/strong>de trabalho assinada\u00a0no setor privado\u00a0do pa\u00eds era de 73,6% no 3\u00ba trimestre de 2019. O maior percentual estava em Santa Catarina (87,7%), seguido do Paran\u00e1 (80,8%) e Rio Grande do Sul (81,9%).<\/p>\n<p>Os menores foram registrados no Maranh\u00e3o (49,9%), Piau\u00ed e Par\u00e1 (ambos com 50,1%).<\/p>\n<h3><strong>Bicos se espalham por todo o pa\u00eds<\/strong><\/h3>\n<p>O percentual da popula\u00e7\u00e3o ocupada do pa\u00eds trabalhando por\u00a0<strong>conta pr\u00f3pria<\/strong>\u00a0era de 26,0%.<\/p>\n<p>Os maiores percentuais foram registrados no Amap\u00e1 (36,7%), Par\u00e1 (35,7%) e Amazonas (33,3%). J\u00e1 os menores foram no Distrito Federal (20,7%), Mato Grosso do Sul (21,2%) e Santa Catarina (21,7%).<\/p>\n<h3><strong>Na compara\u00e7\u00e3o trimestral, rendimento permanece est\u00e1vel em 26 das 27 UFs<\/strong><\/h3>\n<p>O rendimento m\u00e9dio mensal real de todos os trabalhos com 14 anos ou mais de idade foi estimado em R$ 2.298 contra R$ 2.297 em rela\u00e7\u00e3o ao trimestre imediatamente anterior.<\/p>\n<p>Entre as unidades da federa\u00e7\u00e3o, apenas Rond\u00f4nia apresentou varia\u00e7\u00e3o (4,8 p. p.), passando de R$ 1.941 no 2\u00b0 trimestre de 2019 para R$ 2.035 no 3\u00b0 trimestre. As demais unidades da federa\u00e7\u00e3o tiveram estabilidade nesse indicador. O maior valor foi registrado no Distrito Federal (R$ 3.887) e o menor no Maranh\u00e3o (R$ 1.333).<\/p>\n<h3>Confira na\u00a0<a href=\"https:\/\/agenciadenoticias.ibge.gov.br\/agencia-sala-de-imprensa\/2013-agencia-de-noticias\/releases\/26054-pnad-continua-trimestral-desocupacao-fica-estavel-em-25-das-27-unidades-da-federacao-no-3-trimestre-de-2019\">p\u00e1gina do IBGE<\/a>\u00a0 v\u00e1rios destaques da pesquisa:<\/h3>\n<ul>\n<li>Bahia (16,8%) teve a maior taxa de desemprego 3\u00b0 trimestre de 2019<\/li>\n<li>Maranh\u00e3o \u00e9 o estado que com a maior taxa de subutiliza\u00e7\u00e3o da for\u00e7a de trabalho (41,6%) e com o maior percentual de trabalhadores sem carteira (50,1%);<\/li>\n<li>Amap\u00e1 \u00e9 o estado com o maior percentual de trabalhadores por conta pr\u00f3pria: 36,7%;<\/li>\n<li>Os maiores contingentes de desalentados (aqueles que desistiram de procuram emprego) est\u00e3o na Bahia (781 mil) e no Maranh\u00e3o (592 mil);<\/li>\n<li>Santa Catarina \u00e9 o estado com o maior percentual de trabalhadores com carteira: 87,7%;<\/li>\n<li>A taxa de desemprego \u00e9 maior entre as mulheres(13,9%); entre os homens \u00e9 de 10%;<\/li>\n<li>Taxa de desemprego de pretos (14,9%) e pardos (13,6%) \u00e9 superior a da m\u00e9dia nacional; a de brancos \u00e9 de 9,2%;<\/li>\n<li>Pretos ou pardos s\u00e3o quase dois ter\u00e7os dos desempregados(65,2% do total).<\/li>\n<\/ul>\n<p>\u00a0<\/p>\n<p><strong>Fonte: Contraf-CUT<\/strong><\/p>\n","protected":false},"excerpt":{"rendered":"<p>A\u00a0taxa de desemprego no 3\u00ba trimestre de 2019 se estabilizou em mais de dois d\u00edgitos (11,8%) e atinge 12,5 milh\u00f5es de trabalhadores e trabalhadoras em todo o Brasil, segundo dados divulgados nesta ter\u00e7a-feira (19) pelo Instituto Brasileiro de Geografia e Estat\u00edstica (IBGE). Com a economia estagnada e o governo de Jair Bolsonaro anunciando\u00a0pacotes econ\u00f4micos\u00a0que nada [&hellip;]<\/p>\n","protected":false},"author":2,"featured_media":7935,"comment_status":"","ping_status":"","sticky":false,"template":"","format":"standard","meta":{"footnotes":""},"categories":[3],"tags":[],"class_list":["post-7936","post","type-post","status-publish","format-standard","has-post-thumbnail","hentry","category-noticias"],"_links":{"self":[{"href":"https:\/\/hostnetart.com.br\/baixada\/wp-json\/wp\/v2\/posts\/7936","targetHints":{"allow":["GET"]}}],"collection":[{"href":"https:\/\/hostnetart.com.br\/baixada\/wp-json\/wp\/v2\/posts"}],"about":[{"href":"https:\/\/hostnetart.com.br\/baixada\/wp-json\/wp\/v2\/types\/post"}],"author":[{"embeddable":true,"href":"https:\/\/hostnetart.com.br\/baixada\/wp-json\/wp\/v2\/users\/2"}],"replies":[{"embeddable":true,"href":"https:\/\/hostnetart.com.br\/baixada\/wp-json\/wp\/v2\/comments?post=7936"}],"version-history":[{"count":0,"href":"https:\/\/hostnetart.com.br\/baixada\/wp-json\/wp\/v2\/posts\/7936\/revisions"}],"wp:featuredmedia":[{"embeddable":true,"href":"https:\/\/hostnetart.com.br\/baixada\/wp-json\/wp\/v2\/media\/7935"}],"wp:attachment":[{"href":"https:\/\/hostnetart.com.br\/baixada\/wp-json\/wp\/v2\/media?parent=7936"}],"wp:term":[{"taxonomy":"category","embeddable":true,"href":"https:\/\/hostnetart.com.br\/baixada\/wp-json\/wp\/v2\/categories?post=7936"},{"taxonomy":"post_tag","embeddable":true,"href":"https:\/\/hostnetart.com.br\/baixada\/wp-json\/wp\/v2\/tags?post=7936"}],"curies":[{"name":"wp","href":"https:\/\/api.w.org\/{rel}","templated":true}]}}