{"id":7934,"date":"2019-11-19T16:15:43","date_gmt":"2019-11-19T19:15:43","guid":{"rendered":"https:\/\/hostnetart.com.br\/baixada\/taxa-de-desemprego-e-ainda-maior-para-trabalhadores-negros-e-mulheres\/"},"modified":"2019-11-19T16:15:43","modified_gmt":"2019-11-19T19:15:43","slug":"taxa-de-desemprego-e-ainda-maior-para-trabalhadores-negros-e-mulheres","status":"publish","type":"post","link":"https:\/\/hostnetart.com.br\/baixada\/taxa-de-desemprego-e-ainda-maior-para-trabalhadores-negros-e-mulheres\/","title":{"rendered":"Taxa de desemprego \u00e9 ainda maior para trabalhadores negros e mulheres"},"content":{"rendered":"<p><a href=\"https:\/\/www.redebrasilatual.com.br\/economia\/2019\/11\/trabalho-informal-desemprego\/\" target=\"_blank\" rel=\"noopener noreferrer\">Se a taxa de desemprego j\u00e1 \u00e9 alta no pa\u00eds, atingindo seus maiores n\u00edveis<\/a>, ela sobe ainda mais entre trabalhadores pretos e pardos (classifica\u00e7\u00e3o usada pelo IBGE) e mulheres, segundo a Pesquisa Nacional por Amostra de Domic\u00edlios (Pnad) Cont\u00ednua, divulgada hoje (19). Com m\u00e9dia nacional de 11,8%, a taxa atinge 13,9% no caso das mulheres, 13,6% para pardos e 14,9% entre os negros.<\/p>\n<p>Em rela\u00e7\u00e3o aos homens, a taxa do terceiro trimestre fica abaixo da m\u00e9dia nacional: 10%. A das mulheres \u00e9 quase 40% maior, com seus 13,9%. Sobe a 16,7% na regi\u00e3o Nordeste e cai a 9,8% no Sul. O n\u00edvel de ocupa\u00e7\u00e3o dos homens \u00e9 de 64,6% e o das mulheres, 45,9%. Entre os desempregados, elas s\u00e3o maioria, com 53,3%.<\/p>\n<p>No recorte por cor, enquanto pretos t\u00eam taxa de 14,9% e pardos, de 13,6%, a dos que se declararam brancos cai para menos de um d\u00edgito (9,2%). No primeiro trimestre de 2012, essas taxas eram de 9,6%, 9,1% e 6,6%, respectivamente. A m\u00e9dia nacional ficava quase quatro pontos abaixo da atual (7,9%).<\/p>\n<p>Em 2012, a estimativa era de 7,6 milh\u00f5es de desempregados, sendo quase metade (48,9%) pardos. Os pretos eram 10,2%, somando 59,1%. Os brancos representavam 40,2%. Agora, com 12,5 milh\u00f5es de desempregados, os pardos s\u00e3o 52,9% e os pretos, 12,8%, em um total de 65,7%. Os brancos s\u00e3o 34,3%.<\/p>\n<p><strong>Fonte: Rede Brasil Atual<\/strong><\/p>\n","protected":false},"excerpt":{"rendered":"<p>Se a taxa de desemprego j\u00e1 \u00e9 alta no pa\u00eds, atingindo seus maiores n\u00edveis, ela sobe ainda mais entre trabalhadores pretos e pardos (classifica\u00e7\u00e3o usada pelo IBGE) e mulheres, segundo a Pesquisa Nacional por Amostra de Domic\u00edlios (Pnad) Cont\u00ednua, divulgada hoje (19). Com m\u00e9dia nacional de 11,8%, a taxa atinge 13,9% no caso das mulheres, [&hellip;]<\/p>\n","protected":false},"author":2,"featured_media":7933,"comment_status":"","ping_status":"","sticky":false,"template":"","format":"standard","meta":{"footnotes":""},"categories":[3],"tags":[],"class_list":["post-7934","post","type-post","status-publish","format-standard","has-post-thumbnail","hentry","category-noticias"],"_links":{"self":[{"href":"https:\/\/hostnetart.com.br\/baixada\/wp-json\/wp\/v2\/posts\/7934","targetHints":{"allow":["GET"]}}],"collection":[{"href":"https:\/\/hostnetart.com.br\/baixada\/wp-json\/wp\/v2\/posts"}],"about":[{"href":"https:\/\/hostnetart.com.br\/baixada\/wp-json\/wp\/v2\/types\/post"}],"author":[{"embeddable":true,"href":"https:\/\/hostnetart.com.br\/baixada\/wp-json\/wp\/v2\/users\/2"}],"replies":[{"embeddable":true,"href":"https:\/\/hostnetart.com.br\/baixada\/wp-json\/wp\/v2\/comments?post=7934"}],"version-history":[{"count":0,"href":"https:\/\/hostnetart.com.br\/baixada\/wp-json\/wp\/v2\/posts\/7934\/revisions"}],"wp:featuredmedia":[{"embeddable":true,"href":"https:\/\/hostnetart.com.br\/baixada\/wp-json\/wp\/v2\/media\/7933"}],"wp:attachment":[{"href":"https:\/\/hostnetart.com.br\/baixada\/wp-json\/wp\/v2\/media?parent=7934"}],"wp:term":[{"taxonomy":"category","embeddable":true,"href":"https:\/\/hostnetart.com.br\/baixada\/wp-json\/wp\/v2\/categories?post=7934"},{"taxonomy":"post_tag","embeddable":true,"href":"https:\/\/hostnetart.com.br\/baixada\/wp-json\/wp\/v2\/tags?post=7934"}],"curies":[{"name":"wp","href":"https:\/\/api.w.org\/{rel}","templated":true}]}}