{"id":7932,"date":"2019-11-19T16:14:09","date_gmt":"2019-11-19T19:14:09","guid":{"rendered":"https:\/\/hostnetart.com.br\/baixada\/no-pais-do-trabalho-informal-um-quarto-dos-desempregados-procura-vaga-ha-mais-de-dois-anos\/"},"modified":"2019-11-19T16:14:09","modified_gmt":"2019-11-19T19:14:09","slug":"no-pais-do-trabalho-informal-um-quarto-dos-desempregados-procura-vaga-ha-mais-de-dois-anos","status":"publish","type":"post","link":"https:\/\/hostnetart.com.br\/baixada\/no-pais-do-trabalho-informal-um-quarto-dos-desempregados-procura-vaga-ha-mais-de-dois-anos\/","title":{"rendered":"No pa\u00eds do trabalho informal, um quarto dos desempregados procura vaga h\u00e1 mais de dois anos"},"content":{"rendered":"<p>Com taxa de desemprego est\u00e1vel no trimestre encerrado em setembro (11,8%), situa\u00e7\u00e3o que se mant\u00e9m em quase todas as unidades da federa\u00e7\u00e3o, o pa\u00eds estacionou em um alto \u00edndice de informalidade e com grande parte da popula\u00e7\u00e3o procurando emprego por um largo per\u00edodo. Segundo o IBGE, um quarto dos desempregados (25,2%), ou 3,150 milh\u00f5es de pessoas, estavam \u00e0 procura de trabalho h\u00e1 dois anos ou mais, 1,750 milh\u00e3o procuravam de um ano e menos de dois, enquanto quase metade estava de um m\u00eas a menos de um ano (5,863 milh\u00f5es). Os dados s\u00e3o da Pesquisa Nacional por Amostra de Domic\u00edlios (Pnad) Cont\u00ednua, com detalhes divulgados hoje (19) pelo instituto.<\/p>\n<p>O Brasil tem tamb\u00e9m um quarto dos ocupados, mais de 24 milh\u00f5es, trabalhando por conta pr\u00f3pria. Enquanto na m\u00e9dia nacional esse percentual \u00e9 de 26%, em estados da regi\u00e3o Norte supera os 30%, casos do Amap\u00e1 (36,7%), Par\u00e1 (35,7%) e Amazonas (33,3%). Os menores s\u00e3o no Distrito Federal (20,7%), Mato Grosso do Sul (21,2%) e em Santa Catarina (21,7%).<\/p>\n<p>No terceiro trimestre, a taxa de desemprego foi de 11,8%, ante 12% no segundo e 11,9% em igual per\u00edodo do ano passado.\u00a0 O n\u00famero de desempregados \u00e9 estimado em 12,515 milh\u00f5es. Em 12 meses, o pa\u00eds tem 1,468 milh\u00e3o de ocupados a mais \u2013 1,015 milh\u00e3o s\u00e3o trabalhadores por conta pr\u00f3pria, cujo total atinge o recorde de 24,434 milh\u00f5es. E o acr\u00e9scimo de empregos sem carteira assinada \u00e9 bem maior que o de empregos com carteira: 384 mil e 166 mil, respectivamente. S\u00e3o 33,075 milh\u00f5es de empregados no setor privado com carteira e 11,838 milh\u00f5es sem carteira, exclu\u00eddos trabalhadores dom\u00e9sticos (6,276 milh\u00f5es, a maioria sem carteira).<\/p>\n<h5>Regi\u00f5es<\/h5>\n<p>De acordo com o IBGE, as taxas t\u00eam varia\u00e7\u00f5es significativas. As maiores foram registradas na Bahia (16,8%), no Amap\u00e1 (16,7%) e em Pernambuco (15,8%) e as menores, em Santa Catarina (5,8%), Mato Grosso do Sul (7,5%) e Mato Grosso (8%). Entre as regi\u00f5es, a Norte tem taxa de 11,7%, no Nordeste sobe a 14,4%, no Sudeste vai a 11,9% (sendo 12% em S\u00e3o Paulo), no Sul cai para 8,1% e no Centro-Oeste fica em 10,1%.<\/p>\n<p>A chamada subutiliza\u00e7\u00e3o da for\u00e7a de trabalho (que inclui desempregados e subocupados) foi de 24% no terceiro trimestre, mas atinge 41,6% no Maranh\u00e3o e 41,% no Piau\u00ed. Os desalentados, pessoas que desistiram de procurar trabalho, somam 4,7 milh\u00f5es, com os maiores contingentes na Bahia (781 mil) e no Maranh\u00e3o (592 mil). Em rela\u00e7\u00e3o \u00e0 for\u00e7a de trabalho, os desalentados representam 4,2% na m\u00e9dia do pa\u00eds.<\/p>\n<p>Os empregados sem carteira de trabalho no setor privado representam 26,4% do total, mas s\u00e3o mais da metade no Maranh\u00e3o (50,1%) e quase isso no Par\u00e1 e no Piau\u00ed (49,9% em ambos casos). O menor \u00edndice \u00e9 o de Santa Catarina, 12,3%.<\/p>\n<p>Estimado em R$ 2.298, o rendimento m\u00e9dio do trabalho permaneceu est\u00e1vel tanto na compara\u00e7\u00e3o trimestre como anual. Tamb\u00e9m houve estabilidade entre as regi\u00f5es. As m\u00e9dias variam de R$ 1.333 (Maranh\u00e3o) a R$ 3.887 (Distrito Federal).<\/p>\n<p><span style=\"text-decoration: underline;\"><strong>Fonte: Rede Brasil Atual<\/strong><\/span><\/p>\n","protected":false},"excerpt":{"rendered":"<p>Com taxa de desemprego est\u00e1vel no trimestre encerrado em setembro (11,8%), situa\u00e7\u00e3o que se mant\u00e9m em quase todas as unidades da federa\u00e7\u00e3o, o pa\u00eds estacionou em um alto \u00edndice de informalidade e com grande parte da popula\u00e7\u00e3o procurando emprego por um largo per\u00edodo. Segundo o IBGE, um quarto dos desempregados (25,2%), ou 3,150 milh\u00f5es de [&hellip;]<\/p>\n","protected":false},"author":2,"featured_media":7931,"comment_status":"","ping_status":"","sticky":false,"template":"","format":"standard","meta":{"footnotes":""},"categories":[3],"tags":[],"class_list":["post-7932","post","type-post","status-publish","format-standard","has-post-thumbnail","hentry","category-noticias"],"_links":{"self":[{"href":"https:\/\/hostnetart.com.br\/baixada\/wp-json\/wp\/v2\/posts\/7932","targetHints":{"allow":["GET"]}}],"collection":[{"href":"https:\/\/hostnetart.com.br\/baixada\/wp-json\/wp\/v2\/posts"}],"about":[{"href":"https:\/\/hostnetart.com.br\/baixada\/wp-json\/wp\/v2\/types\/post"}],"author":[{"embeddable":true,"href":"https:\/\/hostnetart.com.br\/baixada\/wp-json\/wp\/v2\/users\/2"}],"replies":[{"embeddable":true,"href":"https:\/\/hostnetart.com.br\/baixada\/wp-json\/wp\/v2\/comments?post=7932"}],"version-history":[{"count":0,"href":"https:\/\/hostnetart.com.br\/baixada\/wp-json\/wp\/v2\/posts\/7932\/revisions"}],"wp:featuredmedia":[{"embeddable":true,"href":"https:\/\/hostnetart.com.br\/baixada\/wp-json\/wp\/v2\/media\/7931"}],"wp:attachment":[{"href":"https:\/\/hostnetart.com.br\/baixada\/wp-json\/wp\/v2\/media?parent=7932"}],"wp:term":[{"taxonomy":"category","embeddable":true,"href":"https:\/\/hostnetart.com.br\/baixada\/wp-json\/wp\/v2\/categories?post=7932"},{"taxonomy":"post_tag","embeddable":true,"href":"https:\/\/hostnetart.com.br\/baixada\/wp-json\/wp\/v2\/tags?post=7932"}],"curies":[{"name":"wp","href":"https:\/\/api.w.org\/{rel}","templated":true}]}}