{"id":7928,"date":"2019-11-19T15:49:05","date_gmt":"2019-11-19T18:49:05","guid":{"rendered":"https:\/\/hostnetart.com.br\/baixada\/contraf-cut-debate-desigualdades-raciais-em-petropolis\/"},"modified":"2019-11-19T15:49:05","modified_gmt":"2019-11-19T18:49:05","slug":"contraf-cut-debate-desigualdades-raciais-em-petropolis","status":"publish","type":"post","link":"https:\/\/hostnetart.com.br\/baixada\/contraf-cut-debate-desigualdades-raciais-em-petropolis\/","title":{"rendered":"Contraf-CUT debate desigualdades raciais em Petr\u00f3polis"},"content":{"rendered":"<p>A secretaria de Combate ao Racismo da Confedera\u00e7\u00e3o Nacional dos Trabalhadores do Ramo Financeiro (Contraf-CUT) esteve presente, na segunda-feira (18), no Sindicato dos Banc\u00e1rios de Petr\u00f3polis, Rio de Janeiro, para debater com dirigentes banc\u00e1rios e de outras categorias, o tema \u201cDesigualdades Raciais no Mundo do Trabalho\u201d.<\/p>\n<p>Na ocasi\u00e3o, Almir Aguiar, secret\u00e1rio de Combate ao Racismo da Contraf-CUT, lembrou que as desigualdades, que atingem a popula\u00e7\u00e3o negra, s\u00e3o resqu\u00edcios da escravid\u00e3o que perdurou por mais de 300 anos no Brasil. \u00a0<\/p>\n<p>No setor banc\u00e1rio, por exemplo, os n\u00fameros s\u00e3o preocupantes. O Censo da Diversidade de 2014, mapeou 24,7% de negros na categoria. \u201cOs negros s\u00e3o invis\u00edveis nos cargos de dire\u00e7\u00e3o, exercendo apenas fun\u00e7\u00f5es de produ\u00e7\u00e3o. A cor da pele \u00e9 um impeditivo para ascens\u00e3o profissional, e os negros recebem em m\u00e9dia 68% da remunera\u00e7\u00e3o de um trabalhador n\u00e3o negro, sendo que a situa\u00e7\u00e3o da banc\u00e1ria negra, \u00e9 ainda pior\u201d, afirmou o secret\u00e1rio de Combate ao Racismo da Contraf-CUT.<\/p>\n<p>Para Almir Aguiar, a discuss\u00e3o sobre o tema \u00e9 de extrema import\u00e2ncia, diante da conjuntura atual. \u201cAgrade\u00e7o o convite a dire\u00e7\u00e3o do Sindicato dos Banc\u00e1rios de Petr\u00f3polis, em especial aos companheiros Marcos Alvarenga e Iomar, por entender a import\u00e2ncia do tema, diante da conjuntura que vivemos, mas este tema precisa estar na pauta dioturnamente. Basta de racismo no trabalho e na vida\u201d, finalizou o dirigente sindical.<\/p>\n<p><strong>Fonte: Contraf-CUT<\/strong><\/p>\n","protected":false},"excerpt":{"rendered":"<p>A secretaria de Combate ao Racismo da Confedera\u00e7\u00e3o Nacional dos Trabalhadores do Ramo Financeiro (Contraf-CUT) esteve presente, na segunda-feira (18), no Sindicato dos Banc\u00e1rios de Petr\u00f3polis, Rio de Janeiro, para debater com dirigentes banc\u00e1rios e de outras categorias, o tema \u201cDesigualdades Raciais no Mundo do Trabalho\u201d. Na ocasi\u00e3o, Almir Aguiar, secret\u00e1rio de Combate ao Racismo [&hellip;]<\/p>\n","protected":false},"author":2,"featured_media":7927,"comment_status":"","ping_status":"","sticky":false,"template":"","format":"standard","meta":{"footnotes":""},"categories":[3],"tags":[],"class_list":["post-7928","post","type-post","status-publish","format-standard","has-post-thumbnail","hentry","category-noticias"],"_links":{"self":[{"href":"https:\/\/hostnetart.com.br\/baixada\/wp-json\/wp\/v2\/posts\/7928","targetHints":{"allow":["GET"]}}],"collection":[{"href":"https:\/\/hostnetart.com.br\/baixada\/wp-json\/wp\/v2\/posts"}],"about":[{"href":"https:\/\/hostnetart.com.br\/baixada\/wp-json\/wp\/v2\/types\/post"}],"author":[{"embeddable":true,"href":"https:\/\/hostnetart.com.br\/baixada\/wp-json\/wp\/v2\/users\/2"}],"replies":[{"embeddable":true,"href":"https:\/\/hostnetart.com.br\/baixada\/wp-json\/wp\/v2\/comments?post=7928"}],"version-history":[{"count":0,"href":"https:\/\/hostnetart.com.br\/baixada\/wp-json\/wp\/v2\/posts\/7928\/revisions"}],"wp:featuredmedia":[{"embeddable":true,"href":"https:\/\/hostnetart.com.br\/baixada\/wp-json\/wp\/v2\/media\/7927"}],"wp:attachment":[{"href":"https:\/\/hostnetart.com.br\/baixada\/wp-json\/wp\/v2\/media?parent=7928"}],"wp:term":[{"taxonomy":"category","embeddable":true,"href":"https:\/\/hostnetart.com.br\/baixada\/wp-json\/wp\/v2\/categories?post=7928"},{"taxonomy":"post_tag","embeddable":true,"href":"https:\/\/hostnetart.com.br\/baixada\/wp-json\/wp\/v2\/tags?post=7928"}],"curies":[{"name":"wp","href":"https:\/\/api.w.org\/{rel}","templated":true}]}}