{"id":7924,"date":"2019-11-18T19:55:09","date_gmt":"2019-11-18T22:55:09","guid":{"rendered":"https:\/\/hostnetart.com.br\/baixada\/auxilio-creche-e-mais-uma-conquista-da-categoria-bancaria\/"},"modified":"2019-11-18T19:55:09","modified_gmt":"2019-11-18T22:55:09","slug":"auxilio-creche-e-mais-uma-conquista-da-categoria-bancaria","status":"publish","type":"post","link":"https:\/\/hostnetart.com.br\/baixada\/auxilio-creche-e-mais-uma-conquista-da-categoria-bancaria\/","title":{"rendered":"Aux\u00edlio-Creche \u00e9 mais uma conquista da categoria banc\u00e1ria"},"content":{"rendered":"<div class=\"elementor-element elementor-element-194680ec elementor-widget elementor-widget-theme-post-content\" data-id=\"194680ec\" data-element_type=\"widget\" data-widget_type=\"theme-post-content.default\">\n<div class=\"elementor-widget-container\">\n<p>A Confedera\u00e7\u00e3o Nacional dos Trabalhadores do Ramo Financeiro (Contraf-CUT) divulga, nesta segunda-feira (18), mais um v\u00eddeo da Campanha Fecha Com A Gente, desta vez, com o tema: <a href=\"https:\/\/www.youtube.com\/watch?v=qA3CHaEbFKU\">Aux\u00edlio-Creche<\/a>. O curta mostra a import\u00e2ncia da luta do sindicato para a conquista do direito ao reembolso das despesas de at\u00e9 R$ 488,91 com bab\u00e1s, creches e outras institui\u00e7\u00f5es.<\/p>\n<p>O direito est\u00e1 garantido pela cl\u00e1usula 17 da Conven\u00e7\u00e3o Coletiva de Trabalho (CCT) para banc\u00e1rios e banc\u00e1rias com filhos de at\u00e9 71 meses.<\/p>\n<h3><strong>Campanha Fecha Com A Gente<\/strong><\/h3>\n<p>Os materiais da Campanha Fecha Com A Gente ser\u00e3o compartilhados at\u00e9 o final de novembro nas redes sociais da Contraf-CUT e disponibilizados na \u00e1rea restrita do site. No canal da <a href=\"https:\/\/www.youtube.com\/channel\/UCQoiO9j_0_0aB1N24E7do0A\">TVContraf<\/a> no <a href=\"https:\/\/www.youtube.com\/channel\/UCQoiO9j_0_0aB1N24E7do0A\">Youtube<\/a> j\u00e1 est\u00e3o dispon\u00edveis os v\u00eddeos <a href=\"https:\/\/www.youtube.com\/watch?v=xZklvKqX4qs\">PLR e Aumento Real<\/a>, e <a href=\"https:\/\/www.youtube.com\/watch?v=dm1N0pbyJfM\">Vale-Alimenta\u00e7\u00e3o<\/a>.<\/p>\n<p>No site, na aba \u201cCampanhas\u201d, foi criada uma p\u00e1gina espec\u00edfica \u201c<a href=\"https:\/\/contrafcut.com.br\/fecha-com-a-gente\/\">Fecha com a gente<\/a>\u201d, na qual tamb\u00e9m \u00e9 poss\u00edvel acessar os textos e outros materiais da campanha.<\/p>\n<figure class=\"wp-block-embed-youtube wp-block-embed is-type-video is-provider-youtube wp-embed-aspect-16-9 wp-has-aspect-ratio\">\n<div class=\"wp-block-embed__wrapper\">\u00a0<\/div>\n<\/figure>\n<\/div>\n<\/div>\n<div class=\"elementor-element elementor-element-12fb8eb elementor-widget elementor-widget-heading\" data-id=\"12fb8eb\" data-element_type=\"widget\" data-widget_type=\"heading.default\">\n<div class=\"elementor-widget-container\">\n<h2 class=\"elementor-heading-title elementor-size-medium\">{youtube}qA3CHaEbFKU&amp;feature=emb_title{\/youtube}<\/h2>\n<p>\u00a0<\/p>\n<p><strong>Fonte: Contraf-CUT<\/strong><\/p>\n<\/div>\n<\/div>\n<section class=\"has_eae_slider elementor-element elementor-element-539d262 elementor-section-boxed elementor-section-height-default elementor-section-height-default elementor-section elementor-inner-section\" data-id=\"539d262\" data-element_type=\"section\">\n<div class=\"elementor-container elementor-column-gap-default\">\u00a0<\/div>\n<\/section>\n","protected":false},"excerpt":{"rendered":"<p>A Confedera\u00e7\u00e3o Nacional dos Trabalhadores do Ramo Financeiro (Contraf-CUT) divulga, nesta segunda-feira (18), mais um v\u00eddeo da Campanha Fecha Com A Gente, desta vez, com o tema: Aux\u00edlio-Creche. O curta mostra a import\u00e2ncia da luta do sindicato para a conquista do direito ao reembolso das despesas de at\u00e9 R$ 488,91 com bab\u00e1s, creches e outras [&hellip;]<\/p>\n","protected":false},"author":2,"featured_media":7923,"comment_status":"","ping_status":"","sticky":false,"template":"","format":"standard","meta":{"footnotes":""},"categories":[3],"tags":[],"class_list":["post-7924","post","type-post","status-publish","format-standard","has-post-thumbnail","hentry","category-noticias"],"_links":{"self":[{"href":"https:\/\/hostnetart.com.br\/baixada\/wp-json\/wp\/v2\/posts\/7924","targetHints":{"allow":["GET"]}}],"collection":[{"href":"https:\/\/hostnetart.com.br\/baixada\/wp-json\/wp\/v2\/posts"}],"about":[{"href":"https:\/\/hostnetart.com.br\/baixada\/wp-json\/wp\/v2\/types\/post"}],"author":[{"embeddable":true,"href":"https:\/\/hostnetart.com.br\/baixada\/wp-json\/wp\/v2\/users\/2"}],"replies":[{"embeddable":true,"href":"https:\/\/hostnetart.com.br\/baixada\/wp-json\/wp\/v2\/comments?post=7924"}],"version-history":[{"count":0,"href":"https:\/\/hostnetart.com.br\/baixada\/wp-json\/wp\/v2\/posts\/7924\/revisions"}],"wp:featuredmedia":[{"embeddable":true,"href":"https:\/\/hostnetart.com.br\/baixada\/wp-json\/wp\/v2\/media\/7923"}],"wp:attachment":[{"href":"https:\/\/hostnetart.com.br\/baixada\/wp-json\/wp\/v2\/media?parent=7924"}],"wp:term":[{"taxonomy":"category","embeddable":true,"href":"https:\/\/hostnetart.com.br\/baixada\/wp-json\/wp\/v2\/categories?post=7924"},{"taxonomy":"post_tag","embeddable":true,"href":"https:\/\/hostnetart.com.br\/baixada\/wp-json\/wp\/v2\/tags?post=7924"}],"curies":[{"name":"wp","href":"https:\/\/api.w.org\/{rel}","templated":true}]}}