{"id":7920,"date":"2019-11-14T23:09:10","date_gmt":"2019-11-15T02:09:10","guid":{"rendered":"https:\/\/hostnetart.com.br\/baixada\/mobilizacao-dos-empregados-garante-jornada-de-seis-horas-ha-34-anos\/"},"modified":"2019-11-14T23:09:10","modified_gmt":"2019-11-15T02:09:10","slug":"mobilizacao-dos-empregados-garante-jornada-de-seis-horas-ha-34-anos","status":"publish","type":"post","link":"https:\/\/hostnetart.com.br\/baixada\/mobilizacao-dos-empregados-garante-jornada-de-seis-horas-ha-34-anos\/","title":{"rendered":"Mobiliza\u00e7\u00e3o dos empregados garante jornada de seis horas h\u00e1 34 anos"},"content":{"rendered":"<div class=\"elementor-element elementor-element-194680ec elementor-widget elementor-widget-theme-post-content\" data-id=\"194680ec\" data-element_type=\"widget\" data-widget_type=\"theme-post-content.default\">\n<div class=\"elementor-widget-container\">\n<p>A for\u00e7a da mobiliza\u00e7\u00e3o dos empregados da Caixa \u00e9 hist\u00f3rica e j\u00e1 que \u00e9 quinta-feira, merece ser #TBT. Ainda mais hoje, um dia depois do banco p\u00fablico pegar a todos empregados de surpresa ao enviar um comunicado de que \u201cj\u00e1 est\u00e3o em curso\u201d as medidas para a \u201cimplementa\u00e7\u00e3o da jornada legal\u201d de 8 horas para todos os banc\u00e1rios, exceto os caixas, atendendo ao que determina a MP 905\/2019, assinada pelo governo Bolsonaro na \u00faltima segunda (11).<\/p>\n<div class=\"wp-block-image\">\n<figure class=\"alignright is-resized\"><img fetchpriority=\"high\" decoding=\"async\" class=\"wp-image-275625 lazyloaded\" src=\"https:\/\/contrafcut.com.br\/wp-content\/uploads\/2019\/11\/whatsapp-image-2019-11-14-at-16-55-53.jpeg?x13647\" sizes=\"(max-width: 361px) 100vw, 361px\" srcset=\"https:\/\/contrafcut.com.br\/wp-content\/uploads\/2019\/11\/whatsapp-image-2019-11-14-at-16-55-53.jpeg 949w, https:\/\/contrafcut.com.br\/wp-content\/uploads\/2019\/11\/whatsapp-image-2019-11-14-at-16-55-53-171x230.jpeg 171w, https:\/\/contrafcut.com.br\/wp-content\/uploads\/2019\/11\/whatsapp-image-2019-11-14-at-16-55-53-768x1036.jpeg 768w\" alt=\"\" width=\"361\" height=\"486\" data-lazy-srcset=\"https:\/\/contrafcut.com.br\/wp-content\/uploads\/2019\/11\/whatsapp-image-2019-11-14-at-16-55-53.jpeg 949w, https:\/\/contrafcut.com.br\/wp-content\/uploads\/2019\/11\/whatsapp-image-2019-11-14-at-16-55-53-171x230.jpeg 171w, https:\/\/contrafcut.com.br\/wp-content\/uploads\/2019\/11\/whatsapp-image-2019-11-14-at-16-55-53-768x1036.jpeg 768w\" data-lazy-sizes=\"(max-width: 361px) 100vw, 361px\" data-lazy-src=\"https:\/\/contrafcut.com.br\/wp-content\/uploads\/2019\/11\/whatsapp-image-2019-11-14-at-16-55-53.jpeg?x13647\" data-was-processed=\"true\" \/><\/figure>\n<\/div>\n<p>O comunicado foi revogado na sequ\u00eancia, depois do Comando Nacional dos Banc\u00e1rios pressionar a Federa\u00e7\u00e3o Nacional dos Bancos para discutir as mudan\u00e7as em reuni\u00e3o. <a href=\"https:\/\/contrafcut.com.br\/noticias\/comando-nacional-dos-bancarios-conquista-suspensao-da-mp-905\/\">O resultado do encontro encerrado na tarde desta quinta-feira no Rio de Janeiro, ali\u00e1s, foi positivo para a categoria. O Comando tirou uma s\u00e9rie de orienta\u00e7\u00f5es aos sindicatos para organizar e manter a categoria mobilizada e atenta<\/a>.<\/p>\n<p>O coordenador da Comiss\u00e3o Executiva dos Empregados da Caixa (CEE\/Caixa), Dion\u00edsio Reis, lembrou que a jornada de seis horas e o n\u00e3o trabalho aos s\u00e1bados s\u00e3o conquistas dos banc\u00e1rios brasileiros que se somam a outros direitos que os trabalhadores conseguiram preservar, mesmo com a press\u00e3o dos governos liberais para revert\u00ea-los. \u201cOs empregados da Caixa lutaram nos anos 80 pela jornada de seis horas e para serem reconhecidos como banc\u00e1rios. Agora esse governo bo\u00e7al ataca direitos hist\u00f3ricos\u201d, protestou Dion\u00edsio.<\/p>\n<h3><strong>Greve hist\u00f3rica por seis horas<\/strong><\/h3>\n<p><a href=\"https:\/\/www.fenae.org.br\/portal\/fenae-portal\/noticias\/empregados-comemoram-34-anos-da-greve-nacional-na-caixa-pela-jornada-de-seis-horas-e-pelo-direito-a-sindicalizacao.htm\">Em 30 de outubro de 1985, os empregados da Caixa Econ\u00f4mica Federal deflagraram greve nacional pela efetiva\u00e7\u00e3o da jornada de seis horas e pelo direito \u00e0 sindicaliza\u00e7\u00e3o<\/a>. Naquela ocasi\u00e3o, os bra\u00e7os foram cruzados para que os trabalhadores do banco fossem reconhecidos, de fato e de direito, como integrantes da categoria banc\u00e1ria.<\/p>\n<p>A paralisa\u00e7\u00e3o durou 24 horas e atingiu ag\u00eancias e unidades da Caixa de todo o pa\u00eds, com ades\u00f5es de praticamente 100% dos trabalhadores. Foi o primeiro movimento de alcance nacional na hist\u00f3ria do banco. Foi um marco ao inaugurar, em termos definitivos, o movimento organizado dos empregados.<\/p>\n<h3><strong>Como tudo come\u00e7ou<\/strong><\/h3>\n<p>A greve pelas seis horas foi constru\u00edda a partir da mobiliza\u00e7\u00e3o dos auxiliares de escrit\u00f3rio, que buscavam ser enquadrados como escritur\u00e1rios na carreira t\u00e9cnico-administrativa. As atividades atribu\u00eddas aos auxiliares de escrit\u00f3rios eram iguais \u00e0s exercidas pelos escritur\u00e1rios, mas o piso para a nova fun\u00e7\u00e3o correspondia \u00e0 metade do sal\u00e1rio de ingresso previsto no Plano de Cargos e Sal\u00e1rios (PCS).<\/p>\n<p>Na tentativa de enfraquecer a mobiliza\u00e7\u00e3o dos auxiliares de escrit\u00f3rio, a Caixa realizou, em um primeiro momento, a maquiagem da mudan\u00e7a do nome da fun\u00e7\u00e3o para escritur\u00e1rio b\u00e1sico (EB) e depois um novo remendo com o Processo Seletivo Interno (PSI), mas a distor\u00e7\u00e3o e o rebaixamento salarial jamais foram solucionados.<\/p>\n<p>J\u00e1 a jornada de seis horas, com a greve de 30 de outubro de 1985, foi equacionada. A C\u00e2mara dos Deputados encaminhou, em regime de urg\u00eancia urgent\u00edssima, a vota\u00e7\u00e3o do Projeto de Lei 4.111-A, de autoria do ent\u00e3o deputado L\u00e9o Sim\u00f5es, que estendia tamb\u00e9m aos empregados da Caixa o direito \u00e0 jornada de seis horas, conquistada pela categoria banc\u00e1ria desde 1933.<\/p>\n<p>A lei foi sancionada pelo ent\u00e3o presidente Jos\u00e9 Sarney em 17 de dezembro de 1985. O \u201cDi\u00e1rio Oficial da Uni\u00e3o\u201d do dia seguinte trazia tamb\u00e9m a garantia do direito \u00e0 sindicaliza\u00e7\u00e3o, viabilizada com a altera\u00e7\u00e3o do par\u00e1grafo \u00fanico do artigo 556 da Consolida\u00e7\u00e3o das Leis do Trabalho (CLT).<\/p>\n<h3>#TBT<\/h3>\n<p>Tbt \u00e9 uma g\u00edria popular que significa throwback Thursday, e pode ser traduzida do ingl\u00eas como quinta-feira do retorno ou quinta-feira do regresso. A g\u00edria, simbolizada por #tbt, \u00e9 utilizada pelos usu\u00e1rios de redes sociais como hashtag para marcar fotos que se refiram ao passado e\/ou que deem saudades.<\/p>\n<p>\u00a0<\/p>\n<p><strong>Fonte: Contraf-CUT<\/strong><\/p>\n<\/div>\n<\/div>\n","protected":false},"excerpt":{"rendered":"<p>A for\u00e7a da mobiliza\u00e7\u00e3o dos empregados da Caixa \u00e9 hist\u00f3rica e j\u00e1 que \u00e9 quinta-feira, merece ser #TBT. Ainda mais hoje, um dia depois do banco p\u00fablico pegar a todos empregados de surpresa ao enviar um comunicado de que \u201cj\u00e1 est\u00e3o em curso\u201d as medidas para a \u201cimplementa\u00e7\u00e3o da jornada legal\u201d de 8 horas para [&hellip;]<\/p>\n","protected":false},"author":2,"featured_media":7919,"comment_status":"","ping_status":"","sticky":false,"template":"","format":"standard","meta":{"footnotes":""},"categories":[3],"tags":[],"class_list":["post-7920","post","type-post","status-publish","format-standard","has-post-thumbnail","hentry","category-noticias"],"_links":{"self":[{"href":"https:\/\/hostnetart.com.br\/baixada\/wp-json\/wp\/v2\/posts\/7920","targetHints":{"allow":["GET"]}}],"collection":[{"href":"https:\/\/hostnetart.com.br\/baixada\/wp-json\/wp\/v2\/posts"}],"about":[{"href":"https:\/\/hostnetart.com.br\/baixada\/wp-json\/wp\/v2\/types\/post"}],"author":[{"embeddable":true,"href":"https:\/\/hostnetart.com.br\/baixada\/wp-json\/wp\/v2\/users\/2"}],"replies":[{"embeddable":true,"href":"https:\/\/hostnetart.com.br\/baixada\/wp-json\/wp\/v2\/comments?post=7920"}],"version-history":[{"count":0,"href":"https:\/\/hostnetart.com.br\/baixada\/wp-json\/wp\/v2\/posts\/7920\/revisions"}],"wp:featuredmedia":[{"embeddable":true,"href":"https:\/\/hostnetart.com.br\/baixada\/wp-json\/wp\/v2\/media\/7919"}],"wp:attachment":[{"href":"https:\/\/hostnetart.com.br\/baixada\/wp-json\/wp\/v2\/media?parent=7920"}],"wp:term":[{"taxonomy":"category","embeddable":true,"href":"https:\/\/hostnetart.com.br\/baixada\/wp-json\/wp\/v2\/categories?post=7920"},{"taxonomy":"post_tag","embeddable":true,"href":"https:\/\/hostnetart.com.br\/baixada\/wp-json\/wp\/v2\/tags?post=7920"}],"curies":[{"name":"wp","href":"https:\/\/api.w.org\/{rel}","templated":true}]}}