{"id":7918,"date":"2019-11-14T23:06:53","date_gmt":"2019-11-15T02:06:53","guid":{"rendered":"https:\/\/hostnetart.com.br\/baixada\/comando-nacional-dos-bancarios-conquista-suspensao-da-mp-905\/"},"modified":"2019-11-14T23:06:53","modified_gmt":"2019-11-15T02:06:53","slug":"comando-nacional-dos-bancarios-conquista-suspensao-da-mp-905","status":"publish","type":"post","link":"https:\/\/hostnetart.com.br\/baixada\/comando-nacional-dos-bancarios-conquista-suspensao-da-mp-905\/","title":{"rendered":"Comando Nacional dos Banc\u00e1rios conquista suspens\u00e3o da MP 905"},"content":{"rendered":"<p>O Comando Nacional dos Banc\u00e1rios se reuniu nesta quinta-feira (14) com a Federa\u00e7\u00e3o Nacional dos Bancos (Fenaban) para tratar da <a href=\"http:\/\/www.planalto.gov.br\/ccivil_03\/_Ato2019-2022\/2019\/Mpv\/mpv905.htm\" target=\"_blank\" rel=\"noopener noreferrer\">Medida Provis\u00f3ria 905\/2019<\/a>, assinada pelo presidente Jair Bolsonaro na \u00faltima segunda-feira (11). O Comando Nacional conseguiu segurar a implanta\u00e7\u00e3o da Medida at\u00e9 que seja conclu\u00edda a negocia\u00e7\u00e3o com a representa\u00e7\u00e3o da categoria. A pr\u00f3xima reuni\u00e3o ser\u00e1 realizada no dia 26.<\/p>\n<p>\u201cFomos <a href=\"https:\/\/contrafcut.com.br\/noticias\/governo-bolsonaro-ataca-categoria-bancaria\/\" target=\"_blank\" rel=\"noopener noreferrer\">negativamente surpreendidos<\/a> pela publica\u00e7\u00e3o desta MP, que \u00e9, na verdade, um aprofundamento da reforma trabalhista\u201d, disse a presidenta da Confedera\u00e7\u00e3o Nacional dos Trabalhadores do Ramo Financeiro (Contraf-CUT), Juvandia Moreira, que \u00e9 uma das coordenadoras do Comando Nacional dos Banc\u00e1rios.<\/p>\n<p>Para Juvandia, o texto da MP n\u00e3o deixa d\u00favidas de que alguns artigos foram inclu\u00eddos a pedido dos bancos. \u201c\u00c9 a fal\u00e1cia do Estado M\u00ednimo, que na verdade s\u00f3 \u00e9 m\u00ednimo para o povo e m\u00e1ximo para os bancos\u201d.<\/p>\n<p>Durante a reuni\u00e3o desta quinta-feira, o Comando deixou claro que que repudia os pontos da MP e que n\u00e3o vai aceitar o trabalho aos s\u00e1bados; nem a extens\u00e3o da jornada para 44 horas semanais. Tampouco ser\u00e3o aceitas as altera\u00e7\u00f5es estipuladas pela MP que permitem a negocia\u00e7\u00e3o da PLR sem a participa\u00e7\u00e3o das entidades sindicais e que desrespeitem os pisos salariais da categoria, definidos na CCT.<\/p>\n<p>\u201cOs bancos pedem para que a gente negocie com eles antes de entrarmos com a\u00e7\u00e3o judicial ou tomar qualquer outra medida sindical. Mas, eles desrespeitam esse acordo e v\u00e3o tratar direto com o governo. N\u00e3o podemos admitir isso\u201d, disse a presidenta do Sindicato dos Banc\u00e1rios de S\u00e3o Paulo, Osasco e Regi\u00e3o, que coordena o Comando Nacional dos Banc\u00e1rios, Ivone Silva.<\/p>\n<p>Os bancos cederam \u00e0 press\u00e3o do comando e concordaram com a suspens\u00e3o da aplica\u00e7\u00e3o da MP at\u00e9 a nova negocia\u00e7\u00e3o.<\/p>\n<p>A proposta do Comando \u00e9 construir um aditivo \u00e0 CCT, v\u00e1lido at\u00e9 dezembro de 2020, que garanta todos os direitos da categoria e neutralize a MP em todos os pontos que atingem os banc\u00e1rios.<\/p>\n<p>A comiss\u00e3o de negocia\u00e7\u00e3o dos bancos se comprometeu a defender perante o setor a assinatura deste aditivo. Dia 26, ser\u00e3o debatidos os detalhes do texto do aditivo \u00e0 CCT.<\/p>\n<p>O Comando tirou uma s\u00e9rie de orienta\u00e7\u00f5es aos sindicatos para organizar e manter a categoria mobilizada e atenta.<\/p>\n<p><strong>Fonte:<\/strong> <strong>Contraf-CUT<\/strong><\/p>\n","protected":false},"excerpt":{"rendered":"<p>O Comando Nacional dos Banc\u00e1rios se reuniu nesta quinta-feira (14) com a Federa\u00e7\u00e3o Nacional dos Bancos (Fenaban) para tratar da Medida Provis\u00f3ria 905\/2019, assinada pelo presidente Jair Bolsonaro na \u00faltima segunda-feira (11). O Comando Nacional conseguiu segurar a implanta\u00e7\u00e3o da Medida at\u00e9 que seja conclu\u00edda a negocia\u00e7\u00e3o com a representa\u00e7\u00e3o da categoria. A pr\u00f3xima reuni\u00e3o [&hellip;]<\/p>\n","protected":false},"author":2,"featured_media":7917,"comment_status":"","ping_status":"","sticky":false,"template":"","format":"standard","meta":{"footnotes":""},"categories":[3],"tags":[],"class_list":["post-7918","post","type-post","status-publish","format-standard","has-post-thumbnail","hentry","category-noticias"],"_links":{"self":[{"href":"https:\/\/hostnetart.com.br\/baixada\/wp-json\/wp\/v2\/posts\/7918","targetHints":{"allow":["GET"]}}],"collection":[{"href":"https:\/\/hostnetart.com.br\/baixada\/wp-json\/wp\/v2\/posts"}],"about":[{"href":"https:\/\/hostnetart.com.br\/baixada\/wp-json\/wp\/v2\/types\/post"}],"author":[{"embeddable":true,"href":"https:\/\/hostnetart.com.br\/baixada\/wp-json\/wp\/v2\/users\/2"}],"replies":[{"embeddable":true,"href":"https:\/\/hostnetart.com.br\/baixada\/wp-json\/wp\/v2\/comments?post=7918"}],"version-history":[{"count":0,"href":"https:\/\/hostnetart.com.br\/baixada\/wp-json\/wp\/v2\/posts\/7918\/revisions"}],"wp:featuredmedia":[{"embeddable":true,"href":"https:\/\/hostnetart.com.br\/baixada\/wp-json\/wp\/v2\/media\/7917"}],"wp:attachment":[{"href":"https:\/\/hostnetart.com.br\/baixada\/wp-json\/wp\/v2\/media?parent=7918"}],"wp:term":[{"taxonomy":"category","embeddable":true,"href":"https:\/\/hostnetart.com.br\/baixada\/wp-json\/wp\/v2\/categories?post=7918"},{"taxonomy":"post_tag","embeddable":true,"href":"https:\/\/hostnetart.com.br\/baixada\/wp-json\/wp\/v2\/tags?post=7918"}],"curies":[{"name":"wp","href":"https:\/\/api.w.org\/{rel}","templated":true}]}}