{"id":7916,"date":"2019-11-14T23:06:00","date_gmt":"2019-11-15T02:06:00","guid":{"rendered":"https:\/\/hostnetart.com.br\/baixada\/comando-nacional-dos-bancarios-pede-respeito-a-cct\/"},"modified":"2019-11-14T23:06:00","modified_gmt":"2019-11-15T02:06:00","slug":"comando-nacional-dos-bancarios-pede-respeito-a-cct","status":"publish","type":"post","link":"https:\/\/hostnetart.com.br\/baixada\/comando-nacional-dos-bancarios-pede-respeito-a-cct\/","title":{"rendered":"Comando Nacional dos Banc\u00e1rios pede respeito \u00e0 CCT"},"content":{"rendered":"<p>Em reuni\u00e3o com a Fenaban, o Comando Nacional dos Banc\u00e1rixs afirmou o rep\u00fadio \u00e0 MP 905. E ap\u00f3s os representantes das institui\u00e7\u00f5es financeiras informarem que 40 bancos j\u00e1 haviam manifestado que iriam cumprir, de imediato, a Medida, com jornada de 44 horas para todos, de segunda a s\u00e1bado, o Comando comunicou que se eles aplicarem v\u00e3o reabrir a Campanha Nacional.<\/p>\n<p> Cobramos a n\u00e3o aplica\u00e7\u00e3o do aumento da jornada; o n\u00e3o trabalho aos finais de semana e o compromisso de PLR s\u00f3 com negocia\u00e7\u00e3o com os sindicatos.<\/p>\n<p> Os bancos pediram uma pausa e a negocia\u00e7\u00e3o est\u00e1 suspensa aguardando resposta.<\/p>\n<p> <strong>Fonte:<\/strong> <strong>Contraf-CUT<\/strong><\/p>\n<p>\u00a0<\/p>\n","protected":false},"excerpt":{"rendered":"<p>Em reuni\u00e3o com a Fenaban, o Comando Nacional dos Banc\u00e1rixs afirmou o rep\u00fadio \u00e0 MP 905. E ap\u00f3s os representantes das institui\u00e7\u00f5es financeiras informarem que 40 bancos j\u00e1 haviam manifestado que iriam cumprir, de imediato, a Medida, com jornada de 44 horas para todos, de segunda a s\u00e1bado, o Comando comunicou que se eles aplicarem [&hellip;]<\/p>\n","protected":false},"author":2,"featured_media":7915,"comment_status":"","ping_status":"","sticky":false,"template":"","format":"standard","meta":{"footnotes":""},"categories":[3],"tags":[],"class_list":["post-7916","post","type-post","status-publish","format-standard","has-post-thumbnail","hentry","category-noticias"],"_links":{"self":[{"href":"https:\/\/hostnetart.com.br\/baixada\/wp-json\/wp\/v2\/posts\/7916","targetHints":{"allow":["GET"]}}],"collection":[{"href":"https:\/\/hostnetart.com.br\/baixada\/wp-json\/wp\/v2\/posts"}],"about":[{"href":"https:\/\/hostnetart.com.br\/baixada\/wp-json\/wp\/v2\/types\/post"}],"author":[{"embeddable":true,"href":"https:\/\/hostnetart.com.br\/baixada\/wp-json\/wp\/v2\/users\/2"}],"replies":[{"embeddable":true,"href":"https:\/\/hostnetart.com.br\/baixada\/wp-json\/wp\/v2\/comments?post=7916"}],"version-history":[{"count":0,"href":"https:\/\/hostnetart.com.br\/baixada\/wp-json\/wp\/v2\/posts\/7916\/revisions"}],"wp:featuredmedia":[{"embeddable":true,"href":"https:\/\/hostnetart.com.br\/baixada\/wp-json\/wp\/v2\/media\/7915"}],"wp:attachment":[{"href":"https:\/\/hostnetart.com.br\/baixada\/wp-json\/wp\/v2\/media?parent=7916"}],"wp:term":[{"taxonomy":"category","embeddable":true,"href":"https:\/\/hostnetart.com.br\/baixada\/wp-json\/wp\/v2\/categories?post=7916"},{"taxonomy":"post_tag","embeddable":true,"href":"https:\/\/hostnetart.com.br\/baixada\/wp-json\/wp\/v2\/tags?post=7916"}],"curies":[{"name":"wp","href":"https:\/\/api.w.org\/{rel}","templated":true}]}}