{"id":7908,"date":"2019-11-13T17:42:53","date_gmt":"2019-11-13T20:42:53","guid":{"rendered":"https:\/\/hostnetart.com.br\/baixada\/negros-no-brasil-mais-desemprego-menos-renda-menor-presenca-parlamentar-e-principal-vitima-de-homicidios\/"},"modified":"2019-11-13T17:42:53","modified_gmt":"2019-11-13T20:42:53","slug":"negros-no-brasil-mais-desemprego-menos-renda-menor-presenca-parlamentar-e-principal-vitima-de-homicidios","status":"publish","type":"post","link":"https:\/\/hostnetart.com.br\/baixada\/negros-no-brasil-mais-desemprego-menos-renda-menor-presenca-parlamentar-e-principal-vitima-de-homicidios\/","title":{"rendered":"Negros no Brasil: mais desemprego, menos renda, menor presen\u00e7a parlamentar e principal v\u00edtima de homic\u00eddios"},"content":{"rendered":"<p>Dados divulgados nesta quarta-feira (13) pelo IBGE, referentes a 2018, refor\u00e7am o cen\u00e1rio de discrimina\u00e7\u00e3o, sob v\u00e1rios aspectos \u2013 pol\u00edtico e socioecon\u00f4mico \u2013, contra os negros.\u00a0 Eles s\u00e3o maioria entre os desempregados, recebem menos, t\u00eam menor representa\u00e7\u00e3o parlamentar e s\u00e3o as principais v\u00edtimas de homic\u00eddios no pa\u00eds, conforme mostra o estudo\u00a0<em>Desigualdades Sociais por Cor ou Ra\u00e7a no Brasil<\/em>, cujo download pode ser feito\u00a0<a href=\"https:\/\/biblioteca.ibge.gov.br\/index.php\/biblioteca-catalogo?view=detalhes&amp;id=2101681\" target=\"_blank\" rel=\"noopener noreferrer\">aqui<\/a>.<\/p>\n<p>No mercado de trabalho, por exemplo, pretos e pardos (classifica\u00e7\u00e3o usada pelo IBGE) representam 64,2% dos desempregados e 66,1% dos chamados subutilizados. Quase metade (47,3%) estava em ocupa\u00e7\u00f5es informais, ante 34,6% dos trabalhadores brancos.<\/p>\n<p>Al\u00e9m disso, o rendimento m\u00e9dio mensal dos brancos (R$ 2.796) \u00e9 73,9% superior ao de pretos e pardos (R$ 1.608). \u201cOs brancos com n\u00edvel superior completo ganhavam por hora 45% a mais do que os pretos ou pardos com o mesmo n\u00edvel de instru\u00e7\u00e3o\u201d, informa o instituto. Entre os cargos de ger\u00eancia, s\u00f3 29,9% s\u00e3o ocupados por profissionais pretos ou pardos.<\/p>\n<p>A desigualdade se revela tamb\u00e9m no item distribui\u00e7\u00e3o de renda. Os pretos ou pardos representam 75,2% do grupo populacional que t\u00eam os menores rendimentos. E s\u00e3o apenas 27,7% dos 10% da popula\u00e7\u00e3o com maior renda.<\/p>\n<p>Al\u00e9m disso, eles s\u00e3o mais atingidos pela viol\u00eancia, como mostram os indicadores. \u201cEm todos os grupos et\u00e1rios, a taxa de homic\u00eddios dos pretos ou pardos superou a dos brancos\u201d, aponta o IBGE. Em 2017, a taxa de homic\u00eddios para para pretos ou pardos de 15 a 29 anos, por exemplo, chegou a 98,5, ante 34 dos brancos. Para jovens pretos ou pardos do sexo masculino, chega a 185.<\/p>\n<p>A taxa \u00e9 calculada pelo\u00a0quociente entre o n\u00famero total de homic\u00eddios registrados no Sistema de Informa\u00e7\u00f5es de Mortalidade (SIM), do Minist\u00e9rio da Sa\u00fade, e a popula\u00e7\u00e3o do pa\u00eds, multiplicado por 100 mil habitantes. Em 2017, esse \u00edndice foi de 16 para brancos e 43,4 para pretos ou pardos. \u201cOu seja, uma pessoa preta ou parda tinha 2,7 vezes mais chances de ser v\u00edtima de homic\u00eddio do que uma pessoa branca\u201d, constata o instituto.<\/p>\n<h5>\u2018Olha sua cor\u2019<\/h5>\n<p>As diferen\u00e7as tamb\u00e9m se notam na vida parlamentar. Pretos ou pardos s\u00e3o apenas 24,4% dos deputados federais, 28,9% dos estaduais e 42,1% dos vereadores eleitos.<\/p>\n<p>Na educa\u00e7\u00e3o, pretos ou pardos passaram a ser mais da metade (50,3%) dos estudantes do ensino superior da rede p\u00fablica. Mas o IBGE observa que continuam sub-representados, por serem 55,8% da popula\u00e7\u00e3o. O percentual de pretos ou pardos estudantes de 18 a 24 anos cursando n\u00edvel superior aumentou e chegou a 55,6%, mas tamb\u00e9m fica abaixo dos brancos (78,8%). O percentual de jovens com menos de 11 anos de estudo e que n\u00e3o frequentava escola caiu para 28,8%, ante 17,4% dos brancos.<\/p>\n<p>Al\u00e9m de todos os dados refor\u00e7arem a evid\u00eancia de que o Brasil \u00e9 um pa\u00eds com preconceito, \u00e0s vezes a discrimina\u00e7\u00e3o surge de maneira expl\u00edcita. No \u00faltimo domingo (10), durante partida entre Atl\u00e9tico e Cruzeiro no Mineir\u00e3o, em Belo Horizonte, dois torcedores foram flagrados ofendendo o seguran\u00e7a F\u00e1bio Coutinho. \u201cOlha sua cor!\u201d, bradou um deles. Depois de identificados, tentaram se justificar, dizendo, por exemplo, que t\u00eam \u201camigos negros\u201d e, inclusive, \u201cnegros que cortam meu cabelo\u201d.<\/p>\n<p>O Atl\u00e9tico-MG informou que excluiu Adrierre e Natan Siqueira Silva do quadro de s\u00f3cios-torcedores. \u201cEnt\u00e3o, pela minha cor, eu sou inferior a outro ser humano?\u201d, disse Coutinho, ainda triste com o epis\u00f3dio.<\/p>\n<p><span style=\"text-decoration: underline;\"><strong>Fonte: Rede Brasil Atual<\/strong><\/span><\/p>\n","protected":false},"excerpt":{"rendered":"<p>Dados divulgados nesta quarta-feira (13) pelo IBGE, referentes a 2018, refor\u00e7am o cen\u00e1rio de discrimina\u00e7\u00e3o, sob v\u00e1rios aspectos \u2013 pol\u00edtico e socioecon\u00f4mico \u2013, contra os negros.\u00a0 Eles s\u00e3o maioria entre os desempregados, recebem menos, t\u00eam menor representa\u00e7\u00e3o parlamentar e s\u00e3o as principais v\u00edtimas de homic\u00eddios no pa\u00eds, conforme mostra o estudo\u00a0Desigualdades Sociais por Cor ou [&hellip;]<\/p>\n","protected":false},"author":2,"featured_media":7907,"comment_status":"","ping_status":"","sticky":false,"template":"","format":"standard","meta":{"footnotes":""},"categories":[3],"tags":[],"class_list":["post-7908","post","type-post","status-publish","format-standard","has-post-thumbnail","hentry","category-noticias"],"_links":{"self":[{"href":"https:\/\/hostnetart.com.br\/baixada\/wp-json\/wp\/v2\/posts\/7908","targetHints":{"allow":["GET"]}}],"collection":[{"href":"https:\/\/hostnetart.com.br\/baixada\/wp-json\/wp\/v2\/posts"}],"about":[{"href":"https:\/\/hostnetart.com.br\/baixada\/wp-json\/wp\/v2\/types\/post"}],"author":[{"embeddable":true,"href":"https:\/\/hostnetart.com.br\/baixada\/wp-json\/wp\/v2\/users\/2"}],"replies":[{"embeddable":true,"href":"https:\/\/hostnetart.com.br\/baixada\/wp-json\/wp\/v2\/comments?post=7908"}],"version-history":[{"count":0,"href":"https:\/\/hostnetart.com.br\/baixada\/wp-json\/wp\/v2\/posts\/7908\/revisions"}],"wp:featuredmedia":[{"embeddable":true,"href":"https:\/\/hostnetart.com.br\/baixada\/wp-json\/wp\/v2\/media\/7907"}],"wp:attachment":[{"href":"https:\/\/hostnetart.com.br\/baixada\/wp-json\/wp\/v2\/media?parent=7908"}],"wp:term":[{"taxonomy":"category","embeddable":true,"href":"https:\/\/hostnetart.com.br\/baixada\/wp-json\/wp\/v2\/categories?post=7908"},{"taxonomy":"post_tag","embeddable":true,"href":"https:\/\/hostnetart.com.br\/baixada\/wp-json\/wp\/v2\/tags?post=7908"}],"curies":[{"name":"wp","href":"https:\/\/api.w.org\/{rel}","templated":true}]}}