{"id":7904,"date":"2019-11-13T17:40:30","date_gmt":"2019-11-13T20:40:30","guid":{"rendered":"https:\/\/hostnetart.com.br\/baixada\/caixa-lucra-r-16-bi-mas-encerra-1-341-postos-de-trabalho\/"},"modified":"2019-11-13T17:40:30","modified_gmt":"2019-11-13T20:40:30","slug":"caixa-lucra-r-16-bi-mas-encerra-1-341-postos-de-trabalho","status":"publish","type":"post","link":"https:\/\/hostnetart.com.br\/baixada\/caixa-lucra-r-16-bi-mas-encerra-1-341-postos-de-trabalho\/","title":{"rendered":"Caixa Lucra R$ 16 bi, mas encerra 1.341 postos de trabalho"},"content":{"rendered":"<p>No mesmo dia em que os empregados da Caixa se mobilizavam em mais um Dia Nacional de Luta em defesa da Caixa, o banco estatal divulgou nesta ter\u00e7a-feira (12) o lucro l\u00edquido cont\u00e1bil de R$ 16,158 bilh\u00f5es, nos primeiros nove meses de 2019. Os n\u00fameros representam um crescimento de 40,9% com rela\u00e7\u00e3o ao mesmo per\u00edodo de 2018. Considerando-se o lucro, apenas, do 3\u00ba trimestre (de R$ 8,0 bilh\u00f5es), o crescimento foi de 90,6% frente ao resultado do 2\u00ba trimestre.<\/p>\n<p>Segundo o Banco, o lucro foi impactado principalmente pela evolu\u00e7\u00e3o de 20,4% na margem financeira, a redu\u00e7\u00e3o de 6,4% nas despesas de provis\u00e3o para cr\u00e9ditos liquida\u00e7\u00e3o duvidosa (PCLD) e pela estabilidade nas receitas de presta\u00e7\u00e3o de servi\u00e7os. O retorno sobre o patrim\u00f4nio l\u00edquido (rentabilidade) ficou em 14,2%, com queda de 5,0 p.p. em rela\u00e7\u00e3o a setembro de 2018.<\/p>\n<p>Mesmo com os \u00f3timos resultados, a Caixa fechou 1.341 postos de trabalho em rela\u00e7\u00e3o ao mesmo per\u00edodo de 2018. Foram fechadas ainda cinco ag\u00eancias, 41 PA\u2019s, 68 lot\u00e9ricos e 463 Correspondentes Caixa Aqui. Por sua vez, o n\u00famero de cliente cresceu em mais de 10 milh\u00f5es, chegando a 101,8 milh\u00f5es de clientes.<\/p>\n<p>De acordo com Dion\u00edsio Reis, coordenador da Comiss\u00e3o Executivo dos Empregados (CEE) da Caixa, os n\u00fameros s\u00f3 evidenciam a import\u00e2ncia de atividades como as realizadas nesta ter\u00e7a-feira. \u201cNesses momentos, discutindo com a popula\u00e7\u00e3o a import\u00e2ncia da Caixa para os brasileiros e para o desenvolvimento do pa\u00eds e com os empregados da Caixa, a import\u00e2ncia da mobiliza\u00e7\u00e3o na luta da manuten\u00e7\u00e3o de seus direitos.\u201d<\/p>\n<p>A carteira de cr\u00e9dito ampliada atingiu R$ 683,2 bilh\u00f5es, com queda de 1,5% em doze meses, mas, permanecendo praticamente est\u00e1vel no trimestre. A Carteira Comercial Pessoa F\u00edsica (PF) teve queda de 4,2% em doze meses, totalizando R$ 81,5 bilh\u00f5es. A Carteira Comercial Pessoa Jur\u00eddica (PJ), apresentou queda maior (-29,7%), somando R$ 40,2 bilh\u00f5es. O cr\u00e9dito imobili\u00e1rio cresceu 3,6%, num total de R$ 456,3 bilh\u00f5es, e a carteira de infraestrutura teve queda de 1,7%, totalizando R$ 81,7 bilh\u00f5es. As varia\u00e7\u00f5es na carteira est\u00e3o de acordo \u00e0 estrat\u00e9gia do banco de priorizar concess\u00f5es nos segmentos ligados a microempresas e fomento ao cr\u00e9dito imobili\u00e1rio.<\/p>\n<p>A taxa de inadimpl\u00eancia para atrasos superiores a 90 dias foi de 2,38%, com redu\u00e7\u00e3o de 0,06 p.p. As receitas de presta\u00e7\u00e3o de servi\u00e7os e com tarifas banc\u00e1rias permaneceram praticamente est\u00e1vel em rela\u00e7\u00e3o a setembro de 2019, totalizando R$ 20,2 bilh\u00f5es. J\u00e1 as despesas de pessoal, considerando-se a PLR, apresentaram expans\u00e3o de 4,6%, atingindo R$ 17,3 bilh\u00f5es. Com isso a cobertura das despesas de pessoal pelas receitas secund\u00e1rias do banco foi de 116,41%.<\/p>\n<p>A Contraf-CUT participar\u00e1 de um encontro, nesta quarta-feira (13), das 9h \u00e0s 17h30, para discutir as negocia\u00e7\u00f5es coletivas dos trabalhadores das empresas estatais federais, ocorridas em 2019. A atividade acontecer\u00e1 no audit\u00f3rio do Sindicato dos Banc\u00e1rios do Rio de Janeiro.<\/p>\n<p>Na pauta, ser\u00e3o discutidos a conjuntura das negocia\u00e7\u00f5es; as negocia\u00e7\u00f5es na vis\u00e3o das entidades sindicais; um balan\u00e7o do conjunto das negocia\u00e7\u00f5es e da atua\u00e7\u00e3o do Estado (Empresas, Governo Federal e Judici\u00e1rio); e uma discuss\u00e3o sobre poss\u00edveis desdobramentos do encontro para o ano de 2020.<\/p>\n<p><strong>Fonte: Contraf-CUT<\/strong><\/p>\n","protected":false},"excerpt":{"rendered":"<p>No mesmo dia em que os empregados da Caixa se mobilizavam em mais um Dia Nacional de Luta em defesa da Caixa, o banco estatal divulgou nesta ter\u00e7a-feira (12) o lucro l\u00edquido cont\u00e1bil de R$ 16,158 bilh\u00f5es, nos primeiros nove meses de 2019. Os n\u00fameros representam um crescimento de 40,9% com rela\u00e7\u00e3o ao mesmo per\u00edodo [&hellip;]<\/p>\n","protected":false},"author":2,"featured_media":7903,"comment_status":"","ping_status":"","sticky":false,"template":"","format":"standard","meta":{"footnotes":""},"categories":[3],"tags":[],"class_list":["post-7904","post","type-post","status-publish","format-standard","has-post-thumbnail","hentry","category-noticias"],"_links":{"self":[{"href":"https:\/\/hostnetart.com.br\/baixada\/wp-json\/wp\/v2\/posts\/7904","targetHints":{"allow":["GET"]}}],"collection":[{"href":"https:\/\/hostnetart.com.br\/baixada\/wp-json\/wp\/v2\/posts"}],"about":[{"href":"https:\/\/hostnetart.com.br\/baixada\/wp-json\/wp\/v2\/types\/post"}],"author":[{"embeddable":true,"href":"https:\/\/hostnetart.com.br\/baixada\/wp-json\/wp\/v2\/users\/2"}],"replies":[{"embeddable":true,"href":"https:\/\/hostnetart.com.br\/baixada\/wp-json\/wp\/v2\/comments?post=7904"}],"version-history":[{"count":0,"href":"https:\/\/hostnetart.com.br\/baixada\/wp-json\/wp\/v2\/posts\/7904\/revisions"}],"wp:featuredmedia":[{"embeddable":true,"href":"https:\/\/hostnetart.com.br\/baixada\/wp-json\/wp\/v2\/media\/7903"}],"wp:attachment":[{"href":"https:\/\/hostnetart.com.br\/baixada\/wp-json\/wp\/v2\/media?parent=7904"}],"wp:term":[{"taxonomy":"category","embeddable":true,"href":"https:\/\/hostnetart.com.br\/baixada\/wp-json\/wp\/v2\/categories?post=7904"},{"taxonomy":"post_tag","embeddable":true,"href":"https:\/\/hostnetart.com.br\/baixada\/wp-json\/wp\/v2\/tags?post=7904"}],"curies":[{"name":"wp","href":"https:\/\/api.w.org\/{rel}","templated":true}]}}