{"id":7900,"date":"2019-11-12T18:28:50","date_gmt":"2019-11-12T21:28:50","guid":{"rendered":"https:\/\/hostnetart.com.br\/baixada\/reforma-da-previdencia-entra-em-vigor-e-pode-ser-o-comeco-do-fim-da-aposentadoria-publica\/"},"modified":"2019-11-12T18:28:50","modified_gmt":"2019-11-12T21:28:50","slug":"reforma-da-previdencia-entra-em-vigor-e-pode-ser-o-comeco-do-fim-da-aposentadoria-publica","status":"publish","type":"post","link":"https:\/\/hostnetart.com.br\/baixada\/reforma-da-previdencia-entra-em-vigor-e-pode-ser-o-comeco-do-fim-da-aposentadoria-publica\/","title":{"rendered":"\u2018Reforma\u2019 da Previd\u00eancia entra em vigor e pode ser o come\u00e7o do fim da aposentadoria p\u00fablica"},"content":{"rendered":"<p>O Congresso Nacional promulga nesta ter\u00e7a-feira (12) a emenda que modifica as regras para que os trabalhadores possam ter acesso a aposentadoria. A PEC 6\/2019 passa agora a ser chamada de Emenda Constitucional 103\/2019. Diante dos obst\u00e1culos criados, em rela\u00e7\u00e3o a amplia\u00e7\u00e3o da idade m\u00ednima e do tempo de contribui\u00e7\u00e3o, a EC 103, um dos primeiro atos do governo Bolsonaro, p\u00f5e em risco a sustentabilidade da Previd\u00eancia p\u00fablica no futuro.<\/p>\n<p>Votada pelo Senado Federal em segundo turno no dia 23 de outubro, a \u201c<a href=\"https:\/\/www.redebrasilatual.com.br\/trabalho\/2019\/04\/cut-vox-65-reprovam-reforma-da-previdencia-de-bolsonaro\/\">Nova Previd\u00eancia<\/a>\u201d significou corte de mais de R$ 800 bilh\u00f5es em direitos. O que o governo chama de \u201ceconomia\u201d representa, na verdade, R$ 800 bilh\u00f5es retirados da popula\u00e7\u00e3o na forma de redu\u00e7\u00e3o dos valores de benef\u00edcios, amplia\u00e7\u00e3o do tempo de contribui\u00e7\u00e3o e, para milh\u00f5es de trabalhadores,\u00a0<a href=\"https:\/\/www.redebrasilatual.com.br\/politica\/2019\/09\/maldades-reforma-previdencia-bolsonaro\/\" target=\"_blank\" rel=\"noopener noreferrer\">a inviabiliza\u00e7\u00e3o do acesso \u00e0 aposentadoria<\/a>.<\/p>\n<p>Em nota t\u00e9cnica, o Dieese analisa as\u00a0<a href=\"https:\/\/www.dieese.org.br\/notatecnica\/2019\/notaTec214ReformaPrevidenciaAprovada.html\">principais mudan\u00e7as<\/a>\u00a0na lei da Previd\u00eancia. \u201cA reforma acabou diferindo em grande medida da proposta inicial do governo\u201d, informa o instituto. \u201cAinda assim, o que foi aprovado cont\u00e9m potencial impacto social preocupante.\u201d<\/p>\n<h5>Menos a receber<\/h5>\n<p>O valor das aposentadorias e das pens\u00f5es acima do sal\u00e1rio m\u00ednimo ir\u00e1<a href=\"https:\/\/www.redebrasilatual.com.br\/trabalho\/2019\/09\/valor-aposentadorias-cair-reforma\/\">\u00a0diminuir muito<\/a>, mesmo para os trabalhadores que t\u00eam sal\u00e1rios\u00a0<a href=\"https:\/\/www.redebrasilatual.com.br\/trabalho\/2019\/08\/reforma-reduz-valor-das-aposentadorias-pagas-mesmo-aos-trabalhadores-com-baixos-salarios\/\">pouco acima do m\u00ednimo<\/a>\u00a0legal. A nova lei passa a incluir todos os sal\u00e1rios de contribui\u00e7\u00e3o desde 1994 ou do in\u00edcio do per\u00edodo contributivo, sem desprezar os 20% menores valores, como ocorre atualmente. E isso far\u00e1 com que o valor das novas aposentadorias caia de imediato.<\/p>\n<p>Diante da crise de desemprego que assola o pa\u00eds, para muitos trabalhadores a eleva\u00e7\u00e3o da idade m\u00ednima para se aposentar (65 anos para homens e 62 anos para mulheres) significar\u00e1 alguns anos na inatividade, sem renda do trabalho ou de proventos da previd\u00eancia, avalia o Dieese. Mesmo para aqueles que se encaixam nas regras de transi\u00e7\u00e3o ser\u00e1 necess\u00e1rio trabalhar mais tempo para conseguir se aposentar, e com valores inferiores aos que receberiam pelas regras atuais.<\/p>\n<p>Num c\u00edrculo vicioso, tudo isso levar\u00e1 \u00e0 redu\u00e7\u00e3o de dinheiro em circula\u00e7\u00e3o na economia. Por consequ\u00eancia, haver\u00e1 menos postos de trabalho e queda na contribui\u00e7\u00e3o para a Previd\u00eancia p\u00fablica. Quem tiver dinheiro, migrar\u00e1 para a previd\u00eancia privada mantidas pelos bancos.<\/p>\n<p>Jovens que ingressam no mercado de trabalho aos 18, 20 anos ser\u00e3o desestimulados a come\u00e7ar a contribuir, o que, junto com a onde de crescimento da informalidade e do trabalho prec\u00e1rio, afetar\u00e1 as receitas da Previd\u00eancia e\u00a0<a href=\"https:\/\/www.redebrasilatual.com.br\/trabalho\/2019\/05\/reforma-da-previdencia-desestrutura-a-familia-brasileira-do-jovem-aos-avos\/\" target=\"_blank\" rel=\"noopener noreferrer\">colocar\u00e1 em risco a o financiamento<\/a>\u00a0do sistema p\u00fablico.<\/p>\n<p>O Dieese alerta, ainda, que o trabalho em\u00a0<a href=\"https:\/\/www.redebrasilatual.com.br\/destaques\/2019\/09\/fim-da-aposentadoria-especial-e-o-maior-crime-da-reforma-da-previdencia-afirma-paim\/\">condi\u00e7\u00f5es insalubres e desgastantes<\/a>\u00a0ser\u00e1 prolongado. \u201cSem falar na incerteza gerada pela desconstitucionaliza\u00e7\u00e3o dos requisitos de aposentadoria: para os futuros segurados do sexo masculino, a eleva\u00e7\u00e3o do tempo m\u00ednimo de contribui\u00e7\u00e3o para 20 anos pode dificultar ou, at\u00e9 mesmo, impedir a aposentadoria na velhice.\u201d\u00a0<\/p>\n<hr \/>\n<h1>\u2022\u00a0<a href=\"https:\/\/www12.senado.leg.br\/noticias\/infograficos\/2019\/11\/as-regras-de-transicao-para-trabalhadores-em-atividade\" target=\"_blank\" rel=\"noopener noreferrer\">Confira aqui as regras de transi\u00e7\u00e3o para quem j\u00e1 est\u00e1 na ativa<\/a><\/h1>\n<hr \/>\n<h3><strong>Riscos ao futuro<\/strong><\/h3>\n<p>Uma s\u00e9rie de itens mantidos pelo Senado e pela C\u00e2mara, na proposta de Bolsonaro, tamb\u00e9m colocam em risco o futuro da Previd\u00eancia p\u00fablica.<\/p>\n<p>O principal deles \u00e9 a desconstitucionaliza\u00e7\u00e3o de regras previdenci\u00e1rias. Lei complementar (que requer menos votos de parlamentares para aprova\u00e7\u00e3o) definir\u00e1, por exemplo, o tempo de contribui\u00e7\u00e3o e demais crit\u00e9rios de concess\u00e3o da aposentadoria pelo RPPS da Uni\u00e3o (o regime de previd\u00eancia dos servidores p\u00fablicos), como idade m\u00ednima e outras condi\u00e7\u00f5es especiais para servidores com defici\u00eancia, de policiais e de quem trabalha exposto a agentes nocivos.<\/p>\n<p>Constitui\u00e7\u00f5es estaduais, leis org\u00e2nicas municipais, leis complementares e leis ordin\u00e1rias definir\u00e3o as idades m\u00ednimas, tempo de contribui\u00e7\u00e3o e demais crit\u00e9rios para a aposentadoria de\u00a0<a href=\"https:\/\/www.dieese.org.br\/notatecnica\/2019\/notaTecEspecialNov2019.html\">servidores estaduais e municipais<\/a>. Leis ordin\u00e1rias fixar\u00e3o, entre outras regras, o tempo m\u00ednimo de contribui\u00e7\u00e3o para a aposentadoria (inclusive especiais), o c\u00e1lculo do valor das aposentadorias e as regras para a concess\u00e3o da pens\u00e3o por morte dos trabalhadores e servidores vinculados ao Regime Geral de Previd\u00eancia social (RSPS, a aposentadoria do INSS).<\/p>\n<p>Dependendo de lei complementar, ampliou-se a possibilidade de oferta de benef\u00edcios pelo setor privado, concorrencialmente \u00e0 previd\u00eancia p\u00fablica, o que hoje se limita ao seguro acidente de trabalho.<\/p>\n<p>Por fim, avisa do Dieese, o governo diz ter a inten\u00e7\u00e3o de voltar com a proposta de cria\u00e7\u00e3o de um regime de capitaliza\u00e7\u00e3o, apesar do recha\u00e7o generalizado na sociedade e no Congresso a esse tipo de proposta e dos problemas vivenciados em pa\u00edses que o adotaram, como exemplificado no caso do Chile.<\/p>\n<h3>E ainda tem a PEC paralela<\/h3>\n<p>A reforma da previd\u00eancia lei deixou para tr\u00e1s uma s\u00e9rie de pontos divergentes que ser\u00e3o, ainda, tratados na PEC paralela, de n\u00famero 133.<\/p>\n<p>A inclus\u00e3o de servidores estaduais e municipais nas novas regras, por exemplo, est\u00e3o nessa PEC paralela que ser\u00e1 apreciada em duas rodadas de vota\u00e7\u00e3o, no Senado e, em seguida, na C\u00e2mara.<\/p>\n<p>Para adotar as mesmas regras previstas para os servidores da Uni\u00e3o, estados e munic\u00edpios dever\u00e3o aprovar uma lei ordin\u00e1ria nas assembleias legislativas. Munic\u00edpios que n\u00e3o apresentarem projeto, estar\u00e3o inclu\u00eddos nas regras que os estados decidirem. Para rejeitar as regras da reforma do governo Bolsonaro, dever\u00e3o aprovar isso em projeto de lei.<\/p>\n<p>\u00a0<\/p>\n<p><strong>Fonte: Rede Brasil Atual<\/strong><\/p>\n","protected":false},"excerpt":{"rendered":"<p>O Congresso Nacional promulga nesta ter\u00e7a-feira (12) a emenda que modifica as regras para que os trabalhadores possam ter acesso a aposentadoria. A PEC 6\/2019 passa agora a ser chamada de Emenda Constitucional 103\/2019. Diante dos obst\u00e1culos criados, em rela\u00e7\u00e3o a amplia\u00e7\u00e3o da idade m\u00ednima e do tempo de contribui\u00e7\u00e3o, a EC 103, um dos [&hellip;]<\/p>\n","protected":false},"author":2,"featured_media":7899,"comment_status":"","ping_status":"","sticky":false,"template":"","format":"standard","meta":{"footnotes":""},"categories":[3],"tags":[],"class_list":["post-7900","post","type-post","status-publish","format-standard","has-post-thumbnail","hentry","category-noticias"],"_links":{"self":[{"href":"https:\/\/hostnetart.com.br\/baixada\/wp-json\/wp\/v2\/posts\/7900","targetHints":{"allow":["GET"]}}],"collection":[{"href":"https:\/\/hostnetart.com.br\/baixada\/wp-json\/wp\/v2\/posts"}],"about":[{"href":"https:\/\/hostnetart.com.br\/baixada\/wp-json\/wp\/v2\/types\/post"}],"author":[{"embeddable":true,"href":"https:\/\/hostnetart.com.br\/baixada\/wp-json\/wp\/v2\/users\/2"}],"replies":[{"embeddable":true,"href":"https:\/\/hostnetart.com.br\/baixada\/wp-json\/wp\/v2\/comments?post=7900"}],"version-history":[{"count":0,"href":"https:\/\/hostnetart.com.br\/baixada\/wp-json\/wp\/v2\/posts\/7900\/revisions"}],"wp:featuredmedia":[{"embeddable":true,"href":"https:\/\/hostnetart.com.br\/baixada\/wp-json\/wp\/v2\/media\/7899"}],"wp:attachment":[{"href":"https:\/\/hostnetart.com.br\/baixada\/wp-json\/wp\/v2\/media?parent=7900"}],"wp:term":[{"taxonomy":"category","embeddable":true,"href":"https:\/\/hostnetart.com.br\/baixada\/wp-json\/wp\/v2\/categories?post=7900"},{"taxonomy":"post_tag","embeddable":true,"href":"https:\/\/hostnetart.com.br\/baixada\/wp-json\/wp\/v2\/tags?post=7900"}],"curies":[{"name":"wp","href":"https:\/\/api.w.org\/{rel}","templated":true}]}}