{"id":7898,"date":"2019-11-12T18:07:33","date_gmt":"2019-11-12T21:07:33","guid":{"rendered":"https:\/\/hostnetart.com.br\/baixada\/programa-de-estimulo-a-contratacao-de-jovens-alivia-empresas-e-prejudica-desempregados\/"},"modified":"2019-11-12T18:07:33","modified_gmt":"2019-11-12T21:07:33","slug":"programa-de-estimulo-a-contratacao-de-jovens-alivia-empresas-e-prejudica-desempregados","status":"publish","type":"post","link":"https:\/\/hostnetart.com.br\/baixada\/programa-de-estimulo-a-contratacao-de-jovens-alivia-empresas-e-prejudica-desempregados\/","title":{"rendered":"Programa de est\u00edmulo \u00e0 contrata\u00e7\u00e3o de jovens alivia empresas e prejudica desempregados"},"content":{"rendered":"<p>O programa Verde e Amarelo, lan\u00e7ado ontem (10) pelo governo Bolsonaro como est\u00edmulo \u00e0 contrata\u00e7\u00e3o de jovens de 18 a 29 anos sem experi\u00eancia, pode na pr\u00e1tica levar \u00e0 demiss\u00e3o de trabalhadores experientes e com direitos garantidos, sem resolver o problema do desemprego, que atualmente atinge 13 milh\u00f5es de brasileiros. A an\u00e1lise \u00e9 do diretor-t\u00e9cnico do Dieese), Clemente Ganz L\u00facio. \u201cO risco \u00e9 de ser uma medida com baixa efic\u00e1cia ou, um risco mais perverso, de ser animadora de uma contrata\u00e7\u00e3o com menor custo com base no rod\u00edzio e na demiss\u00e3o de trabalhadores com v\u00ednculo efetivo e mais protegido\u201d, afirmou, em entrevista ao jornalista Glauco Faria, na\u00a0<a href=\"https:\/\/www.redebrasilatual.com.br\/radio\/\" target=\"_blank\" rel=\"noopener noreferrer\">R\u00e1dio Brasil Atual<\/a>.<\/p>\n<p>A proposta do governo \u00e9 reduzir os custos de contrata\u00e7\u00e3o para os empregadores, que n\u00e3o v\u00e3o precisar pagar a contribui\u00e7\u00e3o do Instituto Nacional do Seguro Social (INSS), nem as contribui\u00e7\u00f5es sociais, durante os primeiros dois anos da contrata\u00e7\u00e3o. Al\u00e9m disso, a contribui\u00e7\u00e3o para o Fundo de Garantia do Tempo de Servi\u00e7o (FGTS) ser\u00e1 reduzida de 8% para 2% e a multa do fundo por demiss\u00e3o sem justa causa ser\u00e1 reduzida de 40% para 20% do valor acumulado no per\u00edodo.<\/p>\n<p>Por outro lado,enquanto facilita a vida dos empres\u00e1rios, o programa Verde Amarelo do governo Bolsonaro tira dinheiro dos desempregados. Quem estiver recebendo seguro-desemprego vai ter um desconto de 7,5% no valor recebido, que ser\u00e1 destinado a financiar o INSS dos jovens que participem do programa Verde e Amarelo. \u201cIsso permitir\u00e1 uma redu\u00e7\u00e3o no custo do empregado de 30% a 40%, tornando mais barata a contrata\u00e7\u00e3o de jovens. Mas, em parte, ser\u00e1 compensado pelo trabalhador desempregado que vier a receber seguro-desemprego, o que \u00e9 um absurdo\u201d, afirmou Clemente.<\/p>\n<p>O tempo de seguro-desemprego passar\u00e1 a ser computado para fins de aposentadoria, o que era uma reivindica\u00e7\u00e3o antiga do\u00a0<a href=\"https:\/\/www.redebrasilatual.com.br\/trabalho\/2019\/11\/centrais-vao-as-ruas-nesta-quarta-para-denunciar-pacote-de-maldades-de-bolsonaro-e-guedes\/\" target=\"_blank\" rel=\"noopener noreferrer\">movimento sindical<\/a>\u00a0\u2013 mas sem descontos no montante pago, j\u00e1 que o valor do seguro \u00e9 muito menor que o sal\u00e1rio anteriormente recebido. O programa compreende vagas com remunera\u00e7\u00e3o at\u00e9 1,5 sal\u00e1rio m\u00ednimo \u2013 cerca de R$ 1.497 \u2013 com contrata\u00e7\u00e3o de at\u00e9 dois anos. Passado esse tempo, a empresa dever\u00e1 arcar com a previd\u00eancia e os demais encargos sociais do contratado. O temor, diz Clemente, \u00e9 que, vencido os dois primeiros anos da contrata\u00e7\u00e3o, as empresas demitam o funcion\u00e1rio para colocar outra pessoa jovem e inexperiente em seu lugar, o que, alerta o especialista, \u00e9 muito dif\u00edcil de ser fiscalizado.<\/p>\n<p>\u201c\u00c9 uma medida t\u00f3pica. N\u00e3o \u00e9 esse tipo de iniciativa que anima a cria\u00e7\u00e3o de postos de trabalho. A cria\u00e7\u00e3o de empregos est\u00e1 diretamente relacionada \u00e0 din\u00e2mica econ\u00f4mica, maior poder de compra da popula\u00e7\u00e3o, maior produtividade das empresas, maior investimento do Estado. A economia brasileira est\u00e1 travada, com s\u00e9rios problemas de desempenho, que quando cria postos de trabalho s\u00e3o empregos prec\u00e1rios, sem v\u00ednculo formal\u201d, avaliou o diretor do Dieese.<\/p>\n<p>Ou\u00e7a a entrevista completa:<\/p>\n<p>{youtube}t6mZ6ClHJE4&amp;feature=emb_title{\/youtube}<\/p>\n<p><strong>Fonte: Rede Brasil Atual<\/strong><\/p>\n","protected":false},"excerpt":{"rendered":"<p>O programa Verde e Amarelo, lan\u00e7ado ontem (10) pelo governo Bolsonaro como est\u00edmulo \u00e0 contrata\u00e7\u00e3o de jovens de 18 a 29 anos sem experi\u00eancia, pode na pr\u00e1tica levar \u00e0 demiss\u00e3o de trabalhadores experientes e com direitos garantidos, sem resolver o problema do desemprego, que atualmente atinge 13 milh\u00f5es de brasileiros. A an\u00e1lise \u00e9 do diretor-t\u00e9cnico [&hellip;]<\/p>\n","protected":false},"author":2,"featured_media":7897,"comment_status":"","ping_status":"","sticky":false,"template":"","format":"standard","meta":{"footnotes":""},"categories":[3],"tags":[],"class_list":["post-7898","post","type-post","status-publish","format-standard","has-post-thumbnail","hentry","category-noticias"],"_links":{"self":[{"href":"https:\/\/hostnetart.com.br\/baixada\/wp-json\/wp\/v2\/posts\/7898","targetHints":{"allow":["GET"]}}],"collection":[{"href":"https:\/\/hostnetart.com.br\/baixada\/wp-json\/wp\/v2\/posts"}],"about":[{"href":"https:\/\/hostnetart.com.br\/baixada\/wp-json\/wp\/v2\/types\/post"}],"author":[{"embeddable":true,"href":"https:\/\/hostnetart.com.br\/baixada\/wp-json\/wp\/v2\/users\/2"}],"replies":[{"embeddable":true,"href":"https:\/\/hostnetart.com.br\/baixada\/wp-json\/wp\/v2\/comments?post=7898"}],"version-history":[{"count":0,"href":"https:\/\/hostnetart.com.br\/baixada\/wp-json\/wp\/v2\/posts\/7898\/revisions"}],"wp:featuredmedia":[{"embeddable":true,"href":"https:\/\/hostnetart.com.br\/baixada\/wp-json\/wp\/v2\/media\/7897"}],"wp:attachment":[{"href":"https:\/\/hostnetart.com.br\/baixada\/wp-json\/wp\/v2\/media?parent=7898"}],"wp:term":[{"taxonomy":"category","embeddable":true,"href":"https:\/\/hostnetart.com.br\/baixada\/wp-json\/wp\/v2\/categories?post=7898"},{"taxonomy":"post_tag","embeddable":true,"href":"https:\/\/hostnetart.com.br\/baixada\/wp-json\/wp\/v2\/tags?post=7898"}],"curies":[{"name":"wp","href":"https:\/\/api.w.org\/{rel}","templated":true}]}}