{"id":7896,"date":"2019-11-12T18:06:53","date_gmt":"2019-11-12T21:06:53","guid":{"rendered":"https:\/\/hostnetart.com.br\/baixada\/mercantil-demite-dezenas-de-trabalhadores-sumariamente\/"},"modified":"2019-11-12T18:06:53","modified_gmt":"2019-11-12T21:06:53","slug":"mercantil-demite-dezenas-de-trabalhadores-sumariamente","status":"publish","type":"post","link":"https:\/\/hostnetart.com.br\/baixada\/mercantil-demite-dezenas-de-trabalhadores-sumariamente\/","title":{"rendered":"Mercantil demite dezenas de trabalhadores sumariamente"},"content":{"rendered":"<p>O Banco Mercantil come\u00e7ou a semana surpreendendo seus funcion\u00e1rios com dezenas de demiss\u00f5es por todo o pa\u00eds. Muitos trabalhadores foram demitidos em pleno expediente banc\u00e1rio, deixando perplexos at\u00e9 os clientes e usu\u00e1rios dos servi\u00e7os da institui\u00e7\u00e3o financeira. Tamb\u00e9m houve desligamentos de trabalhadores acometidos por problemas de sa\u00fade e com estabilidade provis\u00f3ria de emprego.<\/p>\n<p>A Comiss\u00e3o dos Empregados do Mercantil do Brasil (COE BMB) entrou em contato com o banco logo ap\u00f3s as demiss\u00f5es e exigiu explica\u00e7\u00f5es. O representante do Mercantil informou que as demiss\u00f5es ocorreram como parte da reestrutura\u00e7\u00e3o e reposicionamento de mercado, garantindo que, por hora, n\u00e3o haver\u00e1 mais desligamentos por conta desse processo.<\/p>\n<p>Para Robson Marques, funcion\u00e1rio do Mercantil, diretor do Sindicato dos Banc\u00e1rios de Juiz de Fora e coordenador nacional da Comiss\u00e3o de Empresa, o banco desrespeitou tamb\u00e9m seus clientes com as demiss\u00f5es sum\u00e1rias de trabalhadores. \u201cNo momento em que o Mercantil venceu a renova\u00e7\u00e3o do leil\u00e3o do INSS para pagamento de benef\u00edcios aos aposentados e pensionistas do \u00f3rg\u00e3o, as demiss\u00f5es v\u00eam de forma contradit\u00f3ria \u00e0 eventual expans\u00e3o do fluxo de clientes. Com os desligamentos, haver\u00e1 ainda mais precariedade e demora nos atendimentos banc\u00e1rios. Um total desrespeito e falta de sensibilidade da dire\u00e7\u00e3o do banco, pass\u00edveis de reclama\u00e7\u00f5es de usu\u00e1rios junto ao INSS, o que poder\u00e1 gerar, inclusive, o descredenciamento\u201d, alertou.<\/p>\n<p>Marco Aur\u00e9lio Alves, que \u00e9 funcion\u00e1rio do Mercantil e diretor do Sindicato dos Banc\u00e1rios de BH e Regi\u00e3o, destacou que nada justifica as demiss\u00f5es de banc\u00e1rios no atual momento. \u201cOrientamos banc\u00e1rios demitidos que, por ventura, tenham problemas de sa\u00fade ou outra estabilidade de emprego n\u00e3o observadas pelo banco, que procurem seus sindicatos representativos a fim de serem respeitadas as estabilidades e eventuais revers\u00f5es de demiss\u00f5es atrav\u00e9s de a\u00e7\u00f5es judiciais cab\u00edveis nesses casos\u201d, afirmou.<\/p>\n<p>Os sindicatos est\u00e3o mobilizados para tra\u00e7ar pol\u00edticas de luta e enfrentamento para a garantia de emprego no Mercantil do Brasil.<\/p>\n<p><strong>Fonte: Sindicato dos Banc\u00e1rios de BH e Regi\u00e3o<\/strong><\/p>\n","protected":false},"excerpt":{"rendered":"<p>O Banco Mercantil come\u00e7ou a semana surpreendendo seus funcion\u00e1rios com dezenas de demiss\u00f5es por todo o pa\u00eds. Muitos trabalhadores foram demitidos em pleno expediente banc\u00e1rio, deixando perplexos at\u00e9 os clientes e usu\u00e1rios dos servi\u00e7os da institui\u00e7\u00e3o financeira. Tamb\u00e9m houve desligamentos de trabalhadores acometidos por problemas de sa\u00fade e com estabilidade provis\u00f3ria de emprego. A Comiss\u00e3o [&hellip;]<\/p>\n","protected":false},"author":2,"featured_media":7895,"comment_status":"","ping_status":"","sticky":false,"template":"","format":"standard","meta":{"footnotes":""},"categories":[3],"tags":[],"class_list":["post-7896","post","type-post","status-publish","format-standard","has-post-thumbnail","hentry","category-noticias"],"_links":{"self":[{"href":"https:\/\/hostnetart.com.br\/baixada\/wp-json\/wp\/v2\/posts\/7896","targetHints":{"allow":["GET"]}}],"collection":[{"href":"https:\/\/hostnetart.com.br\/baixada\/wp-json\/wp\/v2\/posts"}],"about":[{"href":"https:\/\/hostnetart.com.br\/baixada\/wp-json\/wp\/v2\/types\/post"}],"author":[{"embeddable":true,"href":"https:\/\/hostnetart.com.br\/baixada\/wp-json\/wp\/v2\/users\/2"}],"replies":[{"embeddable":true,"href":"https:\/\/hostnetart.com.br\/baixada\/wp-json\/wp\/v2\/comments?post=7896"}],"version-history":[{"count":0,"href":"https:\/\/hostnetart.com.br\/baixada\/wp-json\/wp\/v2\/posts\/7896\/revisions"}],"wp:featuredmedia":[{"embeddable":true,"href":"https:\/\/hostnetart.com.br\/baixada\/wp-json\/wp\/v2\/media\/7895"}],"wp:attachment":[{"href":"https:\/\/hostnetart.com.br\/baixada\/wp-json\/wp\/v2\/media?parent=7896"}],"wp:term":[{"taxonomy":"category","embeddable":true,"href":"https:\/\/hostnetart.com.br\/baixada\/wp-json\/wp\/v2\/categories?post=7896"},{"taxonomy":"post_tag","embeddable":true,"href":"https:\/\/hostnetart.com.br\/baixada\/wp-json\/wp\/v2\/tags?post=7896"}],"curies":[{"name":"wp","href":"https:\/\/api.w.org\/{rel}","templated":true}]}}