{"id":7892,"date":"2019-11-12T14:38:42","date_gmt":"2019-11-12T17:38:42","guid":{"rendered":"https:\/\/hostnetart.com.br\/baixada\/contraf-cut-repudia-o-golpe-de-estado-na-bolivia\/"},"modified":"2019-11-12T14:38:42","modified_gmt":"2019-11-12T17:38:42","slug":"contraf-cut-repudia-o-golpe-de-estado-na-bolivia","status":"publish","type":"post","link":"https:\/\/hostnetart.com.br\/baixada\/contraf-cut-repudia-o-golpe-de-estado-na-bolivia\/","title":{"rendered":"Contraf-CUT repudia o golpe de Estado na Bol\u00edvia"},"content":{"rendered":"<p>A Confedera\u00e7\u00e3o Nacional dos Trabalhadores do Ramo Financeiro (Contraf-CUT), que aglutina sindicatos e federa\u00e7\u00f5es de banc\u00e1rios e financi\u00e1rios de todo o Brasil, repudia o golpe de Estado dado na Bol\u00edvia e se solidariza com o povo boliviano e o presidente Evo Morales.<\/p>\n<p>Desde quando foi divulgado o resultado do pleito que reelegeu Morales para exercer seu quarto mandato como presidente da Bol\u00edvia, a oposi\u00e7\u00e3o n\u00e3o reconheceu a derrota e passou a promover atos violentos, como a invas\u00e3o, pilhagem e queima de casas de autoridades e partid\u00e1rios de Evo Morales, al\u00e9m de sequestros e agress\u00f5es f\u00edsicas \u00e0s suas fam\u00edlias. As casas da irm\u00e3 e do pr\u00f3prio presidente foram alvos dos ataques que, por meio da viol\u00eancia, obrigaram a ren\u00fancia de Evo e do vice-presidente \u00c1lvaro Garc\u00eda-Linera.<\/p>\n<p>Incapaz de vencer as disputas, a oposi\u00e7\u00e3o boliviana se limitou a dizer que n\u00e3o aceitava resultado alegando fraude no processo eleitoral, sem apresentar qualquer evid\u00eancia da fraude. Recusaram as ofertas e possibilidades apresentadas pelas autoridades eleitorais e at\u00e9 pela Organiza\u00e7\u00e3o dos Estados Americanos (OEA), inclusive para a realiza\u00e7\u00e3o de um novo pleito, numa clara demonstra\u00e7\u00e3o de que o que querem n\u00e3o \u00e9 disputar as elei\u00e7\u00f5es. O que querem \u00e9 retomar o poder, nem que for \u00e0 for\u00e7a, e reverter todas as pol\u00edticas de redu\u00e7\u00e3o da desigualdade social, realizadas nos \u00faltimos 15 anos de governo.<\/p>\n<p>N\u00e3o podemos deixar de contextualizar que o golpe dado na Bol\u00edvia se insere na onda de ataques contra a democracia e a autonomia das na\u00e7\u00f5es latino-americanas. Ataques estes orquestrados pelo capital internacional e pelos Estados Unidos da Am\u00e9rica (EUA), que, sob a presid\u00eancia de Donald Trump, busca uma nova subordina\u00e7\u00e3o da Am\u00e9rica Latina e a reconquista da hegemonia geopol\u00edtica e cultural na regi\u00e3o.<\/p>\n<p>A derrubada de Evo Morales e seu governo na Bol\u00edvia \u00e9 tamb\u00e9m uma rea\u00e7\u00e3o \u00e0 vit\u00f3ria da centro-esquerda na Argentina e aos levantes populares no Chile.<\/p>\n<p>Trata-se de um claro ataque \u00e0 democracia, que deve ser prontamente repudiado por toda a comunidade internacional, para evitar situa\u00e7\u00f5es similares ocorram em outros pa\u00edses da regi\u00e3o, inclusive no Brasil, cujo governo perde popularidade e apoio a cada dia, o presidente e seus filhos atacam as institui\u00e7\u00f5es democr\u00e1ticas e j\u00e1 afirmaram que se houver levantes populares podem haver um violento golpe branco.<\/p>\n<p>Assim como a Contraf-CUT, a\u00a0<a href=\"http:\/\/www.csa-csi.org\/NormalMultiItem.asp?pageid=12582\" target=\"_blank\" rel=\"noopener noreferrer\">Confedera\u00e7\u00e3o Sindical de Trabalhadores e Trabalhadoras das Am\u00e9ricas (CSA)<\/a>\u00a0e\u00a0<a href=\"https:\/\/www.cut.org.br\/noticias\/nota-oficial-cut-brasil-condena-o-golpe-de-estado-na-bolivia-c4ba\" target=\"_blank\" rel=\"noopener noreferrer\">Central \u00danica dos Trabalhadores (CUT)<\/a>\u00a0j\u00e1 fizeram, conclamamos que governo democr\u00e1ticos, outras entidades sindicais e partidos pol\u00edticos de todo o mundo tamb\u00e9m repudiem o golpe dado na Bol\u00edvia para mostrar que n\u00e3o aceitar\u00e3o, a ruptura da democracia na regi\u00e3o.<br \/><strong><br \/>Confedera\u00e7\u00e3o Nacional dos Trabalhadores do Ramo Financeiro (Contraf-CUT)<br \/><\/strong>Juvandia Moreira Leite<br \/>Presidenta<\/p>\n","protected":false},"excerpt":{"rendered":"<p>A Confedera\u00e7\u00e3o Nacional dos Trabalhadores do Ramo Financeiro (Contraf-CUT), que aglutina sindicatos e federa\u00e7\u00f5es de banc\u00e1rios e financi\u00e1rios de todo o Brasil, repudia o golpe de Estado dado na Bol\u00edvia e se solidariza com o povo boliviano e o presidente Evo Morales. Desde quando foi divulgado o resultado do pleito que reelegeu Morales para exercer [&hellip;]<\/p>\n","protected":false},"author":2,"featured_media":7891,"comment_status":"","ping_status":"","sticky":false,"template":"","format":"standard","meta":{"footnotes":""},"categories":[3],"tags":[],"class_list":["post-7892","post","type-post","status-publish","format-standard","has-post-thumbnail","hentry","category-noticias"],"_links":{"self":[{"href":"https:\/\/hostnetart.com.br\/baixada\/wp-json\/wp\/v2\/posts\/7892","targetHints":{"allow":["GET"]}}],"collection":[{"href":"https:\/\/hostnetart.com.br\/baixada\/wp-json\/wp\/v2\/posts"}],"about":[{"href":"https:\/\/hostnetart.com.br\/baixada\/wp-json\/wp\/v2\/types\/post"}],"author":[{"embeddable":true,"href":"https:\/\/hostnetart.com.br\/baixada\/wp-json\/wp\/v2\/users\/2"}],"replies":[{"embeddable":true,"href":"https:\/\/hostnetart.com.br\/baixada\/wp-json\/wp\/v2\/comments?post=7892"}],"version-history":[{"count":0,"href":"https:\/\/hostnetart.com.br\/baixada\/wp-json\/wp\/v2\/posts\/7892\/revisions"}],"wp:featuredmedia":[{"embeddable":true,"href":"https:\/\/hostnetart.com.br\/baixada\/wp-json\/wp\/v2\/media\/7891"}],"wp:attachment":[{"href":"https:\/\/hostnetart.com.br\/baixada\/wp-json\/wp\/v2\/media?parent=7892"}],"wp:term":[{"taxonomy":"category","embeddable":true,"href":"https:\/\/hostnetart.com.br\/baixada\/wp-json\/wp\/v2\/categories?post=7892"},{"taxonomy":"post_tag","embeddable":true,"href":"https:\/\/hostnetart.com.br\/baixada\/wp-json\/wp\/v2\/tags?post=7892"}],"curies":[{"name":"wp","href":"https:\/\/api.w.org\/{rel}","templated":true}]}}