{"id":7890,"date":"2019-11-12T14:37:51","date_gmt":"2019-11-12T17:37:51","guid":{"rendered":"https:\/\/hostnetart.com.br\/baixada\/contraf-cut-solicita-informacoes-sobre-revisoes-na-politica-interna-do-santander\/"},"modified":"2019-11-12T14:37:51","modified_gmt":"2019-11-12T17:37:51","slug":"contraf-cut-solicita-informacoes-sobre-revisoes-na-politica-interna-do-santander","status":"publish","type":"post","link":"https:\/\/hostnetart.com.br\/baixada\/contraf-cut-solicita-informacoes-sobre-revisoes-na-politica-interna-do-santander\/","title":{"rendered":"Contraf-CUT solicita informa\u00e7\u00f5es sobre revis\u00f5es na pol\u00edtica interna do Santander"},"content":{"rendered":"<p>O banco Santander emitiu um comunicado pessoal amea\u00e7ando funcion\u00e1rios que n\u00e3o aderirem a uma campanha do banco que desestimula o uso de embalagens pl\u00e1sticas descart\u00e1veis. \u201cMuitos ainda n\u00e3o entenderam que n\u00e3o se trata de algo opcional: o pl\u00e1stico de uso r\u00e1pido est\u00e1 proibido em nossas instala\u00e7\u00f5es\u201d, diz o\u00a0<a href=\"https:\/\/contrafcut.com.br\/desplastifique\/\" target=\"_blank\" rel=\"noopener noreferrer\">comunicado<\/a>, para em seguida amea\u00e7ar: \u201cA partir de agora, inclusive, o uso ou posse de utens\u00edlios pl\u00e1sticos descart\u00e1veis, em 100% de nossos pr\u00e9dios administrativos, ser\u00e1 considerado falta grave e, para isto, j\u00e1 revimos nossa pol\u00edtica interna\u201d.<\/p>\n<p>\u201cApoiamos a campanha de desest\u00edmulo ao uso de embalagens pl\u00e1sticas descart\u00e1veis. Mas, n\u00e3o podemos aceitar amea\u00e7as aos funcion\u00e1rios que n\u00e3o aderirem a uma campanha do banco, uma vez que n\u00e3o existe qualquer tipo de lei que pro\u00edba o uso pessoal de descart\u00e1veis\u201d, disse o secret\u00e1rio de Assuntos Socioecon\u00f4micos e representante da Confedera\u00e7\u00e3o Nacional dos Trabalhadores do Ramo Financeiro (Contraf-CUT) nas negocia\u00e7\u00f5es com o banco, Mario Raia. \u201cA mensagem, da maneira como foi transmitida, pode configurar\u00a0<a href=\"https:\/\/contrafcut.com.br\/noticias\/santander-tera-de-pagar-r-274-milhoes-por-adoecer-bancarios\/\" target=\"_blank\" rel=\"noopener noreferrer\">ass\u00e9dio moral<\/a>, mas, mais do que isso, mostra a maneira desrespeitosa com que o banco trata seus funcion\u00e1rios\u201d, completou.<\/p>\n<p>A mensagem causou inc\u00f4modo e apreens\u00e3o em muitos funcion\u00e1rios, que temiam repres\u00e1lias e puni\u00e7\u00f5es.\u00a0<a href=\"https:\/\/spbancarios.com.br\/11\/2019\/santander-comunicado-desplastifique\" target=\"_blank\" rel=\"noopener noreferrer\">O banco negou<\/a>\u00a0que haver\u00e1 puni\u00e7\u00e3o, advert\u00eancia, demiss\u00e3o ou falta administrativa contra banc\u00e1rios que continuarem utilizando utens\u00edlios e embalagens de pl\u00e1stico.<\/p>\n<p>Mario informou que a Contraf-CUT vai solicitar informa\u00e7\u00f5es ao sobre as revis\u00f5es da pol\u00edtica interna, alegadas na mensagem, para considerar \u201cfalta grave\u201d o uso ou posse de embalagens descart\u00e1veis nas depend\u00eancias do banco.<\/p>\n<p>\u201cQueremos saber o que \u00e9 considerado falta grave, quais ser\u00e3o as penalidades e em quais leis o banco se baseia para aplicar as puni\u00e7\u00f5es aos funcion\u00e1rios que n\u00e3o aderirem \u00e0 campanha\u201d, informou o dirigente da Contraf-CUT.<\/p>\n<p><strong>Fonte:<\/strong>\u00a0<strong>Contraf-CUT<\/strong><\/p>\n","protected":false},"excerpt":{"rendered":"<p>O banco Santander emitiu um comunicado pessoal amea\u00e7ando funcion\u00e1rios que n\u00e3o aderirem a uma campanha do banco que desestimula o uso de embalagens pl\u00e1sticas descart\u00e1veis. \u201cMuitos ainda n\u00e3o entenderam que n\u00e3o se trata de algo opcional: o pl\u00e1stico de uso r\u00e1pido est\u00e1 proibido em nossas instala\u00e7\u00f5es\u201d, diz o\u00a0comunicado, para em seguida amea\u00e7ar: \u201cA partir de [&hellip;]<\/p>\n","protected":false},"author":2,"featured_media":7889,"comment_status":"","ping_status":"","sticky":false,"template":"","format":"standard","meta":{"footnotes":""},"categories":[3],"tags":[],"class_list":["post-7890","post","type-post","status-publish","format-standard","has-post-thumbnail","hentry","category-noticias"],"_links":{"self":[{"href":"https:\/\/hostnetart.com.br\/baixada\/wp-json\/wp\/v2\/posts\/7890","targetHints":{"allow":["GET"]}}],"collection":[{"href":"https:\/\/hostnetart.com.br\/baixada\/wp-json\/wp\/v2\/posts"}],"about":[{"href":"https:\/\/hostnetart.com.br\/baixada\/wp-json\/wp\/v2\/types\/post"}],"author":[{"embeddable":true,"href":"https:\/\/hostnetart.com.br\/baixada\/wp-json\/wp\/v2\/users\/2"}],"replies":[{"embeddable":true,"href":"https:\/\/hostnetart.com.br\/baixada\/wp-json\/wp\/v2\/comments?post=7890"}],"version-history":[{"count":0,"href":"https:\/\/hostnetart.com.br\/baixada\/wp-json\/wp\/v2\/posts\/7890\/revisions"}],"wp:featuredmedia":[{"embeddable":true,"href":"https:\/\/hostnetart.com.br\/baixada\/wp-json\/wp\/v2\/media\/7889"}],"wp:attachment":[{"href":"https:\/\/hostnetart.com.br\/baixada\/wp-json\/wp\/v2\/media?parent=7890"}],"wp:term":[{"taxonomy":"category","embeddable":true,"href":"https:\/\/hostnetart.com.br\/baixada\/wp-json\/wp\/v2\/categories?post=7890"},{"taxonomy":"post_tag","embeddable":true,"href":"https:\/\/hostnetart.com.br\/baixada\/wp-json\/wp\/v2\/tags?post=7890"}],"curies":[{"name":"wp","href":"https:\/\/api.w.org\/{rel}","templated":true}]}}