{"id":789,"date":"2015-04-14T23:39:00","date_gmt":"2015-04-15T02:39:00","guid":{"rendered":"https:\/\/hostnetart.com.br\/baixada\/vice-presidenta-do-itau-claudia-politanski-defende-terceirizacao\/"},"modified":"2015-04-14T23:39:00","modified_gmt":"2015-04-15T02:39:00","slug":"vice-presidenta-do-itau-claudia-politanski-defende-terceirizacao","status":"publish","type":"post","link":"https:\/\/hostnetart.com.br\/baixada\/vice-presidenta-do-itau-claudia-politanski-defende-terceirizacao\/","title":{"rendered":"Vice-presidenta do Ita\u00fa, Cl\u00e1udia Politanski, defende terceiriza\u00e7\u00e3o"},"content":{"rendered":"<p><span style=\"color: #464646;\">Um banc\u00e1rio que j\u00e1 trabalhou como terceirizado vive alertando os colegas da sua \u00e1rea sobre os riscos do projeto de lei da terceiriza\u00e7\u00e3o, que agora tramita no Senado com o nome de PLC 30\/2015. \u201cMuitos banc\u00e1rios vivem anestesiados pela quantidade de trabalho e que ainda n\u00e3o perceberam a desgra\u00e7a que pode se abater sobre todos se for aprovada a terceiriza\u00e7\u00e3o para atividade-fim.\u201d<\/span><br style=\"color: #464646;\" \/><br style=\"color: #464646;\" \/><span style=\"color: #464646;\">Para os que ainda t\u00eam d\u00favida de para quem \u00e9 boa a terceiriza\u00e7\u00e3o, o depoimento da vice-presidenta do Ita\u00fa, Cl\u00e1udia Politanski, \u2013 durante a festa de 15 anos do jornal Valor, realizada na segunda-feira 4 de maio, em S\u00e3o Paulo \u2013 clareia as ideias. Para a banqueira, a terceiriza\u00e7\u00e3o refor\u00e7a os direitos trabalhistas. \u201c\u00c9 um projeto bom, de avan\u00e7o. N\u00e3o prejudica os direitos trabalhistas, muito pelo contr\u00e1rio, em alguns aspectos refor\u00e7a a CLT\u201d, afirmou ao Valor.<\/span><br style=\"color: #464646;\" \/><br style=\"color: #464646;\" \/><span style=\"color: #464646;\">E para os banc\u00e1rios que creem que a terceiriza\u00e7\u00e3o n\u00e3o atingir\u00e1 fun\u00e7\u00f5es como a de caixa ou ger\u00eancia, Cl\u00e1udia Politanski, esclarece: \u201cEssa discuss\u00e3o sobre atividade-meio e fim \u00e9 falaciosa. \u00c9 muito dif\u00edcil usar esse crit\u00e9rio para definir\u201d, declarou, defendendo a cria\u00e7\u00e3o de um \u201csindicat\u00e3o\u201d para representar empresas terceirizadas.<\/span><br style=\"color: #464646;\" \/><br style=\"color: #464646;\" \/><span style=\"color: #464646;\">\u201c\u00c9 lament\u00e1vel ver uma declara\u00e7\u00e3o como essa, defendendo a precariza\u00e7\u00e3o do trabalho no pa\u00eds, justamente da dire\u00e7\u00e3o de uma empresa que em apenas tr\u00eas meses do ano alcan\u00e7ou lucro de quase R$ 6 bilh\u00f5es, crescimento de 28% em rela\u00e7\u00e3o ao mesmo per\u00edodo do ano passado\u201d, afirma a diretora executiva do Sindicato e funcion\u00e1ria do Ita\u00fa, Marta Soares, ressaltando que parte desses vultosos ganhos vem justamente da terceiriza\u00e7\u00e3o, institucionalizado no banco.<\/span><br style=\"color: #464646;\" \/><br style=\"color: #464646;\" \/><span style=\"color: #464646;\">Entre 2008 e 2014, o Ita\u00fa aumentou em 137,2% o investimento em servi\u00e7os de terceiros. \u201cPara agravar a situa\u00e7\u00e3o para banc\u00e1rios e clientes, o n\u00famero de empregados do banco caiu 20,2% no mesmo per\u00edodo. E a\u00ed perguntamos \u00e0 vice-presidenta do Ita\u00fa: a terceiriza\u00e7\u00e3o \u00e9 boa pra quem? Enquanto tira a vaga de trabalho do banc\u00e1rio, contrata terceirizados sem direitos como vales-refei\u00e7\u00e3o, alimenta\u00e7\u00e3o, licen\u00e7a-maternidade ampliada, aux\u00edlio-educa\u00e7\u00e3o\u201d, critica Marta.<\/span><br style=\"color: #464646;\" \/><br style=\"color: #464646;\" \/><span style=\"color: #464646;\">\u201cNa \u00e1rea de tecnologia do Ita\u00fa, por exemplo, dos aproximadamente 10 mil funcion\u00e1rios, 3 mil s\u00e3o terceirizados. Eles ganham, em m\u00e9dia, 40% menos que os banc\u00e1rios. O avan\u00e7o na precariza\u00e7\u00e3o nas \u00faltimas d\u00e9cadas s\u00f3 n\u00e3o \u00e9 maior por conta da luta da categoria banc\u00e1ria, ao lado do Sindicato, contra a terceiriza\u00e7\u00e3o\u201d, relata.<\/span><br style=\"color: #464646;\" \/><br style=\"color: #464646;\" \/><b style=\"color: #464646;\">Eles querem mais\u00a0<\/b><br style=\"color: #464646;\" \/><br style=\"color: #464646;\" \/><span style=\"color: #464646;\">O projeto da terceiriza\u00e7\u00e3o, aprovado na C\u00e2mara dos Deputados como PL 4330, agora \u00e9 PLC 50\/2015 no Senado. Apesar de rasgar a CLT (Consolida\u00e7\u00e3o das Leis do Trabalho) ao autorizar a terceiriza\u00e7\u00e3o para qualquer setor em qualquer atividade de todas as empresas, os empres\u00e1rios querem mais. \u00c9 o que retrata a edi\u00e7\u00e3o 1.089, de 13 de maio, da revista Exame \u2013 um dos ve\u00edculos de comunica\u00e7\u00e3o preferidos dos \u201cempreendedores\u201d do pa\u00eds. A publica\u00e7\u00e3o ressalta que desde 2004, quando foi encaminhado \u00e0 C\u00e2mara, a proposta de regulamenta\u00e7\u00e3o da terceiriza\u00e7\u00e3o recebeu 240 emendas que podem trazer \u201cnovos problemas\u201d para o \u201csetor produtivo\u201d.<\/span><br style=\"color: #464646;\" \/><br style=\"color: #464646;\" \/><span style=\"color: #464646;\">Os problemas s\u00e3o, por exemplo, ter de recolher contribui\u00e7\u00e3o previdenci\u00e1ria dos terceirizados, ou \u201cmais burocracia\u201d. Ou \u201ccustos desnecess\u00e1rios\u201d como o fundo de 4% do valor dos contratos, que garantiria o pagamento de verbas trabalhistas. Na Exame, a garantia de algum direito para os terceirizados \u00e9 caracterizada com elimina\u00e7\u00e3o de \u201cvantagens\u201d para os empres\u00e1rios.<\/span><br style=\"color: #464646;\" \/><br style=\"color: #464646;\" \/><span style=\"color: #464646;\">Assim como a vice-presidenta do Ita\u00fa parece crer, a reportagem da Exame ouviu uma fonte que afirma que terceirizados ganham menos porque a maioria est\u00e1 em servi\u00e7os de seguran\u00e7a e limpeza ou \u201cmenos qualificados\u201d.\u00a0<\/span><br style=\"color: #464646;\" \/><br style=\"color: #464646;\" \/><span style=\"color: #464646;\">\u201cE o que eles t\u00eam a dizer de todos os trabalhadores terceirizados pelas institui\u00e7\u00f5es financeiras que recebem menos para fazer atividade de banc\u00e1rios?\u201d, questiona a dirigente sindical Marta Soares. \u201cN\u00e3o se engane e proteste: o que as empresas querem, com o PL da terceiriza\u00e7\u00e3o, \u00e9 lucrar mais retirando direitos dos trabalhadores.\u201d<\/span><br style=\"color: #464646;\" \/><br style=\"color: #464646;\" \/><b style=\"color: #464646;\">Proteste<\/b><br style=\"color: #464646;\" \/><br style=\"color: #464646;\" \/><span style=\"color: #464646;\">Todos os banc\u00e1rios devem refor\u00e7ar a luta contra a terceiriza\u00e7\u00e3o. O 29 de maio ser\u00e1 o dia nacional de paralisa\u00e7\u00e3o promovido pela CUT contra a aprova\u00e7\u00e3o do PL da Terceiriza\u00e7\u00e3o e a retirada de direitos dos trabalhadores. Al\u00e9m disso, a categoria pode protestar tamb\u00e9m enviando mensagem aos deputados, senadores ou via enquete promovida pelo Senado, onde o PL da Terceiriza\u00e7\u00e3o j\u00e1 aparece com seu novo nome, PLC 30\/2015.\u00a0<\/span><br style=\"color: #464646;\" \/><br style=\"color: #464646;\" \/><span style=\"color: #464646;\">Fonte: Seeb SP<\/span><\/p>\n","protected":false},"excerpt":{"rendered":"<p>Um banc\u00e1rio que j\u00e1 trabalhou como terceirizado vive alertando os colegas da sua \u00e1rea sobre os riscos do projeto de lei da terceiriza\u00e7\u00e3o, que agora tramita no Senado com o nome de PLC 30\/2015. \u201cMuitos banc\u00e1rios vivem anestesiados pela quantidade de trabalho e que ainda n\u00e3o perceberam a desgra\u00e7a que pode se abater sobre todos [&hellip;]<\/p>\n","protected":false},"author":1,"featured_media":0,"comment_status":"","ping_status":"","sticky":false,"template":"","format":"standard","meta":{"footnotes":""},"categories":[3],"tags":[],"class_list":["post-789","post","type-post","status-publish","format-standard","hentry","category-noticias"],"_links":{"self":[{"href":"https:\/\/hostnetart.com.br\/baixada\/wp-json\/wp\/v2\/posts\/789","targetHints":{"allow":["GET"]}}],"collection":[{"href":"https:\/\/hostnetart.com.br\/baixada\/wp-json\/wp\/v2\/posts"}],"about":[{"href":"https:\/\/hostnetart.com.br\/baixada\/wp-json\/wp\/v2\/types\/post"}],"author":[{"embeddable":true,"href":"https:\/\/hostnetart.com.br\/baixada\/wp-json\/wp\/v2\/users\/1"}],"replies":[{"embeddable":true,"href":"https:\/\/hostnetart.com.br\/baixada\/wp-json\/wp\/v2\/comments?post=789"}],"version-history":[{"count":0,"href":"https:\/\/hostnetart.com.br\/baixada\/wp-json\/wp\/v2\/posts\/789\/revisions"}],"wp:attachment":[{"href":"https:\/\/hostnetart.com.br\/baixada\/wp-json\/wp\/v2\/media?parent=789"}],"wp:term":[{"taxonomy":"category","embeddable":true,"href":"https:\/\/hostnetart.com.br\/baixada\/wp-json\/wp\/v2\/categories?post=789"},{"taxonomy":"post_tag","embeddable":true,"href":"https:\/\/hostnetart.com.br\/baixada\/wp-json\/wp\/v2\/tags?post=789"}],"curies":[{"name":"wp","href":"https:\/\/api.w.org\/{rel}","templated":true}]}}