{"id":7888,"date":"2019-11-12T14:36:33","date_gmt":"2019-11-12T17:36:33","guid":{"rendered":"https:\/\/hostnetart.com.br\/baixada\/lucro-do-banco-do-brasil-atinge-os-r-13-2-bilhoes-em-nove-meses\/"},"modified":"2019-11-12T14:36:33","modified_gmt":"2019-11-12T17:36:33","slug":"lucro-do-banco-do-brasil-atinge-os-r-13-2-bilhoes-em-nove-meses","status":"publish","type":"post","link":"https:\/\/hostnetart.com.br\/baixada\/lucro-do-banco-do-brasil-atinge-os-r-13-2-bilhoes-em-nove-meses\/","title":{"rendered":"Lucro do Banco do Brasil atinge os R$ 13,2 bilh\u00f5es em nove meses"},"content":{"rendered":"<p>O Banco do Brasil obteve lucro l\u00edquido ajustado de R$ 13,2 bilh\u00f5es, nos primeiros nove meses de 2019, crescimento de 36,8% com rela\u00e7\u00e3o ao mesmo per\u00edodo de 2018. Segundo o banco, o resultado do trimestre foi influenciado pelos aumentos da margem financeira bruta e da recupera\u00e7\u00e3o de cr\u00e9dito, que impactaram na redu\u00e7\u00e3o da despesa com provis\u00f5es para devedores duvidosos (PDD). O retorno sobre o patrim\u00f4nio l\u00edquido (RPSL) ajustado cresceu 3,1 pontos percentuais em doze meses, ficando em 14,9%.<\/p>\n<p>\u201cO BB apresenta lucro em cima de lucro e \u00e9 altamente rent\u00e1vel. Os resultados comprovam que n\u00e3o existe qualquer motivo para que o governo insista em vender o banco, seja a empresa m\u00e3e, seja as subsidi\u00e1rias\u201d, afirmou o coordenador da Comiss\u00e3o de Empresa dos Funcion\u00e1rios do Banco do Brasil (CEBB), Jo\u00e3o Fukunaga. \u201cA \u00fanica justificativa seria a exist\u00eancia de interesses escusos, que n\u00e3o podem ser revelados para a sociedade\u201d, completou.<\/p>\n<h3><strong>Tarifas, ag\u00eancias e emprego<\/strong><\/h3>\n<p>As receitas com presta\u00e7\u00e3o de servi\u00e7os e tarifas banc\u00e1rias cresceram 7,3% em um ano, alcan\u00e7ando R$ 21,7 bilh\u00f5es, enquanto, as despesas com pessoal, incluindo o pagamento da PLR, cresceram 11,7% no mesmo per\u00edodo, totalizando a R$ 18,5 bilh\u00f5es. Assim, a cobertura dessas despesas pelas receitas secund\u00e1rias do banco foi de 117,06% em setembro de 2019.<\/p>\n<p>\u201cSomente com o montante das tarifas que o banco cobra de seus clientes, que \u00e9 irris\u00f3rio perto do que o banco arrecada com outras fontes de receita, ele consegue pagar toda a folha de pagamento e ainda sobra 17,06%\u201dobservou Fukunaga. \u201cAs tarifas est\u00e3o altas, os funcion\u00e1rios est\u00e3o sobrecarregados e s\u00e3o mal remunerados. Isso \u00e9 o que d\u00e1 para perceber analisando esse dado\u201d, completou.<\/p>\n<p>Ao fim do 3\u00ba trimestre de 2019, o BB contava com 93.872 funcion\u00e1rios. O quadro de funcion\u00e1rios sofreu uma redu\u00e7\u00e3o de 3.360 postos de trabalho em doze meses. Segundo<a href=\"https:\/\/contrafcut.com.br\/destaques-do-banco-do-brasil_3tri2019\/\" target=\"_blank\" rel=\"noopener noreferrer\">\u00a0an\u00e1lise realizada pelo Departamento Intersindical de Estat\u00edsticas e Estudos Socioecon\u00f4micos (Dieese)<\/a>, a grande redu\u00e7\u00e3o do quadro de funcion\u00e1rios se deve ao Programa de Adequa\u00e7\u00e3o de Quadros (PAQ), anunciado ao final de julho de 2019, e que, de acordo com o relat\u00f3rio do banco, resultou no desligamento de 2.367 funcion\u00e1rios, gerando uma despesa de R$ 250 milh\u00f5es. No per\u00edodo, tamb\u00e9m em fun\u00e7\u00e3o do PAQ, foram fechadas 462 ag\u00eancias e abertos 98 postos de atendimento.<\/p>\n<p>\u201cA popula\u00e7\u00e3o \u00e9 fortemente afetada tanto pela redu\u00e7\u00e3o do quadro de funcion\u00e1rios quanto pelo fechamento de ag\u00eancias. \u00c9 cada vez maior o n\u00famero de cidades brasileiras sem qualquer tipo de atendimento banc\u00e1rio. Al\u00e9m de ter que se deslocar por grandes dist\u00e2ncias at\u00e9 encontrar uma ag\u00eancia, quando encontra as pessoas precisam enfrentar grandes filas em fun\u00e7\u00e3o da falta de funcion\u00e1rios para prestar atendimento\u201d, explicou o coordenador da CEBB. \u201cA popula\u00e7\u00e3o mal atendida e os funcion\u00e1rios estressados, sobrecarregados e sob grande press\u00e3o s\u00e3o as consequ\u00eancias desta pol\u00edtica adotada pela atual gest\u00e3o, que prejudica a popula\u00e7\u00e3o e leva os trabalhadores ao adoecimento\u201d, concluiu Fukunaga.<\/p>\n<h3><strong>Cr\u00e9dito<\/strong><\/h3>\n<p>A carteira de cr\u00e9dito ampliada diminuiu 0,7% em doze meses, totalizando saldo de R$ 686,7 bilh\u00f5es. Em rela\u00e7\u00e3o ao trimestre anterior a carteira permaneceu est\u00e1vel. O cr\u00e9dito para Pessoa Jur\u00eddica teve queda de 5,4% em rela\u00e7\u00e3o a setembro de 2018, com redu\u00e7\u00e3o maior nas linhas para Grandes Empresas (-17,8%) e Governo (-1,4%). O destaque positivo no segmento PJ ocorreu nas linhas de financiamento para Micro, Pequenas e M\u00e9dias Empresas (alta de 8,9% no per\u00edodo). O cr\u00e9dito para Pessoa F\u00edsica cresceu 9,3% em doze meses, totalizando R$ 209,6 bilh\u00f5es e com destaques para os empr\u00e9stimos pessoais (alta de 73,2%) e o cr\u00e9dito renegociado (crescimento de 17,2%), enquanto o microcr\u00e9dito caiu 13,5% e as linhas de financiamento a ve\u00edculos tiveram queda de 5,1% em doze meses. A carteira de cr\u00e9dito para o Agroneg\u00f3cio (que representa 65,1% do segmento no pa\u00eds) caiu 3% em doze meses, chegando a R$184,5 bilh\u00f5es.<\/p>\n<p>As despesas com provis\u00e3o para cr\u00e9ditos de liquida\u00e7\u00e3o duvidosa (PCLD) ca\u00edram 4,1% em rela\u00e7\u00e3o a setembro de 2018, totalizando cerca de R$ 14,7 bilh\u00f5es. O \u00edndice de inadimpl\u00eancia para atrasos superiores a 90 dias foi de 3,47%, com queda de 0,66 pontos percentuais em rela\u00e7\u00e3o a junho de 2018.<\/p>\n<figure class=\"wp-block-image\"><img decoding=\"async\" class=\"wp-image-275519 lazyloaded\" src=\"https:\/\/contrafcut.com.br\/wp-content\/uploads\/2019\/11\/tabeladestaques-do-banco-do-brasil_3tri2019.jpg?x35815\" sizes=\"(max-width: 857px) 100vw, 857px\" srcset=\"https:\/\/contrafcut.com.br\/wp-content\/uploads\/2019\/11\/tabeladestaques-do-banco-do-brasil_3tri2019.jpg 857w, https:\/\/contrafcut.com.br\/wp-content\/uploads\/2019\/11\/tabeladestaques-do-banco-do-brasil_3tri2019-340x230.jpg 340w, https:\/\/contrafcut.com.br\/wp-content\/uploads\/2019\/11\/tabeladestaques-do-banco-do-brasil_3tri2019-768x520.jpg 768w\" alt=\"\" data-lazy-srcset=\"https:\/\/contrafcut.com.br\/wp-content\/uploads\/2019\/11\/tabeladestaques-do-banco-do-brasil_3tri2019.jpg 857w, https:\/\/contrafcut.com.br\/wp-content\/uploads\/2019\/11\/tabeladestaques-do-banco-do-brasil_3tri2019-340x230.jpg 340w, https:\/\/contrafcut.com.br\/wp-content\/uploads\/2019\/11\/tabeladestaques-do-banco-do-brasil_3tri2019-768x520.jpg 768w\" data-lazy-sizes=\"(max-width: 857px) 100vw, 857px\" data-lazy-src=\"https:\/\/contrafcut.com.br\/wp-content\/uploads\/2019\/11\/tabeladestaques-do-banco-do-brasil_3tri2019.jpg?x35815\" data-was-processed=\"true\" \/><\/figure>\n<p><strong>Fonte:<\/strong>\u00a0<strong>Contraf-CUT, com informa\u00e7\u00f5es do Dieese<\/strong><\/p>\n","protected":false},"excerpt":{"rendered":"<p>O Banco do Brasil obteve lucro l\u00edquido ajustado de R$ 13,2 bilh\u00f5es, nos primeiros nove meses de 2019, crescimento de 36,8% com rela\u00e7\u00e3o ao mesmo per\u00edodo de 2018. Segundo o banco, o resultado do trimestre foi influenciado pelos aumentos da margem financeira bruta e da recupera\u00e7\u00e3o de cr\u00e9dito, que impactaram na redu\u00e7\u00e3o da despesa com [&hellip;]<\/p>\n","protected":false},"author":2,"featured_media":7887,"comment_status":"","ping_status":"","sticky":false,"template":"","format":"standard","meta":{"footnotes":""},"categories":[3],"tags":[],"class_list":["post-7888","post","type-post","status-publish","format-standard","has-post-thumbnail","hentry","category-noticias"],"_links":{"self":[{"href":"https:\/\/hostnetart.com.br\/baixada\/wp-json\/wp\/v2\/posts\/7888","targetHints":{"allow":["GET"]}}],"collection":[{"href":"https:\/\/hostnetart.com.br\/baixada\/wp-json\/wp\/v2\/posts"}],"about":[{"href":"https:\/\/hostnetart.com.br\/baixada\/wp-json\/wp\/v2\/types\/post"}],"author":[{"embeddable":true,"href":"https:\/\/hostnetart.com.br\/baixada\/wp-json\/wp\/v2\/users\/2"}],"replies":[{"embeddable":true,"href":"https:\/\/hostnetart.com.br\/baixada\/wp-json\/wp\/v2\/comments?post=7888"}],"version-history":[{"count":0,"href":"https:\/\/hostnetart.com.br\/baixada\/wp-json\/wp\/v2\/posts\/7888\/revisions"}],"wp:featuredmedia":[{"embeddable":true,"href":"https:\/\/hostnetart.com.br\/baixada\/wp-json\/wp\/v2\/media\/7887"}],"wp:attachment":[{"href":"https:\/\/hostnetart.com.br\/baixada\/wp-json\/wp\/v2\/media?parent=7888"}],"wp:term":[{"taxonomy":"category","embeddable":true,"href":"https:\/\/hostnetart.com.br\/baixada\/wp-json\/wp\/v2\/categories?post=7888"},{"taxonomy":"post_tag","embeddable":true,"href":"https:\/\/hostnetart.com.br\/baixada\/wp-json\/wp\/v2\/tags?post=7888"}],"curies":[{"name":"wp","href":"https:\/\/api.w.org\/{rel}","templated":true}]}}