{"id":7874,"date":"2019-11-06T14:44:17","date_gmt":"2019-11-06T17:44:17","guid":{"rendered":"https:\/\/hostnetart.com.br\/baixada\/plano-guedes-deve-agravar-a-crise-do-desemprego-segundo-economista-da-ufrj\/"},"modified":"2019-11-06T14:44:17","modified_gmt":"2019-11-06T17:44:17","slug":"plano-guedes-deve-agravar-a-crise-do-desemprego-segundo-economista-da-ufrj","status":"publish","type":"post","link":"https:\/\/hostnetart.com.br\/baixada\/plano-guedes-deve-agravar-a-crise-do-desemprego-segundo-economista-da-ufrj\/","title":{"rendered":"Plano Guedes deve agravar a crise do desemprego, segundo economista da UFRJ"},"content":{"rendered":"<p>Para o economista Jo\u00e3o Sics\u00fa, professor da Universidade Federal do Rio de Janeiro (UFRJ), o\u00a0<a href=\"https:\/\/www.redebrasilatual.com.br\/politica\/2019\/11\/mais-arrocho-pecs-de-bolsonaro-podem-derrubar-investimentos-em-saude-e-educacao\/\" target=\"_blank\" rel=\"noopener noreferrer\">Plano Mais Brasil<\/a>\u00a0parte de um diagn\u00f3stico \u201cequivocado\u201d, ao considerar que o principal problema do pa\u00eds seria o endividamento p\u00fablico. Na verdade, o maior desafio hoje \u00e9 o desemprego, que sequer foi citado como uma preocupa\u00e7\u00e3o e que dever\u00e1 ser ser agravado pelo conjunto de medidas apresentadas nesta ter\u00e7a-feira (5) pelo presidente Jair Bolsonaro e o seu ministro da Economia, Paulo Guedes.<\/p>\n<p>\u201cA economia brasileira vive uma\u00a0<a href=\"https:\/\/www.redebrasilatual.com.br\/economia\/2018\/01\/economia-brasileira-nao-tem-norte-e-esta-no-fundo-do-poco-diz-sicsu\/\" target=\"_blank\" rel=\"noopener noreferrer\">depress\u00e3o<\/a>, estagnada, no fundo do po\u00e7o, com elevado desemprego. Isso j\u00e1 dura quatro anos.\u00a0Se mudassem o foco, poderiam chegar a uma conclus\u00e3o melhor. Se o Brasil crescer, vai reduzir o desemprego, com mais trabalhadores recebendo sal\u00e1rios e pagando os impostos, o que reduziria o endividamento do setor p\u00fablico\u201d, afirmou aos jornalistas Marilu Caba\u00f1as e Glauco Faria, para o\u00a0<a href=\"https:\/\/www.youtube.com\/watch?v=TsOLPRQeltE\" target=\"_blank\" rel=\"noopener noreferrer\"><em>Jornal Brasil Atual<\/em><\/a>, nesta quarta-feira (6).<\/p>\n<p>Al\u00e9m de n\u00e3o propor sa\u00eddas para a crise, essas medidas representam uma continua\u00e7\u00e3o e aprofundamento do modelo econ\u00f4mico adotado a partir do\u00a0<a href=\"https:\/\/www.redebrasilatual.com.br\/politica\/2016\/10\/nenhum-pais-adotou-teto-de-gastos-como-o-da-pec-241-9710\/\" target=\"_blank\" rel=\"noopener noreferrer\">governo Temer<\/a>, e deve impactar diretamente na oferta e na qualidade dos servi\u00e7os p\u00fablicos, prejudicando os mais pobres. O plano prev\u00ea que, em situa\u00e7\u00f5es de crise fiscal, Uni\u00e3o, estados e munic\u00edpios poder\u00e3o reduzir em 25% as jornadas dos servidores p\u00fablicos, com redu\u00e7\u00e3o equivalente dos sal\u00e1rios por at\u00e9 12 meses, e a suspens\u00e3o de\u00a0promo\u00e7\u00f5es e progress\u00f5es na carreira, por at\u00e9 dois anos.<\/p>\n<p>Ao impactar a renda dos servidores, o economista prev\u00ea que essa redu\u00e7\u00e3o vai contribuir para uma queda ainda maior do consumo, reduzindo a oferta de empregos. \u201cA solu\u00e7\u00e3o deveria ser ativar o emprego para reduzir o d\u00e9ficit p\u00fablico. Enquanto o governo tiver esse olhar apenas cont\u00e1bil das contas p\u00fablicas, e n\u00e3o de uma forma mais abrangente, esses pacotes tendem a agravar a situa\u00e7\u00e3o, com regras que v\u00e3o manter essa situa\u00e7\u00e3o de forma indefinida.\u00a0O desemprego continua elevado, a economia n\u00e3o cresce e os investimentos p\u00fablicos e privados s\u00e3o baix\u00edssimos. A situa\u00e7\u00e3o \u00e9 de bastante pessimismo\u201d, afirmou Sics\u00fa.<\/p>\n<p>Ele diz desconfiar que esse tipo de medida ter\u00e1 aplica\u00e7\u00e3o limitada no tempo, prevendo a prorroga\u00e7\u00e3o indefinida desse estado de \u201cemerg\u00eancia\u201d. \u201cA tend\u00eancia \u00e9 de uma renova\u00e7\u00e3o sucessiva, como ocorria no governo FHC. Agora \u00e9 pior. Porque n\u00e3o pro\u00edbe apenas o reajuste, mas as promo\u00e7\u00f5es dos servidores. N\u00e3o tem nenhuma forma de ter qualquer aumento, ainda que seja por m\u00e9rito. Isso cria um clima geral de desmotiva\u00e7\u00e3o no servi\u00e7o p\u00fablico, que deve acarretar na queda da qualidade dos servi\u00e7os oferecidos \u00e0 popula\u00e7\u00e3o, principalmente nas \u00e1reas de sa\u00fade e educa\u00e7\u00e3o.\u201d<\/p>\n<p>Sobre a\u00a0<a href=\"https:\/\/www.redebrasilatual.com.br\/blogs\/blog-na-rede\/2019\/11\/plano-apresentado-por-paulo-guedes-e-um-ai-5-economico-define-professor\/\" target=\"_blank\" rel=\"noopener noreferrer\">desvincula\u00e7\u00e3o do or\u00e7amento<\/a>\u00a0nas \u00e1reas de sa\u00fade e educa\u00e7\u00e3o, o professor diz que as novas regras propostas ainda n\u00e3o est\u00e3o detalhadas o suficiente, mas n\u00e3o acredita na manuten\u00e7\u00e3o dos percentuais somados de investimentos em ambas as \u00e1reas. Para ele, o plano concebe uma redu\u00e7\u00e3o do tamanho do Estado brasileiro, baseado na cren\u00e7a de que o livre mercado \u00e9 capaz de suprir essas necessidades.<\/p>\n<p>\u201cJ\u00e1 foi provado pela hist\u00f3ria que toda vez que se tenta esse caminho, o resultado n\u00e3o \u00e9 satisfat\u00f3rio. O oposto \u00e9 que tem mostrado bons resultados, basta olhar para pa\u00edses europeus, como a Fran\u00e7a e a Inglaterra, que t\u00eam sa\u00fade e educa\u00e7\u00e3o p\u00fablicas para ver o resultado.\u00a0Imaginar que 200 milh\u00f5es de brasileiros possam ter plano de sa\u00fade e estudar em escolas e universidades particulares n\u00e3o \u00e9 conceb\u00edvel. S\u00e3o atividades que n\u00e3o devem ser movidas pelo lucro, e sim pela satisfa\u00e7\u00e3o dos cidad\u00e3os\u201d, disse o economista.<\/p>\n<p><strong>Fonte: Rede Brasil Atual<\/strong><\/p>\n","protected":false},"excerpt":{"rendered":"<p>Para o economista Jo\u00e3o Sics\u00fa, professor da Universidade Federal do Rio de Janeiro (UFRJ), o\u00a0Plano Mais Brasil\u00a0parte de um diagn\u00f3stico \u201cequivocado\u201d, ao considerar que o principal problema do pa\u00eds seria o endividamento p\u00fablico. Na verdade, o maior desafio hoje \u00e9 o desemprego, que sequer foi citado como uma preocupa\u00e7\u00e3o e que dever\u00e1 ser ser agravado [&hellip;]<\/p>\n","protected":false},"author":2,"featured_media":7873,"comment_status":"","ping_status":"","sticky":false,"template":"","format":"standard","meta":{"footnotes":""},"categories":[3],"tags":[],"class_list":["post-7874","post","type-post","status-publish","format-standard","has-post-thumbnail","hentry","category-noticias"],"_links":{"self":[{"href":"https:\/\/hostnetart.com.br\/baixada\/wp-json\/wp\/v2\/posts\/7874","targetHints":{"allow":["GET"]}}],"collection":[{"href":"https:\/\/hostnetart.com.br\/baixada\/wp-json\/wp\/v2\/posts"}],"about":[{"href":"https:\/\/hostnetart.com.br\/baixada\/wp-json\/wp\/v2\/types\/post"}],"author":[{"embeddable":true,"href":"https:\/\/hostnetart.com.br\/baixada\/wp-json\/wp\/v2\/users\/2"}],"replies":[{"embeddable":true,"href":"https:\/\/hostnetart.com.br\/baixada\/wp-json\/wp\/v2\/comments?post=7874"}],"version-history":[{"count":0,"href":"https:\/\/hostnetart.com.br\/baixada\/wp-json\/wp\/v2\/posts\/7874\/revisions"}],"wp:featuredmedia":[{"embeddable":true,"href":"https:\/\/hostnetart.com.br\/baixada\/wp-json\/wp\/v2\/media\/7873"}],"wp:attachment":[{"href":"https:\/\/hostnetart.com.br\/baixada\/wp-json\/wp\/v2\/media?parent=7874"}],"wp:term":[{"taxonomy":"category","embeddable":true,"href":"https:\/\/hostnetart.com.br\/baixada\/wp-json\/wp\/v2\/categories?post=7874"},{"taxonomy":"post_tag","embeddable":true,"href":"https:\/\/hostnetart.com.br\/baixada\/wp-json\/wp\/v2\/tags?post=7874"}],"curies":[{"name":"wp","href":"https:\/\/api.w.org\/{rel}","templated":true}]}}