{"id":7872,"date":"2019-11-06T13:50:29","date_gmt":"2019-11-06T16:50:29","guid":{"rendered":"https:\/\/hostnetart.com.br\/baixada\/cassi-boletim-detalha-proposta\/"},"modified":"2019-11-06T13:50:29","modified_gmt":"2019-11-06T16:50:29","slug":"cassi-boletim-detalha-proposta","status":"publish","type":"post","link":"https:\/\/hostnetart.com.br\/baixada\/cassi-boletim-detalha-proposta\/","title":{"rendered":"Cassi: Boletim detalha proposta"},"content":{"rendered":"<p>A Confedera\u00e7\u00e3o Nacional dos Trabalhadores do Ramo Financeiro (Contraf-CUT) disponibilizou na \u00e1rea restrita de seu site e enviou para os sindicatos e federa\u00e7\u00f5es os arquivos do boletim\u00a0<a href=\"https:\/\/contrafcut.com.br\/publicacoes\/o-espelho-especial-proposta-cassi-nov-2019\/\" target=\"_blank\" rel=\"noopener noreferrer\">O Espelho, especial<\/a>\u00a0sobre a nova proposta de reforma de estatuto da Caixa de Assist\u00eancia dos Funcion\u00e1rios do Banco do Brasil (Cassi).<\/p>\n<p>Fruto de negocia\u00e7\u00e3o entre as entidades representativas dos funcion\u00e1rios (Contraf-CUT, Anabb, AAFBB, FAABB) e a diretoria do Banco do Brasil, a proposta foi constru\u00edda em conjunto com os diretores e conselheiros eleitos e indicados da Cassi e traz melhorias aos associados, mesmo nesta conjuntura de ataque aos direitos dos trabalhadores, amea\u00e7as de privatiza\u00e7\u00e3o e destrui\u00e7\u00e3o das empresas p\u00fablicas.<\/p>\n<p>Os associados podem analisar\u00a0<a href=\"https:\/\/www.cassi.com.br\/futuroagora\/index.htm\" target=\"_blank\" rel=\"noopener noreferrer\">a proposta na \u00edntegra<\/a>\u00a0no site da Cassi e deliberar sobre a aprova\u00e7\u00e3o da mesma entre os dias 18 e 28 de novembro.<\/p>\n<p>\u201cA Cassi passa por um momento dif\u00edcil, com grande d\u00e9ficit fiscal e o risco de ter a carteira do plano associados alienada e transferida para o mercado de sa\u00fade privada. Esta proposta pode salvar nossa Caixa de Assist\u00eancia. Por isso, defendemos sua aprova\u00e7\u00e3o\u201d, disse o coordenador da Comiss\u00e3o de Empresa dos Funcion\u00e1rios do Banco do Brasil (CEBB), Jo\u00e3o Fukunaga.<\/p>\n<p><strong>Fonte:<\/strong>\u00a0<strong>Contraf-CUT<\/strong><\/p>\n","protected":false},"excerpt":{"rendered":"<p>A Confedera\u00e7\u00e3o Nacional dos Trabalhadores do Ramo Financeiro (Contraf-CUT) disponibilizou na \u00e1rea restrita de seu site e enviou para os sindicatos e federa\u00e7\u00f5es os arquivos do boletim\u00a0O Espelho, especial\u00a0sobre a nova proposta de reforma de estatuto da Caixa de Assist\u00eancia dos Funcion\u00e1rios do Banco do Brasil (Cassi). Fruto de negocia\u00e7\u00e3o entre as entidades representativas dos [&hellip;]<\/p>\n","protected":false},"author":2,"featured_media":7871,"comment_status":"","ping_status":"","sticky":false,"template":"","format":"standard","meta":{"footnotes":""},"categories":[3],"tags":[],"class_list":["post-7872","post","type-post","status-publish","format-standard","has-post-thumbnail","hentry","category-noticias"],"_links":{"self":[{"href":"https:\/\/hostnetart.com.br\/baixada\/wp-json\/wp\/v2\/posts\/7872","targetHints":{"allow":["GET"]}}],"collection":[{"href":"https:\/\/hostnetart.com.br\/baixada\/wp-json\/wp\/v2\/posts"}],"about":[{"href":"https:\/\/hostnetart.com.br\/baixada\/wp-json\/wp\/v2\/types\/post"}],"author":[{"embeddable":true,"href":"https:\/\/hostnetart.com.br\/baixada\/wp-json\/wp\/v2\/users\/2"}],"replies":[{"embeddable":true,"href":"https:\/\/hostnetart.com.br\/baixada\/wp-json\/wp\/v2\/comments?post=7872"}],"version-history":[{"count":0,"href":"https:\/\/hostnetart.com.br\/baixada\/wp-json\/wp\/v2\/posts\/7872\/revisions"}],"wp:featuredmedia":[{"embeddable":true,"href":"https:\/\/hostnetart.com.br\/baixada\/wp-json\/wp\/v2\/media\/7871"}],"wp:attachment":[{"href":"https:\/\/hostnetart.com.br\/baixada\/wp-json\/wp\/v2\/media?parent=7872"}],"wp:term":[{"taxonomy":"category","embeddable":true,"href":"https:\/\/hostnetart.com.br\/baixada\/wp-json\/wp\/v2\/categories?post=7872"},{"taxonomy":"post_tag","embeddable":true,"href":"https:\/\/hostnetart.com.br\/baixada\/wp-json\/wp\/v2\/tags?post=7872"}],"curies":[{"name":"wp","href":"https:\/\/api.w.org\/{rel}","templated":true}]}}