{"id":7866,"date":"2019-11-05T18:34:03","date_gmt":"2019-11-05T21:34:03","guid":{"rendered":"https:\/\/hostnetart.com.br\/baixada\/itau-lucra-mais-de-r-21-bi-com-demissoes-e-fechamentos-de-agencias\/"},"modified":"2019-11-05T18:34:03","modified_gmt":"2019-11-05T21:34:03","slug":"itau-lucra-mais-de-r-21-bi-com-demissoes-e-fechamentos-de-agencias","status":"publish","type":"post","link":"https:\/\/hostnetart.com.br\/baixada\/itau-lucra-mais-de-r-21-bi-com-demissoes-e-fechamentos-de-agencias\/","title":{"rendered":"Ita\u00fa lucra mais de R$21 bi com demiss\u00f5es e fechamentos de ag\u00eancias"},"content":{"rendered":"<p>O Ita\u00fa lucrou R$ 21,067 bilh\u00f5es nos nove primeiros meses de 2019, um crescimento de 9,4% em rela\u00e7\u00e3o ao mesmo per\u00edodo de 2018 e de 1,7% no trimestre. Ao final de setembro de 2019, como aponta os\u00a0<a href=\"https:\/\/contrafcut.com.br\/wp-content\/uploads\/2019\/11\/destaques-do-banco-itau_3tri2019.pdf?x35815\" target=\"_blank\" rel=\"noopener noreferrer\">destaques do Dieese<\/a>, a holding contava com 83.536 empregados no pa\u00eds, com fechamento de 3.534 postos de trabalho em doze meses. No segundo trimestre deste ano, o banco lan\u00e7ou um\u00a0<a href=\"https:\/\/spbancarios.com.br\/07\/2019\/itau-abre-programa-de-desligamento-voluntario\" target=\"_blank\" rel=\"noopener noreferrer\">Programa de Desligamento Volunt\u00e1rio (PDV<\/a>), ao qual segundo comunicado, atingiu 3,5 mil ades\u00f5es, gerando uma despesa n\u00e3o recorrente de R$ 2,4 bilh\u00f5es. Al\u00e9m do PDV, de acordo com o relat\u00f3rio do banco, a redu\u00e7\u00e3o anual do quadro de colaboradores no Brasil deve-se, tamb\u00e9m, ao encerramento de ag\u00eancias f\u00edsicas. Em doze meses, foram\u00a0<a href=\"https:\/\/contrafcut.com.br\/noticias\/itau-coe-debatera-sobre-emprego-e-fechamento-de-agencias\/\" target=\"_blank\" rel=\"noopener noreferrer\">fechadas 201 ag\u00eancias f\u00edsicas e abertas 23 ag\u00eancias digitais<\/a>, totalizando 3.330 e 196, respectivamente. O banco anunciou que o saldo de ag\u00eancias fechadas em 2019 deve chegar a 400.<\/p>\n<p>Para Jair Alves, coordenador da Comiss\u00e3o de Organiza\u00e7\u00e3o dos Empregados (COE) do Ita\u00fa, cabe aos funcion\u00e1rios cobrarem uma melhor distribui\u00e7\u00e3o da renda deste lucro. \u201cO banco obteve esse lucro devido \u00e0 redu\u00e7\u00e3o das ag\u00eancias f\u00edsicas e o aumento das ag\u00eancias digitais, al\u00e9m da redu\u00e7\u00e3o no n\u00famero de funcion\u00e1rios. A diminui\u00e7\u00e3o do n\u00famero de trabalhadores significa aumento da carga de trabalho. Est\u00e1 na hora de o banco contratar. Quem ficou, n\u00e3o pode ficar sobrecarregado.\u201d<\/p>\n<p>Jair disse que a COE vai cobrar mais contrata\u00e7\u00f5es e\u00a0<a href=\"https:\/\/contrafcut.com.br\/noticias\/bancarios-voltam-a-discutir-emprego-e-remuneracao-com-o-itau\/\" target=\"_blank\" rel=\"noopener noreferrer\">melhor distribui\u00e7\u00f5es dos lucros<\/a>. \u201cN\u00f3s queremos uma melhora dos programas que o banco tem. Os temas j\u00e1 est\u00e3o na pauta das negocia\u00e7\u00f5es que est\u00e3o acontecendo. Uma das reivindica\u00e7\u00f5es, \u00e9 um pagamento proporcional dentro do AGIR, que atualmente n\u00e3o existe. N\u00e3o \u00e9 nada mais justo que os funcion\u00e1rios ganhem proporcionalmente a que ele entrega\u201d, completou.<\/p>\n<p>De acordo com o banco, o crescimento da margem financeira com clientes, devido ao crescimento das carteiras de pessoas f\u00edsicas e de micro, pequenas e m\u00e9dias empresas; a evolu\u00e7\u00e3o da receita de presta\u00e7\u00e3o de servi\u00e7os; e a retomada do crescimento do segmento de grandes empresas ap\u00f3s quatro trimestres consecutivos foram os principais destaques positivos. O retorno recorrente sobre o Patrim\u00f4nio L\u00edquido m\u00e9dio anualizado (ROE) cresceu 1,8 pontos percentuais em doze meses, ficando em 23,5%.<\/p>\n<p>A Carteira de Cr\u00e9dito do banco apresentou crescimento de 8,3% em doze meses e 4,4% no trimestre, atingindo R$ 689 bilh\u00f5es. As opera\u00e7\u00f5es com pessoas f\u00edsicas (PF) cresceram 15% em rela\u00e7\u00e3o a setembro de 2018, chegando a R$ 229 bilh\u00f5es, com destaque para cart\u00e3o de cr\u00e9dito (+21,4%), cr\u00e9dito pessoal (+19,8%) e ve\u00edculos (+18%). As opera\u00e7\u00f5es com pessoas jur\u00eddicas (PJ) no pa\u00eds somaram R$ 188,1 bilh\u00f5es, com alta de 9,9% em doze meses. Ve\u00edculos (+104,4%), Capital de Giro (+18,4%) e o Cr\u00e9dito Rural (+10,9%) foram os destaques no segmento PJ. Dentre os segmentos que representam, em grande parte, cr\u00e9dito para grandes empresas, o Financiamento \u00e0 Exporta\u00e7\u00e3o\/Importa\u00e7\u00e3o apresentou alta de 7,8%, os demais apresentaram queda. A carteira de cr\u00e9dito para a Am\u00e9rica Latina apresentou queda de -0,8% no per\u00edodo. O \u00cdndice de Inadimpl\u00eancia superior a 90 dias, no pa\u00eds, caiu 0,1 pontos percentuais, ficando em 3,4%. Por sua vez, as despesas com provis\u00e3o para devedores duvidosos (PDD) cresceram 24%, totalizando R$ 14 bilh\u00f5es.<\/p>\n<p>A receita com presta\u00e7\u00e3o de servi\u00e7os e tarifas banc\u00e1rias cresceu 3,8% em doze meses, totalizando R$ 29,4 bilh\u00f5es. As despesas de pessoal, por sua vez, subiram 17,3%, somando, aproximadamente, R$ 20,6 bilh\u00f5es. Com isso, a cobertura destas pelas receitas secund\u00e1rias do banco foi de 143% no per\u00edodo.<\/p>\n<p><strong>Fonte: Contraf-CUT<\/strong><\/p>\n","protected":false},"excerpt":{"rendered":"<p>O Ita\u00fa lucrou R$ 21,067 bilh\u00f5es nos nove primeiros meses de 2019, um crescimento de 9,4% em rela\u00e7\u00e3o ao mesmo per\u00edodo de 2018 e de 1,7% no trimestre. Ao final de setembro de 2019, como aponta os\u00a0destaques do Dieese, a holding contava com 83.536 empregados no pa\u00eds, com fechamento de 3.534 postos de trabalho em [&hellip;]<\/p>\n","protected":false},"author":2,"featured_media":7865,"comment_status":"","ping_status":"","sticky":false,"template":"","format":"standard","meta":{"footnotes":""},"categories":[3],"tags":[],"class_list":["post-7866","post","type-post","status-publish","format-standard","has-post-thumbnail","hentry","category-noticias"],"_links":{"self":[{"href":"https:\/\/hostnetart.com.br\/baixada\/wp-json\/wp\/v2\/posts\/7866","targetHints":{"allow":["GET"]}}],"collection":[{"href":"https:\/\/hostnetart.com.br\/baixada\/wp-json\/wp\/v2\/posts"}],"about":[{"href":"https:\/\/hostnetart.com.br\/baixada\/wp-json\/wp\/v2\/types\/post"}],"author":[{"embeddable":true,"href":"https:\/\/hostnetart.com.br\/baixada\/wp-json\/wp\/v2\/users\/2"}],"replies":[{"embeddable":true,"href":"https:\/\/hostnetart.com.br\/baixada\/wp-json\/wp\/v2\/comments?post=7866"}],"version-history":[{"count":0,"href":"https:\/\/hostnetart.com.br\/baixada\/wp-json\/wp\/v2\/posts\/7866\/revisions"}],"wp:featuredmedia":[{"embeddable":true,"href":"https:\/\/hostnetart.com.br\/baixada\/wp-json\/wp\/v2\/media\/7865"}],"wp:attachment":[{"href":"https:\/\/hostnetart.com.br\/baixada\/wp-json\/wp\/v2\/media?parent=7866"}],"wp:term":[{"taxonomy":"category","embeddable":true,"href":"https:\/\/hostnetart.com.br\/baixada\/wp-json\/wp\/v2\/categories?post=7866"},{"taxonomy":"post_tag","embeddable":true,"href":"https:\/\/hostnetart.com.br\/baixada\/wp-json\/wp\/v2\/tags?post=7866"}],"curies":[{"name":"wp","href":"https:\/\/api.w.org\/{rel}","templated":true}]}}