{"id":7856,"date":"2019-11-04T13:53:37","date_gmt":"2019-11-04T16:53:37","guid":{"rendered":"https:\/\/hostnetart.com.br\/baixada\/mesmo-com-lucro-bilionario-bradesco-anuncia-fechamento-de-agencias\/"},"modified":"2019-11-04T13:53:37","modified_gmt":"2019-11-04T16:53:37","slug":"mesmo-com-lucro-bilionario-bradesco-anuncia-fechamento-de-agencias","status":"publish","type":"post","link":"https:\/\/hostnetart.com.br\/baixada\/mesmo-com-lucro-bilionario-bradesco-anuncia-fechamento-de-agencias\/","title":{"rendered":"Mesmo com lucro bilion\u00e1rio, Bradesco anuncia fechamento de ag\u00eancias"},"content":{"rendered":"<p>Poucas horas depois de divulgar um<a href=\"https:\/\/contrafcut.com.br\/noticias\/bradesco-ja-lucrou-mais-de-r-19-bi-em-2019\/\" target=\"_blank\" rel=\"noopener noreferrer\"> lucro de mais de 19 bi nos primeiros meses de 2019<\/a>, o presidente do Bradesco, Octavio de Lazari, anunciou que ir\u00e1 fechar 450 ag\u00eancias at\u00e9 o ano que vem.<\/p>\n<p>De acordo com mat\u00e9rias publicadas na grande imprensa, o banco precisa melhorar suas despesas operacionais, que est\u00e3o acima da meta estabelecida para 2019, e que est\u00e1 tomando medidas para isso \u2013 al\u00e9m do programa de demiss\u00e3o volunt\u00e1ria (PDV), com ades\u00e3o de mais de 3 mil funcion\u00e1rios. A Confedera\u00e7\u00e3o Nacional do Trabalhadores do Ramo Financeiro (Contraf-CUT) j\u00e1 enviou um of\u00edcio ao banco solicitando informa\u00e7\u00f5es sobre o fechamento de ag\u00eancias e a situa\u00e7\u00e3o dos banc\u00e1rios e uma reuni\u00e3o para tratar do assunto.<\/p>\n<p> Depois de fechar 50 ag\u00eancias at\u00e9 setembro, o Bradesco espera encerrar mais 100 unidades ainda este ano. Mais de 300 devem ser descontinuadas em 2020, conforme Lazari. Os fechamentos de ag\u00eancias ocorrer\u00e3o em todo o Brasil e n\u00e3o h\u00e1, segundo ele, uma regi\u00e3o espec\u00edfica. Ao fim de setembro, o Bradesco contava com 4.567 ag\u00eancias.<\/p>\n<p> \u201c\u00c9 lament\u00e1vel que, mesmo com lucro crescente, a decis\u00e3o do banco seja a retirada de emprego. Este \u00e9 um dos pontos priorit\u00e1rios da nossa minuta de reivindica\u00e7\u00f5es, a garantia de emprego\u201d, afirmou Magaly Fagundes, coordenador da Comiss\u00e3o de Organiza\u00e7\u00e3o dos Empregados (COE) do Bradesco.<\/p>\n<p><strong>Fonte: Contraf-CUT<\/strong><\/p>\n","protected":false},"excerpt":{"rendered":"<p>Poucas horas depois de divulgar um lucro de mais de 19 bi nos primeiros meses de 2019, o presidente do Bradesco, Octavio de Lazari, anunciou que ir\u00e1 fechar 450 ag\u00eancias at\u00e9 o ano que vem. De acordo com mat\u00e9rias publicadas na grande imprensa, o banco precisa melhorar suas despesas operacionais, que est\u00e3o acima da meta [&hellip;]<\/p>\n","protected":false},"author":2,"featured_media":7855,"comment_status":"","ping_status":"","sticky":false,"template":"","format":"standard","meta":{"footnotes":""},"categories":[3],"tags":[],"class_list":["post-7856","post","type-post","status-publish","format-standard","has-post-thumbnail","hentry","category-noticias"],"_links":{"self":[{"href":"https:\/\/hostnetart.com.br\/baixada\/wp-json\/wp\/v2\/posts\/7856","targetHints":{"allow":["GET"]}}],"collection":[{"href":"https:\/\/hostnetart.com.br\/baixada\/wp-json\/wp\/v2\/posts"}],"about":[{"href":"https:\/\/hostnetart.com.br\/baixada\/wp-json\/wp\/v2\/types\/post"}],"author":[{"embeddable":true,"href":"https:\/\/hostnetart.com.br\/baixada\/wp-json\/wp\/v2\/users\/2"}],"replies":[{"embeddable":true,"href":"https:\/\/hostnetart.com.br\/baixada\/wp-json\/wp\/v2\/comments?post=7856"}],"version-history":[{"count":0,"href":"https:\/\/hostnetart.com.br\/baixada\/wp-json\/wp\/v2\/posts\/7856\/revisions"}],"wp:featuredmedia":[{"embeddable":true,"href":"https:\/\/hostnetart.com.br\/baixada\/wp-json\/wp\/v2\/media\/7855"}],"wp:attachment":[{"href":"https:\/\/hostnetart.com.br\/baixada\/wp-json\/wp\/v2\/media?parent=7856"}],"wp:term":[{"taxonomy":"category","embeddable":true,"href":"https:\/\/hostnetart.com.br\/baixada\/wp-json\/wp\/v2\/categories?post=7856"},{"taxonomy":"post_tag","embeddable":true,"href":"https:\/\/hostnetart.com.br\/baixada\/wp-json\/wp\/v2\/tags?post=7856"}],"curies":[{"name":"wp","href":"https:\/\/api.w.org\/{rel}","templated":true}]}}