{"id":7848,"date":"2019-10-31T17:02:23","date_gmt":"2019-10-31T20:02:23","guid":{"rendered":"https:\/\/hostnetart.com.br\/baixada\/caixa-abre-novo-pdv-para-mil-empregados\/"},"modified":"2019-10-31T17:02:23","modified_gmt":"2019-10-31T20:02:23","slug":"caixa-abre-novo-pdv-para-mil-empregados","status":"publish","type":"post","link":"https:\/\/hostnetart.com.br\/baixada\/caixa-abre-novo-pdv-para-mil-empregados\/","title":{"rendered":"Caixa abre novo PDV para mil empregados"},"content":{"rendered":"<p>A Caixa Econ\u00f4mica Federal anunciou nesta quarta-feira (30) a abertura de um novo programa de demiss\u00e3o volunt\u00e1ria (PDV) para mil empregados.<\/p>\n<p>Segundo a institui\u00e7\u00e3o estatal, a ades\u00e3o dever\u00e1 ser feita entre os dias 1 e 8 de novembro. Os desligamentos dos trabalhadores da Matriz e das filiais ser\u00e1 entre 2 e 8 de dezembro e o das ag\u00eancias e SR entre 16 e 20 de dezembro.<\/p>\n<p>Os inscritos no PDV vigente n\u00e3o podem participar. Tamb\u00e9m n\u00e3o poder\u00e1 ocorrer migra\u00e7\u00e3o de data de um PDV para o outro.<\/p>\n<p>Este \u00e9 o quarto PDV aberto pela Caixa nos \u00faltimos anos. No\u00a0<a href=\"https:\/\/contrafcut.com.br\/noticias\/caixa-anuncia-programa-de-demissao-voluntaria-ec5d\/\">primeiro, em 2017<\/a>, o alvo eram os empregados aposentados pelo INSS ou que poderiam se aposentar at\u00e9 30 de junho daquele ano.\u00a0<a href=\"https:\/\/contrafcut.com.br\/noticias\/caixa-divulga-volta-do-pdve-cc53\/\">Em julho<\/a>\u00a0do mesmo ano, o banco anunciou a reabertura para completar a meta de 10 mil que n\u00e3o foi cumprida inicialmente.\u00a0<a href=\"https:\/\/contrafcut.com.br\/noticias\/contraf-cut-cobra-a-reposicao-do-quadro-de-empregados-da-caixa\/\">Em maio de 201<\/a>9, teve o terceiro para 3,5 mil empregados.<\/p>\n<p>\u201cA nossa luta \u00e9 para melhores condi\u00e7\u00f5es de trabalho e de atendimento \u00e0 popula\u00e7\u00e3o. Para isso, precisamos de mais trabalhadores e n\u00e3o menos. Esta redu\u00e7\u00e3o prejudica n\u00e3o s\u00f3 os trabalhadores que ficam, como tamb\u00e9m a popula\u00e7\u00e3o, que \u00e9 prejudicada diretamente. N\u00f3s queremos mais contrata\u00e7\u00f5es, os aprovados no concurso de 2014 precisam ser chamados para come\u00e7arem a trabalhar\u201d, afirmou Dion\u00edsio Reis, coordenador da Comiss\u00e3o Executiva dos Empregados (CEE) da Caixa.<\/p>\n<p><strong>Fonte: Contraf-CUT<\/strong><\/p>\n","protected":false},"excerpt":{"rendered":"<p>A Caixa Econ\u00f4mica Federal anunciou nesta quarta-feira (30) a abertura de um novo programa de demiss\u00e3o volunt\u00e1ria (PDV) para mil empregados. Segundo a institui\u00e7\u00e3o estatal, a ades\u00e3o dever\u00e1 ser feita entre os dias 1 e 8 de novembro. Os desligamentos dos trabalhadores da Matriz e das filiais ser\u00e1 entre 2 e 8 de dezembro e [&hellip;]<\/p>\n","protected":false},"author":2,"featured_media":7847,"comment_status":"","ping_status":"","sticky":false,"template":"","format":"standard","meta":{"footnotes":""},"categories":[3],"tags":[],"class_list":["post-7848","post","type-post","status-publish","format-standard","has-post-thumbnail","hentry","category-noticias"],"_links":{"self":[{"href":"https:\/\/hostnetart.com.br\/baixada\/wp-json\/wp\/v2\/posts\/7848","targetHints":{"allow":["GET"]}}],"collection":[{"href":"https:\/\/hostnetart.com.br\/baixada\/wp-json\/wp\/v2\/posts"}],"about":[{"href":"https:\/\/hostnetart.com.br\/baixada\/wp-json\/wp\/v2\/types\/post"}],"author":[{"embeddable":true,"href":"https:\/\/hostnetart.com.br\/baixada\/wp-json\/wp\/v2\/users\/2"}],"replies":[{"embeddable":true,"href":"https:\/\/hostnetart.com.br\/baixada\/wp-json\/wp\/v2\/comments?post=7848"}],"version-history":[{"count":0,"href":"https:\/\/hostnetart.com.br\/baixada\/wp-json\/wp\/v2\/posts\/7848\/revisions"}],"wp:featuredmedia":[{"embeddable":true,"href":"https:\/\/hostnetart.com.br\/baixada\/wp-json\/wp\/v2\/media\/7847"}],"wp:attachment":[{"href":"https:\/\/hostnetart.com.br\/baixada\/wp-json\/wp\/v2\/media?parent=7848"}],"wp:term":[{"taxonomy":"category","embeddable":true,"href":"https:\/\/hostnetart.com.br\/baixada\/wp-json\/wp\/v2\/categories?post=7848"},{"taxonomy":"post_tag","embeddable":true,"href":"https:\/\/hostnetart.com.br\/baixada\/wp-json\/wp\/v2\/tags?post=7848"}],"curies":[{"name":"wp","href":"https:\/\/api.w.org\/{rel}","templated":true}]}}