{"id":7846,"date":"2019-10-31T16:36:21","date_gmt":"2019-10-31T19:36:21","guid":{"rendered":"https:\/\/hostnetart.com.br\/baixada\/estado-ainda-confina-e-priva-negros-lgbts-e-mulheres-do-direito-a-cidade\/"},"modified":"2019-10-31T16:36:21","modified_gmt":"2019-10-31T19:36:21","slug":"estado-ainda-confina-e-priva-negros-lgbts-e-mulheres-do-direito-a-cidade","status":"publish","type":"post","link":"https:\/\/hostnetart.com.br\/baixada\/estado-ainda-confina-e-priva-negros-lgbts-e-mulheres-do-direito-a-cidade\/","title":{"rendered":"Estado ainda confina e priva negros, LGBTs e mulheres do direito \u00e0 cidade"},"content":{"rendered":"<p>No Dia Mundial das Cidades, comemorado nesta quinta-feira (31), o Instituto P\u00f3lis apresenta uma s\u00e9rie de atividades como parte do evento \u201c<em>Na rua que a gente se encontra: rol\u00eas por espa\u00e7os p\u00fablicos de S\u00e3o Paulo<\/em>\u201c, que ocorre das 9h \u00e0s 20h, no audit\u00f3rio da ONG, na Rep\u00fablica, na regi\u00e3o central da capital paulista. Com\u00a0<a href=\"https:\/\/www.facebook.com\/events\/481403472704530\/\" target=\"_blank\" rel=\"noopener noreferrer\">oficina e debates ao longo do dia<\/a>, o evento reflete que tipo de cidade tem se constru\u00eddo para a popula\u00e7\u00e3o, olhando esses lugares por diferentes perspectivas com intuito de fincar a\u00a0<a href=\"https:\/\/www.redebrasilatual.com.br\/cidadania\/2019\/07\/preta-ferreira-luta-direito-cidade\/\" target=\"_blank\" rel=\"noopener noreferrer\">bandeira do direito \u00e0 cidade<\/a>\u00a0e garantir espa\u00e7os p\u00fablicos que sejam seguros, inclusivos e democr\u00e1ticos.<\/p>\n<p>Realizado em parceria com o\u00a0<em>Habitat Internacional Coalition<\/em>\u00a0\u2013 Am\u00e9rica Latina (HIC-AL),\u00a0<em>Global Platform for the Right to the City<\/em>, Unicab e o<a href=\"https:\/\/www.redebrasilatual.com.br\/cidadania\/2018\/12\/coletivo-reconta-historia-e-memoria-negra-apagadas-do-centro-de-sao-paulo\/\" target=\"_blank\" rel=\"noopener noreferrer\">\u00a0coletivo Cartografia Negra<\/a>, o evento chama aten\u00e7\u00e3o principalmente para a apropria\u00e7\u00e3o de espa\u00e7os por grupos considerados minorit\u00e1rios por terem seus direitos renegados, entre eles, os\u00a0<a href=\"https:\/\/www.redebrasilatual.com.br\/radio\/2011\/10\/prefeitura-se-nega-a-negociar-com-vendedores-ambulantes\/\" target=\"_blank\" rel=\"noopener noreferrer\">trabalhadores informais<\/a>\u00a0que fazem das ruas local de trabalho como\u00a0<a href=\"https:\/\/www.redebrasilatual.com.br\/trabalho\/2019\/03\/em-ato-ambulantes-dao-cara-a-informalidade-que-agrava-reforma-da-previdencia\/\" target=\"_blank\" rel=\"noopener noreferrer\">vendedores ambulantes<\/a>. A sa\u00edda encontrada para fugir do desemprego, no entanto, enfrenta uma \u201ccriminaliza\u00e7\u00e3o pela gest\u00e3o p\u00fablica\u201d, como lembra o assessor de Rela\u00e7\u00f5es Internacionais do Instituto P\u00f3lis, Rodrigo Iacovini.<\/p>\n<p>\u201cTem uma ordem social e p\u00fablica, entre muitas aspas a\u00ed, que legitima essa criminaliza\u00e7\u00e3o que a prefeitura e a pol\u00edcia tentam impor a esses trabalhadores e trabalhadoras. Isso tem sido uma quest\u00e3o muito complicada porque, na verdade, diz quem define para quem que \u00e9 o espa\u00e7o p\u00fablico, quando o espa\u00e7o p\u00fablico deveria ser definido para a efetiva\u00e7\u00e3o do direito \u00e0 cidade da pessoa, de todos os habitantes, e dentro disso a possibilidade de ela ganhar sua vida e sustentar sua fam\u00edlia\u201d, defende Iacovini em entrevista \u00e0 jornalista Marilu Cab\u00e3nas, da\u00a0<strong>R\u00e1dio Brasil Atual<\/strong>.<\/p>\n<p>Pesquisador, urbanista e coordenador da Plataforma Global pelo Direito \u00e0 Cidade, ele afirma que, da forma como a cidade est\u00e1 pensada hoje, o\u00a0<a href=\"https:\/\/www.redebrasilatual.com.br\/educacao\/2019\/07\/politica-do-governo-bolsonaro-para-populacao-lgbti-e-genocida-e-impede-acesso-a-cidadania\/\" target=\"_blank\" rel=\"noopener noreferrer\">acesso das pessoas LGBT<\/a>\u00a0tamb\u00e9m fica inviabilizado.\u201dS\u00e3o v\u00e1rias formas de confinamento, de \u2018arm\u00e1rio\u2019, que a cidade nos coloca dentro e que a gente est\u00e1 sempre tentando romper\u201d, ressalta, sobre o movimento reivindicando visibilidade nos espa\u00e7os p\u00fablicos, como tamb\u00e9m tem feito historicamente a popula\u00e7\u00e3o negra.<\/p>\n<p>O tema integra a discuss\u00e3o do coletivo Cartografia Negra, que<a href=\"https:\/\/www.redebrasilatual.com.br\/cidadania\/2019\/08\/em-livro-jornalista-traz-tres-seculos-de-luta-das-mulheres-negras-no-brasil\/\" target=\"_blank\" rel=\"noopener noreferrer\">\u00a0resgata os lugares hist\u00f3ricos constru\u00eddos e ressignificados<\/a>\u00a0por essa popula\u00e7\u00e3o, como o bairro na Liberdade, no centro da capital.\u00a0\u201c\u00c9 recolocar a popula\u00e7\u00e3o negra na hist\u00f3ria urbana de S\u00e3o Paulo e coloca-l\u00e1 como sujeita de direitos e do direito \u00e0 cidade\u201d<\/p>\n<p>O evento segue na parte da noite com uma roda de conversa aberta e sem necessidade de inscri\u00e7\u00e3o, debatendo essas quest\u00f5es na\u00a0<a href=\"https:\/\/www.redebrasilatual.com.br\/mundo\/2019\/10\/derrota-de-macri-e-protestos-no-chile-preconizam-e-o-fim-da-onda-neoliberal-na-america-latina\/\" target=\"_blank\" rel=\"noopener noreferrer\">Am\u00e9rica Latina<\/a>\u00a0com vozes da Argentina e M\u00e9xico. De acordo com Iacovini, a ideia \u00e9 levantar as converg\u00eancias e diverg\u00eancias entre os lugares. \u201cElas podem nos ajudar bastante para apontar caminhos\u00a0para o nosso espa\u00e7o p\u00fablico de S\u00e3o Paulo e outras cidades brasileiras e, ao mesmo tempo, tamb\u00e9m incidir sobre esses outros pa\u00edses e realidades.\u00a0 Direito \u00e0 cidade \u00e9 uma bandeira internacional\u201d, destaca.<\/p>\n<p>O Instituto P\u00f3lis fica na Rua Ara\u00fajo, 124, na regi\u00e3o da Pra\u00e7a Rep\u00fablica, centro da capital.<\/p>\n<h3>Confira a entrevista da R\u00e1dio Brasil Atual<\/h3>\n<p>{youtube}RBY9lMi-Kig{\/youtube}<\/p>\n<p><strong>Fonte: Rede Brasil Atual<\/strong><\/p>\n","protected":false},"excerpt":{"rendered":"<p>No Dia Mundial das Cidades, comemorado nesta quinta-feira (31), o Instituto P\u00f3lis apresenta uma s\u00e9rie de atividades como parte do evento \u201cNa rua que a gente se encontra: rol\u00eas por espa\u00e7os p\u00fablicos de S\u00e3o Paulo\u201c, que ocorre das 9h \u00e0s 20h, no audit\u00f3rio da ONG, na Rep\u00fablica, na regi\u00e3o central da capital paulista. Com\u00a0oficina e [&hellip;]<\/p>\n","protected":false},"author":2,"featured_media":7845,"comment_status":"","ping_status":"","sticky":false,"template":"","format":"standard","meta":{"footnotes":""},"categories":[3],"tags":[],"class_list":["post-7846","post","type-post","status-publish","format-standard","has-post-thumbnail","hentry","category-noticias"],"_links":{"self":[{"href":"https:\/\/hostnetart.com.br\/baixada\/wp-json\/wp\/v2\/posts\/7846","targetHints":{"allow":["GET"]}}],"collection":[{"href":"https:\/\/hostnetart.com.br\/baixada\/wp-json\/wp\/v2\/posts"}],"about":[{"href":"https:\/\/hostnetart.com.br\/baixada\/wp-json\/wp\/v2\/types\/post"}],"author":[{"embeddable":true,"href":"https:\/\/hostnetart.com.br\/baixada\/wp-json\/wp\/v2\/users\/2"}],"replies":[{"embeddable":true,"href":"https:\/\/hostnetart.com.br\/baixada\/wp-json\/wp\/v2\/comments?post=7846"}],"version-history":[{"count":0,"href":"https:\/\/hostnetart.com.br\/baixada\/wp-json\/wp\/v2\/posts\/7846\/revisions"}],"wp:featuredmedia":[{"embeddable":true,"href":"https:\/\/hostnetart.com.br\/baixada\/wp-json\/wp\/v2\/media\/7845"}],"wp:attachment":[{"href":"https:\/\/hostnetart.com.br\/baixada\/wp-json\/wp\/v2\/media?parent=7846"}],"wp:term":[{"taxonomy":"category","embeddable":true,"href":"https:\/\/hostnetart.com.br\/baixada\/wp-json\/wp\/v2\/categories?post=7846"},{"taxonomy":"post_tag","embeddable":true,"href":"https:\/\/hostnetart.com.br\/baixada\/wp-json\/wp\/v2\/tags?post=7846"}],"curies":[{"name":"wp","href":"https:\/\/api.w.org\/{rel}","templated":true}]}}