{"id":7840,"date":"2019-10-31T16:30:01","date_gmt":"2019-10-31T19:30:01","guid":{"rendered":"https:\/\/hostnetart.com.br\/baixada\/bancarios-reforcam-luta-em-defesa-das-estatais-em-brasilia\/"},"modified":"2019-10-31T16:30:01","modified_gmt":"2019-10-31T19:30:01","slug":"bancarios-reforcam-luta-em-defesa-das-estatais-em-brasilia","status":"publish","type":"post","link":"https:\/\/hostnetart.com.br\/baixada\/bancarios-reforcam-luta-em-defesa-das-estatais-em-brasilia\/","title":{"rendered":"Banc\u00e1rios refor\u00e7am luta em defesa das estatais, em Bras\u00edlia"},"content":{"rendered":"<p>Uma multid\u00e3o foi \u00e0s ruas de Bras\u00edlia, nesta quarta-feira (30), para protestar contra a pol\u00edtica econ\u00f4mica do governo de Jair Bolsonaro (PSL). Com cartazes e palavras de ordem, num ato pac\u00edfico, trabalhadores de bancos p\u00fablicos e empresas p\u00fablicas se somaram \u00e0 movimentos sociais para dar o recado: N\u00e3o mexam nos bancos p\u00fablicos e nas empresas p\u00fablicas!<\/p>\n<div class=\"wp-block-image\">\n<figure class=\"alignleft is-resized\"><img fetchpriority=\"high\" decoding=\"async\" class=\"wp-image-275369 lazyloaded\" src=\"https:\/\/contrafcut.com.br\/wp-content\/uploads\/2019\/10\/2019-10-30-ato-brasilia.jpg?x35815\" sizes=\"(max-width: 389px) 100vw, 389px\" srcset=\"https:\/\/contrafcut.com.br\/wp-content\/uploads\/2019\/10\/2019-10-30-ato-brasilia.jpg 2400w, https:\/\/contrafcut.com.br\/wp-content\/uploads\/2019\/10\/2019-10-30-ato-brasilia-165x110.jpg 165w, https:\/\/contrafcut.com.br\/wp-content\/uploads\/2019\/10\/2019-10-30-ato-brasilia-345x230.jpg 345w, https:\/\/contrafcut.com.br\/wp-content\/uploads\/2019\/10\/2019-10-30-ato-brasilia-768x512.jpg 768w, https:\/\/contrafcut.com.br\/wp-content\/uploads\/2019\/10\/2019-10-30-ato-brasilia-750x500.jpg 750w\" alt=\"\" width=\"389\" height=\"259\" data-lazy-srcset=\"https:\/\/contrafcut.com.br\/wp-content\/uploads\/2019\/10\/2019-10-30-ato-brasilia.jpg 2400w, https:\/\/contrafcut.com.br\/wp-content\/uploads\/2019\/10\/2019-10-30-ato-brasilia-165x110.jpg 165w, https:\/\/contrafcut.com.br\/wp-content\/uploads\/2019\/10\/2019-10-30-ato-brasilia-345x230.jpg 345w, https:\/\/contrafcut.com.br\/wp-content\/uploads\/2019\/10\/2019-10-30-ato-brasilia-768x512.jpg 768w, https:\/\/contrafcut.com.br\/wp-content\/uploads\/2019\/10\/2019-10-30-ato-brasilia-750x500.jpg 750w\" data-lazy-sizes=\"(max-width: 389px) 100vw, 389px\" data-lazy-src=\"https:\/\/contrafcut.com.br\/wp-content\/uploads\/2019\/10\/2019-10-30-ato-brasilia.jpg?x35815\" data-was-processed=\"true\" \/><figcaption>Cr\u00e9dito: Augusto Coelho\/Fenae<\/figcaption><\/figure>\n<\/div>\n<p>Durante a manifesta\u00e7\u00e3o, a presidenta da Confedera\u00e7\u00e3o Nacional dos Trabalhadores do Ramo Financeiro (Contraf-CUT), Juvandia Moreira, enfatizou a import\u00e2ncia da luta em defesa do patrim\u00f4nio p\u00fablico. \u201cHoje fizemos o Dia Nacional de Mobiliza\u00e7\u00e3o e Luta contra a pol\u00edtica do ministro da Economia, Paulo Guedes, que est\u00e1 entregando as estatais, desmontando o servi\u00e7o p\u00fablico, como a educa\u00e7\u00e3o e a sa\u00fade. Estamos lutando para reverter esse quadro e, n\u00f3s, os banc\u00e1rios de todo o Brasil, estamos aqui porque sabemos a import\u00e2ncia de fazer essa luta em defesa do patrim\u00f4nio brasileiro\u201d, disse.<\/p>\n<p>Juvandia alertou ainda sobre a situa\u00e7\u00e3o de grande parte dos trabalhadores e trabalhadoras no pa\u00eds. \u201cO Brasil possui mais de 12 milh\u00f5es de desempregados e tem quase 28 milh\u00f5es de pessoas que est\u00e3o em subemprego, no desalento, precarizados. N\u00e3o podemos permitir que entreguem as estatais, tudo isso vai causar preju\u00edzo para popula\u00e7\u00e3o brasileira. Por isso, queremos emprego e renda\u201d, reafirmou a presidenta da Contraf-CUT.<\/p>\n<p>De acordo com o presidente da CUT Nacional, S\u00e9rgio Nobre, o governo desrespeita a popula\u00e7\u00e3o quando prop\u00f5e a privatiza\u00e7\u00e3o das empresas p\u00fablicas e dos bancos p\u00fablicos. \u201cAs estatais brasileiras s\u00e3o patrim\u00f4nio do povo e instrumentos de desenvolvimento do nosso pa\u00eds e n\u00f3s n\u00e3o podemos permitir que, de maneira nenhuma, eles vendam as estatais\u201d, disse.<\/p>\n<p>Em um pa\u00eds como o Brasil, onde a iniciativa privada e as empresas multinacionais n\u00e3o fazem investimentos, a \u00fanica possibilidade de o pa\u00eds crescer \u00e9 com investimento do Estado, do BNDES, das empresas estatais que eles querem destruir, explicou o presidente da CUT.<\/p>\n<p>Para a deputada federal Erika Kokay, que \u00e9 banc\u00e1ria, \u201co pa\u00eds pensado por Jair Bolsonaro \u00e9 um pa\u00eds onde n\u00e3o cabe o povo brasileiro. O povo est\u00e1 exclu\u00eddo do or\u00e7amento e de qualquer tipo de programa e de desenvolvimento nacional. Esse pa\u00eds \u00e9 um pa\u00eds que entrega as nossas riquezas para outros pa\u00edses, abre m\u00e3o dos seus instrumentos estrat\u00e9gicos, como os bancos p\u00fablicos, a energia e o petr\u00f3leo\u201d, afirmou.<\/p>\n<p>Erika reafirmou a import\u00e2ncia da resist\u00eancia na luta em defesa da soberania nacional. \u201cEsse pa\u00eds vai ter a nossa resist\u00eancia porque entendemos que o Brasil se faz Brasil e respeita o seu povo com as empresas p\u00fablicas fundamentais para o seu desenvolvimento. N\u00e3o pode ser um para\u00edso do capitalismo financeiro. O Brasil tem que ser o para\u00edso para o seu povo. \u00a0Por isso n\u00e3o toque nos bancos p\u00fablicos, nas empresas p\u00fablicas\u201d, disse.<\/p>\n<p>A presidenta do PT e deputada Federal, Gleisi Hoffmann, acrescentou que este governo vem atacando v\u00e1rios pontos da Constitui\u00e7\u00e3o Federal e refor\u00e7ou a import\u00e2ncia das estatais para o desenvolvimento do pa\u00eds e para os brasileiros e brasileiras que precisam de acesso garantido \u00e0 sa\u00fade e educa\u00e7\u00e3o gratuitas e de qualidade, a saneamento b\u00e1sico e todos os servi\u00e7os p\u00fablicos que o estado tem obriga\u00e7\u00e3o de oferecer. Para ela, \u00e9 muito importante fazer o di\u00e1logo com o povo mostrando de onde v\u00eam os recursos para investir nessas \u00e1reas e trazer mais gente para a luta.<\/p>\n<p>\u201cN\u00f3s temos a obriga\u00e7\u00e3o de conversar com o povo brasileiro e esclarecer que quando lutamos contra privatiza\u00e7\u00e3o n\u00e3o \u00e9 s\u00f3 pelo sal\u00e1rio e, sim, pela democratiza\u00e7\u00e3o da informa\u00e7\u00e3o, acesso ao sistema financeiro diferenciado e pela inclus\u00e3o de todos e todas\u201d, afirmou.<\/p>\n<h3><strong>Carta aberta ao povo brasileiro<\/strong><\/h3>\n<p>Durante o ato foi distribu\u00edda uma carta \u00e0 popula\u00e7\u00e3o explicando os motivos desta mobiliza\u00e7\u00e3o. Confira a \u00edntegra da nota abaixo.<\/p>\n<p>CARTA ABERTA AO POVO BRASILEIRO<\/p>\n<p>N\u00f3s, brasileiros e brasileiras, trabalhadores e trabalhadoras do campo e da cidade, mulheres, jovens, negros e negras, construtores e construtoras do movimento sindical e das lutas populares do nosso pa\u00eds, nos mobilizamos nesta quarta-feira, 30 de outubro de 2019, nas ruas da capital federal, para manifestar nossa indigna\u00e7\u00e3o com o governo Jair Bolsonaro e sua pol\u00edtica econ\u00f4mica que agrava a crise econ\u00f4mica, n\u00e3o gera empregos, ataca nossos direitos sociais e a soberania do nosso pa\u00eds.<\/p>\n<p>As a\u00e7\u00f5es e as rea\u00e7\u00f5es do governo \u2013 e a falta delas \u2013 s\u00f3 fazem piorar a situa\u00e7\u00e3o do povo brasileiro. A economia n\u00e3o cresce. Os desempregados j\u00e1 s\u00e3o 12,6 milh\u00f5es. Somando desempregados, trabalhadores desalentados e aqueles que s\u00f3 conseguem trabalhos com jornadas parciais, o Brasil tem hoje 27,8 milh\u00f5es de trabalhadores subutilizados.<\/p>\n<p>A desigualdade social s\u00f3 aumenta. O 1% mais rico do pa\u00eds, que s\u00e3o 2,1 milh\u00f5es de pessoas, ganham 34 vezes mais do que os 104 milh\u00f5es de brasileiros que comp\u00f5em a metade mais pobre da popula\u00e7\u00e3o. Os rendimentos dessa parcela mais rica cresceram 8%, enquanto o dos mais pobres caiu 3%. De toda a renda do Brasil, 40% est\u00e3o nas m\u00e3os de apenas 10% da popula\u00e7\u00e3o, dados que revelam recordes hist\u00f3ricos de desigualdade.<\/p>\n<p>Temos um governo que assiste e promove a destrui\u00e7\u00e3o do pa\u00eds. O ano iniciou com mais um crime da Vale, matando 251 trabalhadores em Brumadinho e vemos, at\u00e9 agora, a in\u00e9rcia do Estado na responsabiliza\u00e7\u00e3o e puni\u00e7\u00e3o dos envolvidos. Assistimos, depois, a escalada criminosa das queimadas na Amaz\u00f4nia e, agora, o \u00f3leo que mancha e polui o litoral do Nordeste sem que o presidente Bolsonaro se digne sequer a visitar a \u00e1rea. \u00c9 sempre o lucro acima da vida.<\/p>\n<p>N\u00e3o podemos mais aceitar que o povo trabalhador seja tratado como respons\u00e1vel por essa crise, como querem Bolsonaro e seu ministro Paulo Guedes. Para eles, a \u201csolu\u00e7\u00e3o\u201d \u00e9 tudo para os ricos e patr\u00f5es e a destrui\u00e7\u00e3o, o corte e a comercializa\u00e7\u00e3o dos direitos da maioria do povo. Assim foi com a reforma da Previd\u00eancia, com os cortes na educa\u00e7\u00e3o, o congelamento dos investimentos sociais e as propostas de reforma administrativa, tribut\u00e1ria e de mais cortes nos direitos dos trabalhadores.<\/p>\n<p><strong>Fonte: Contraf-CUT<\/strong><\/p>\n","protected":false},"excerpt":{"rendered":"<p>Uma multid\u00e3o foi \u00e0s ruas de Bras\u00edlia, nesta quarta-feira (30), para protestar contra a pol\u00edtica econ\u00f4mica do governo de Jair Bolsonaro (PSL). Com cartazes e palavras de ordem, num ato pac\u00edfico, trabalhadores de bancos p\u00fablicos e empresas p\u00fablicas se somaram \u00e0 movimentos sociais para dar o recado: N\u00e3o mexam nos bancos p\u00fablicos e nas empresas [&hellip;]<\/p>\n","protected":false},"author":2,"featured_media":7839,"comment_status":"","ping_status":"","sticky":false,"template":"","format":"standard","meta":{"footnotes":""},"categories":[3],"tags":[],"class_list":["post-7840","post","type-post","status-publish","format-standard","has-post-thumbnail","hentry","category-noticias"],"_links":{"self":[{"href":"https:\/\/hostnetart.com.br\/baixada\/wp-json\/wp\/v2\/posts\/7840","targetHints":{"allow":["GET"]}}],"collection":[{"href":"https:\/\/hostnetart.com.br\/baixada\/wp-json\/wp\/v2\/posts"}],"about":[{"href":"https:\/\/hostnetart.com.br\/baixada\/wp-json\/wp\/v2\/types\/post"}],"author":[{"embeddable":true,"href":"https:\/\/hostnetart.com.br\/baixada\/wp-json\/wp\/v2\/users\/2"}],"replies":[{"embeddable":true,"href":"https:\/\/hostnetart.com.br\/baixada\/wp-json\/wp\/v2\/comments?post=7840"}],"version-history":[{"count":0,"href":"https:\/\/hostnetart.com.br\/baixada\/wp-json\/wp\/v2\/posts\/7840\/revisions"}],"wp:featuredmedia":[{"embeddable":true,"href":"https:\/\/hostnetart.com.br\/baixada\/wp-json\/wp\/v2\/media\/7839"}],"wp:attachment":[{"href":"https:\/\/hostnetart.com.br\/baixada\/wp-json\/wp\/v2\/media?parent=7840"}],"wp:term":[{"taxonomy":"category","embeddable":true,"href":"https:\/\/hostnetart.com.br\/baixada\/wp-json\/wp\/v2\/categories?post=7840"},{"taxonomy":"post_tag","embeddable":true,"href":"https:\/\/hostnetart.com.br\/baixada\/wp-json\/wp\/v2\/tags?post=7840"}],"curies":[{"name":"wp","href":"https:\/\/api.w.org\/{rel}","templated":true}]}}