{"id":7838,"date":"2019-10-31T16:18:18","date_gmt":"2019-10-31T19:18:18","guid":{"rendered":"https:\/\/hostnetart.com.br\/baixada\/trabalhadores-conquistam-avancos-no-gt-de-saude-do-itau-2\/"},"modified":"2019-10-31T16:18:18","modified_gmt":"2019-10-31T19:18:18","slug":"trabalhadores-conquistam-avancos-no-gt-de-saude-do-itau-2","status":"publish","type":"post","link":"https:\/\/hostnetart.com.br\/baixada\/trabalhadores-conquistam-avancos-no-gt-de-saude-do-itau-2\/","title":{"rendered":"Trabalhadores conquistam avan\u00e7os no GT de Sa\u00fade do Ita\u00fa"},"content":{"rendered":"<p>Os trabalhadores do Ita\u00fa sa\u00edram otimista da reuni\u00e3o do Grupo de Trabalho (GT) de Sa\u00fade, realizada na sede da Confedera\u00e7\u00e3o Nacional dos Trabalhadores do Ramo Financeiro (Contraf-CUT), em S\u00e3o Paulo, nesta quarta-feira (30).<\/p>\n<p>A dire\u00e7\u00e3o do banco se comprometeu a ter como prioridade as reivindica\u00e7\u00f5es apresentadas pelo movimento sindical, desde 2016. \u201cQuando n\u00f3s convencionamos as cl\u00e1usulas de antecipa\u00e7\u00e3o salarial e a do sal\u00e1rio emergencial \u00e9 justamente para que esse trabalhador consiga pagar seus compromissos num momento de dificuldade de sa\u00fade. N\u00e3o faz o menor sentido gerar uma dificuldade financeira para ele, depois de um per\u00edodo t\u00e3o dif\u00edcil\u201d, explicou Carlos Damarindo, coordenador do GT de Sa\u00fade do Ita\u00fa.<\/p>\n<p>Quanto ao endividamento do trabalhador afastado depois do retorno, o banco se comprometeu a analisar uma f\u00f3rmula que n\u00e3o permita que o holerite fique zerado at\u00e9 quitar a d\u00edvida, como acontece atualmente.<\/p>\n<p>Outro ponto importante \u00e9 a o descritivo dos descontos nos holerites, que confunde muito o trabalhador. O Ita\u00fa buscar\u00e1, via sistema, uma solu\u00e7\u00e3o. O banco reconheceu ainda que h\u00e1 problemas no processo desde o primeiro dia de afastamento, para entrega de documentos, at\u00e9 o fechamento da folha de pagamentos e isso contribui para que os valores sejam confusos. Para a pr\u00f3xima reuni\u00e3o, marcada para a segunda semana de dezembro, o banco ficou de fazer uma apresenta\u00e7\u00e3o do novo programa de readapta\u00e7\u00e3o do trabalhador.<\/p>\n<p>\u00a0<\/p>\n<p><strong>Fonte: Contraf-CUT<\/strong><\/p>\n","protected":false},"excerpt":{"rendered":"<p>Os trabalhadores do Ita\u00fa sa\u00edram otimista da reuni\u00e3o do Grupo de Trabalho (GT) de Sa\u00fade, realizada na sede da Confedera\u00e7\u00e3o Nacional dos Trabalhadores do Ramo Financeiro (Contraf-CUT), em S\u00e3o Paulo, nesta quarta-feira (30). A dire\u00e7\u00e3o do banco se comprometeu a ter como prioridade as reivindica\u00e7\u00f5es apresentadas pelo movimento sindical, desde 2016. \u201cQuando n\u00f3s convencionamos as [&hellip;]<\/p>\n","protected":false},"author":2,"featured_media":7837,"comment_status":"","ping_status":"","sticky":false,"template":"","format":"standard","meta":{"footnotes":""},"categories":[3],"tags":[],"class_list":["post-7838","post","type-post","status-publish","format-standard","has-post-thumbnail","hentry","category-noticias"],"_links":{"self":[{"href":"https:\/\/hostnetart.com.br\/baixada\/wp-json\/wp\/v2\/posts\/7838","targetHints":{"allow":["GET"]}}],"collection":[{"href":"https:\/\/hostnetart.com.br\/baixada\/wp-json\/wp\/v2\/posts"}],"about":[{"href":"https:\/\/hostnetart.com.br\/baixada\/wp-json\/wp\/v2\/types\/post"}],"author":[{"embeddable":true,"href":"https:\/\/hostnetart.com.br\/baixada\/wp-json\/wp\/v2\/users\/2"}],"replies":[{"embeddable":true,"href":"https:\/\/hostnetart.com.br\/baixada\/wp-json\/wp\/v2\/comments?post=7838"}],"version-history":[{"count":0,"href":"https:\/\/hostnetart.com.br\/baixada\/wp-json\/wp\/v2\/posts\/7838\/revisions"}],"wp:featuredmedia":[{"embeddable":true,"href":"https:\/\/hostnetart.com.br\/baixada\/wp-json\/wp\/v2\/media\/7837"}],"wp:attachment":[{"href":"https:\/\/hostnetart.com.br\/baixada\/wp-json\/wp\/v2\/media?parent=7838"}],"wp:term":[{"taxonomy":"category","embeddable":true,"href":"https:\/\/hostnetart.com.br\/baixada\/wp-json\/wp\/v2\/categories?post=7838"},{"taxonomy":"post_tag","embeddable":true,"href":"https:\/\/hostnetart.com.br\/baixada\/wp-json\/wp\/v2\/tags?post=7838"}],"curies":[{"name":"wp","href":"https:\/\/api.w.org\/{rel}","templated":true}]}}