{"id":7834,"date":"2019-10-31T15:58:53","date_gmt":"2019-10-31T18:58:53","guid":{"rendered":"https:\/\/hostnetart.com.br\/baixada\/bancos-publicos-sao-agentes-do-desenvolvimento-nacional\/"},"modified":"2019-10-31T15:58:53","modified_gmt":"2019-10-31T18:58:53","slug":"bancos-publicos-sao-agentes-do-desenvolvimento-nacional","status":"publish","type":"post","link":"https:\/\/hostnetart.com.br\/baixada\/bancos-publicos-sao-agentes-do-desenvolvimento-nacional\/","title":{"rendered":"Bancos p\u00fablicos s\u00e3o agentes do desenvolvimento nacional"},"content":{"rendered":"<p>A segunda mesa de debates do semin\u00e1rio \u201cO Brasil \u00e9 nosso \u2013 Em defesa dos bancos p\u00fablicos e da soberania nacional\u201d, realizado nesta ter\u00e7a-feira (29), no teatro do Sindicato dos Banc\u00e1rios de Bras\u00edlia, trouxe a vis\u00e3o de economistas e representantes de movimentos sociais sobre a import\u00e2ncia dos bancos p\u00fablicos e das pol\u00edticas operacionalizadas por eles.<\/p>\n<p>\u201cTemos que ocupar as ruas e debater com a popula\u00e7\u00e3o sobre os efeitos nefastos que esta pol\u00edtica neoliberal est\u00e1 causando \u00e0 popula\u00e7\u00e3o brasileira\u201d, disse o secret\u00e1rio de Finan\u00e7as da Confedera\u00e7\u00e3o Nacional dos Trabalhadores do Ramo Financeiro (Contraf-CUT) e vice-presidente da Federa\u00e7\u00e3o Nacional das Associa\u00e7\u00f5es de Empregados da Caixa (Fenae), Sergio Takemoto.<\/p>\n<p>O dirigente tamb\u00e9m lembrou que, durante quase 14 anos, o Brasil viveu um per\u00edodo em que as pol\u00edticas p\u00fablicas eram voltadas para a inclus\u00e3o social, para as regi\u00f5es mais carentes. \u201cE agora, em t\u00e3o pouco tempo, vemos a destrui\u00e7\u00e3o de sonhos que constru\u00edmos. Mas, precisamos resgatar nossos sonhos e voltar a ter utopia. A utopia e os sonhos geram esperan\u00e7a. Por isso, vamos lutar, ocupar as ruas, voltar a construir sonhos e resgatar a democracia em nosso pa\u00eds\u201d, completou.<\/p>\n<h3><strong>Import\u00e2ncia hist\u00f3rica<\/strong><\/h3>\n<p>O professor de economia e ex-presidente do Banco Nacional de Desenvolvimento Econ\u00f4mico e Social (BNDES), Luciano Coutinho, ressaltou a import\u00e2ncia dos bancos p\u00fablicos em v\u00e1rios ciclos da hist\u00f3ria do Brasil. \u201cSe olharmos para traz na hist\u00f3ria mais recente, vamos ver que os bancos p\u00fablicos foram fundamentais no ciclo econ\u00f4mico de 1955 a 1959, nas primeiras hidrel\u00e9tricas, rodovias e industrias\u201d, disse.<\/p>\n<p>Ele afirmou ainda que, posteriormente, tiveram um papel muito importante, em 1973, na expans\u00e3o da habita\u00e7\u00e3o social, em energia, em infraestrutura, em ind\u00fastria pesada, em telecomunica\u00e7\u00f5es e na pretroqu\u00edmica. \u201cO desenvolvimento do pa\u00eds, especialmente em infraestrutura interna, requer financiamento do governo e requer, portanto, que o Brasil tenha capacidade de transformar as bases da soberania nacional\u201d, destacou.<\/p>\n<h3><strong>L\u00f3gica do mercado<\/strong><\/h3>\n<p>O economista chefe do Banco do Nordeste do Brasil (BNB), Luiz Alberto Esteves, observou ainda que o sistema financeiro funciona com a l\u00f3gica de mercado. \u201cO Banco do Nordeste \u00e9 ineficiente na l\u00f3gica do mercado, por fazer exatamente ao contr\u00e1rio que o mercado faz. N\u00e3o fechamos a porta para aquele empreendedor que tem ideia boa e n\u00e3o tem garantia\u201d, explicou.<\/p>\n<p>O tamb\u00e9m economista, professor da PUC-SP e membro do Conselho Federal de Economia (Cofecon), Ant\u00f4nio Correa Lacerda, refor\u00e7ou ainda que a vis\u00e3o do Estado m\u00ednimo, dos governos neoliberais, \u00e9 um equ\u00edvoco, e que as cr\u00edticas que s\u00e3o feitas aos bancos p\u00fablicos n\u00e3o t\u00eam fundamento, pois os papeis desempenhados por estas institui\u00e7\u00f5es s\u00e3o imprescind\u00edveis. \u201cAo contr\u00e1rio do consenso que \u00e9 retratado diariamente na grande m\u00eddia, existem alternativas para o desenvolvimento brasileiro e para todos os bancos p\u00fablicos, que \u00e9 fundamental para o projeto de desenvolvimento\u201d, disse.<\/p>\n<p>A fala do deputado Assis Carvalho (PT\/PI), tamb\u00e9m foi nesta mesma linha. Para ele, o nosso papel neste momento \u00e9 lutar contra essa crueldade que est\u00e3o impondo ao povo brasileiro. \u201cEssa l\u00f3gica do neoliberalismo \u00e9 o absurdo da gan\u00e2ncia. A nossa soberania est\u00e1 sendo amea\u00e7ada e o nosso meio ambiente sendo destru\u00eddo. Tudo isso nos sufoca e deixa claro o risco que estamos correndo com a perda da nossa democracia e soberania\u201d, destacou.<\/p>\n<h3><strong>Campo e cidade contra o avan\u00e7o do neoliberalismo<\/strong><\/h3>\n<p>Alexandre Concei\u00e7\u00e3o, da dire\u00e7\u00e3o Nacional do Movimento dos Trabalhadores sem Terra (MST), ressaltou a import\u00e2ncia da defesa dos bancos p\u00fablicos e dos trabalhadores das empresas estatais. \u201cS\u00e3o eles que fazem o Brasil crescer e s\u00e3o eles que fazem a resist\u00eancia neste momento. A resist\u00eancia dos sindicatos, dos camponeses, das camponesas, dos ind\u00edgenas, dos quilombolas, construindo uma grande unidade em defesa do povo brasileiro. \u201cTemos que derrotar essa pauta privatista, essa pauta de entrega dos bancos p\u00fablicos, de entrega do nosso pr\u00e9-sal e de entrega da nossa soberania\u201d, disse.<\/p>\n<p>O coordenador da Central de Movimentos Populares (CMP), Raimundo Bonfim, lembrou da resist\u00eancia dos povos latino-americanos contra o neoliberalismo. \u201cDo Chile n\u00f3s temos que importar a resist\u00eancia e n\u00e3o o modelo de capitaliza\u00e7\u00e3o\u201d, disse. Raimundo destacou tamb\u00e9m que, sem a Caixa, o Brasil n\u00e3o tinha implantado com \u00eaxito o Programa Minha Casa, Minha Vida. \u201cDefender moradia popular \u00e9 defender os bancos p\u00fablicos. \u00c9 muito importante ter esse desafio de cada vez mais somar toda a popula\u00e7\u00e3o e associar esta luta dos bancos p\u00fablicos \u00e0 quest\u00e3o da soberania e da democracia, defendendo emprego e pol\u00edticas p\u00fablicas\u201d, concluiu.<\/p>\n<p><strong>Fonte:<\/strong>\u00a0<strong>Contraf-CUT<\/strong><\/p>\n","protected":false},"excerpt":{"rendered":"<p>A segunda mesa de debates do semin\u00e1rio \u201cO Brasil \u00e9 nosso \u2013 Em defesa dos bancos p\u00fablicos e da soberania nacional\u201d, realizado nesta ter\u00e7a-feira (29), no teatro do Sindicato dos Banc\u00e1rios de Bras\u00edlia, trouxe a vis\u00e3o de economistas e representantes de movimentos sociais sobre a import\u00e2ncia dos bancos p\u00fablicos e das pol\u00edticas operacionalizadas por eles. [&hellip;]<\/p>\n","protected":false},"author":2,"featured_media":7833,"comment_status":"","ping_status":"","sticky":false,"template":"","format":"standard","meta":{"footnotes":""},"categories":[3],"tags":[],"class_list":["post-7834","post","type-post","status-publish","format-standard","has-post-thumbnail","hentry","category-noticias"],"_links":{"self":[{"href":"https:\/\/hostnetart.com.br\/baixada\/wp-json\/wp\/v2\/posts\/7834","targetHints":{"allow":["GET"]}}],"collection":[{"href":"https:\/\/hostnetart.com.br\/baixada\/wp-json\/wp\/v2\/posts"}],"about":[{"href":"https:\/\/hostnetart.com.br\/baixada\/wp-json\/wp\/v2\/types\/post"}],"author":[{"embeddable":true,"href":"https:\/\/hostnetart.com.br\/baixada\/wp-json\/wp\/v2\/users\/2"}],"replies":[{"embeddable":true,"href":"https:\/\/hostnetart.com.br\/baixada\/wp-json\/wp\/v2\/comments?post=7834"}],"version-history":[{"count":0,"href":"https:\/\/hostnetart.com.br\/baixada\/wp-json\/wp\/v2\/posts\/7834\/revisions"}],"wp:featuredmedia":[{"embeddable":true,"href":"https:\/\/hostnetart.com.br\/baixada\/wp-json\/wp\/v2\/media\/7833"}],"wp:attachment":[{"href":"https:\/\/hostnetart.com.br\/baixada\/wp-json\/wp\/v2\/media?parent=7834"}],"wp:term":[{"taxonomy":"category","embeddable":true,"href":"https:\/\/hostnetart.com.br\/baixada\/wp-json\/wp\/v2\/categories?post=7834"},{"taxonomy":"post_tag","embeddable":true,"href":"https:\/\/hostnetart.com.br\/baixada\/wp-json\/wp\/v2\/tags?post=7834"}],"curies":[{"name":"wp","href":"https:\/\/api.w.org\/{rel}","templated":true}]}}