{"id":7832,"date":"2019-10-31T15:57:47","date_gmt":"2019-10-31T18:57:47","guid":{"rendered":"https:\/\/hostnetart.com.br\/baixada\/bb-anuncia-remocao-compulsoria-para-alem-das-regioes-metropolitanas\/"},"modified":"2019-10-31T15:57:47","modified_gmt":"2019-10-31T18:57:47","slug":"bb-anuncia-remocao-compulsoria-para-alem-das-regioes-metropolitanas","status":"publish","type":"post","link":"https:\/\/hostnetart.com.br\/baixada\/bb-anuncia-remocao-compulsoria-para-alem-das-regioes-metropolitanas\/","title":{"rendered":"BB anuncia remo\u00e7\u00e3o compuls\u00f3ria para al\u00e9m das regi\u00f5es metropolitanas"},"content":{"rendered":"<p>O Banco do Brasil anunciou nesta segunda-feira (28) que far\u00e1 nova rodada de remo\u00e7\u00f5es compuls\u00f3rias que atingir\u00e1 467 funcion\u00e1rios. Como a Confedera\u00e7\u00e3o Nacional dos Trabalhadores do Ramo Financeiro (Contraf-CUT)\u00a0<a href=\"https:\/\/contrafcut.com.br\/noticias\/banco-do-brasil-descumpre-acordo-sobre-remocao-compulsoria\/\" target=\"_blank\" rel=\"noopener noreferrer\">j\u00e1 havia anunciado<\/a>, as remo\u00e7\u00f5es extrapolam os limites da regi\u00e3o metropolita e seus munic\u00edpios lim\u00edtrofes. A Comiss\u00e3o de Empresa dos Funcion\u00e1rios do Banco do Brasil (CEBB) se reuniu com o banco nesta ter\u00e7a-feira (29), na sede do Sindicato dos Banc\u00e1rios de Bras\u00edlia, para tratar do assunto.<\/p>\n<p>\u201c\u00c9 preciso deixar claro que\u00a0<a href=\"https:\/\/contrafcut.com.br\/noticias\/banco-do-brasil-descumpre-acordo-sobre-remocao-compulsoria\/\" target=\"_blank\" rel=\"noopener noreferrer\">o banco est\u00e1 descumprindo acordo<\/a>\u00a0firmado com as entidades de representa\u00e7\u00e3o dos trabalhadores. T\u00ednhamos acertado que n\u00e3o seriam realizadas remo\u00e7\u00f5es compuls\u00f3rias para munic\u00edpios que n\u00e3o fossem o da origem dos funcion\u00e1rios\u201d, observou o coordenador da Comiss\u00e3o de Empresa dos Funcion\u00e1rios do Banco do Brasil (CEBB), Jo\u00e3o Fukunaga.<\/p>\n<p>\u201cO acordo previa remo\u00e7\u00f5es para localidades at\u00e9 30km de dist\u00e2ncia do local de origem, podendo, no m\u00e1ximo, chegar a 50km quando n\u00e3o houvessem vagas em dist\u00e2ncia inferior. Mesmo assim, haveria uma consulta ao trabalhador antes de definida a remo\u00e7\u00e3o\u201d, lembrou o coordenador CEBB.<\/p>\n<h3><strong>Alega\u00e7\u00f5es<\/strong><\/h3>\n<p>Segundo o banco, o par\u00e1grafo terceiro do\u00a0<a href=\"http:\/\/www.planalto.gov.br\/ccivil_03\/decreto-lei\/del5452.htm\" target=\"_blank\" rel=\"noopener noreferrer\">artigo 469 da nova CLT<\/a>\u00a0d\u00e1 respaldo para as transfer\u00eancias compuls\u00f3rias que est\u00e3o sendo realizadas.<\/p>\n<p>O banco alega que abriu v\u00e1rias vezes a possibilidade de remo\u00e7\u00e3o volunt\u00e1ria, inclusive pelo Sistema Autom\u00e1tico de Concorr\u00eancia \u00e0 Remo\u00e7\u00e3o (SACR) especial em \u00e2mbito nacional. Como n\u00e3o conseguiu preencher as vagas existentes e permanecem funcion\u00e1rios em excesso em v\u00e1rias pra\u00e7as, o banco precisou fazer as remo\u00e7\u00f5es compuls\u00f3rias.<\/p>\n<p>O banco diz ainda que todos os funcion\u00e1rios que foram removidos compulsoriamente poder\u00e3o concorrer a outras vagas pelo (SACR) especial.<\/p>\n<p>\u201cIsso \u00e9 uma fal\u00e1cia. As pessoas est\u00e3o sendo removidas de suas cidades de origem porque, segundo o banco n\u00e3o existem vagas para elas l\u00e1. O SACR n\u00e3o dar\u00e1 a elas a possibilidade de voltarem para suas cidades\u201d, criticou a representante da\u00a0<a href=\"http:\/\/fetrafirs.org.br\/\" target=\"_blank\" rel=\"noopener noreferrer\">Federa\u00e7\u00e3o dos Trabalhadores e Trabalhadoras em Institui\u00e7\u00f5es Financeiras do Rio Grande do Sul (Fetrafi-RS)<\/a>, Bianca Garbelini. \u201cSem contar que as remo\u00e7\u00f5es geram custo para o banco e para as pessoas transferidas\u201d, lembrou a dirigente.<\/p>\n<p>O banco disse ainda que haver\u00e1 outras rodas de transfer\u00eancias de funcion\u00e1rios e que as Ger\u00eancias de Pessoas est\u00e3o orientadas a passar informa\u00e7\u00f5es e atender os sindicatos de forma local para tratar sobre esses casos.<\/p>\n<h3><strong>Outras remo\u00e7\u00f5es<\/strong><\/h3>\n<p>Na rodada anterior de remo\u00e7\u00f5es compuls\u00f3rias, o p\u00fablico-alvo era 577 funcion\u00e1rios. Destes, 206 foram removidos compulsoriamente. Os demais foram exclu\u00eddos da lista de remo\u00e7\u00e3o por serem Pessoas com Defici\u00eancia (PCDs), terem problemas de sa\u00fade, entre outros motivos.<\/p>\n<p>Com a lega\u00e7\u00e3o de precisa preencher vagas existentes, o banco tamb\u00e9m est\u00e1 convocando funcion\u00e1rios que est\u00e3o em licen\u00e7a-interesse.<\/p>\n<p>\u201cDeixamos claro nossa discord\u00e2ncia com essa pol\u00edtica de gest\u00e3o, que menospreza o ser humano e leva as pessoas ao desespero e que tomaremos todas as medias poss\u00edveis para proteger os direitos dos funcion\u00e1rios\u201d, concluiu Fukunaga.<\/p>\n<p>\u201cO banco est\u00e1 fazendo uma escolha triste e equivocada. E que precisamos lembrar que n\u00e3o faz muito que houve reestrutura\u00e7\u00f5es, ag\u00eancias foram fechadas e pessoas precisaram reorganizar suas vidas, agora passam por remo\u00e7\u00e3o compuls\u00f3ria. Como ser\u00e1 daqui h\u00e1 um ano? S\u00e3o pessoas, n\u00e3o pe\u00e7as de um jogo de xadrez que o banco pode jogar de um lado para outro como se isso n\u00e3o interferisse em suas vidas\u201d, criticou Bianca.<\/p>\n<h3><strong>Ressarcimento dos gastos<\/strong><\/h3>\n<p>O\u00a0<a href=\"http:\/\/www.planalto.gov.br\/ccivil_03\/decreto-lei\/del5452.htm\" target=\"_blank\" rel=\"noopener noreferrer\">par\u00e1grafo 3\u00ba do artigo 469 da CLT<\/a>, que o banco usa como respaldo para as transfer\u00eancias, diz que, em caso de necessidade de servi\u00e7o, o empregador poder\u00e1 transferir o empregado para localidade diversa da que resultar do contrato, mas, nesse caso, ficar\u00e1 obrigado a um pagamento suplementar, nunca inferior a 25% dos sal\u00e1rios do empregado enquanto ele for mantido fora de sua localidade de origem.<\/p>\n<p>Al\u00e9m da CLT, a Cl\u00e1usula 44 do\u00a0<a href=\"https:\/\/contrafcut.com.br\/wp-content\/uploads\/anexos\/acordos\/b526fcf84f5cff405528da7523703c85\/file\/act-contraf-2018-2020.pdf?x35815\" target=\"_blank\" rel=\"noopener noreferrer\">Acordo Coletivo de Trabalho (ACT) dos Funcion\u00e1rios do Banco Brasil<\/a>\u00a0estabelece que no caso de movimenta\u00e7\u00e3o de pessoal a pedido do banco para depend\u00eancias localizadas em outro munic\u00edpio, o banco dever\u00e1 ressarcir as despesas com transporte de m\u00f3veis, passagens, abonar os dias de tr\u00e2nsito (para preparativos e instala\u00e7\u00e3o), na forma regulamentar estabelecida para as remo\u00e7\u00f5es concedidas no interesse do servi\u00e7o e o cr\u00e9dito de valor equivalente a 30 verbas-hospedagem para cobrir despesas eventuais ou imprevistos. O banco, tamb\u00e9m tem que pagar mais 30 verbas-hospedagem aos funcion\u00e1rios removidos no curso do per\u00edodo letivo, desde que possuam filhos cursando o ensino fundamental, ou que tenham filhos excepcionais de qualquer idade que estejam sob acompanhamento de escolas especializadas. Tais pagamentos tamb\u00e9m s\u00e3o devidos aos funcion\u00e1rios transferidos nos casos de fechamento de unidades.<\/p>\n<p><strong>Fonte:<\/strong>\u00a0<strong>Contraf-CUT<\/strong><\/p>\n","protected":false},"excerpt":{"rendered":"<p>O Banco do Brasil anunciou nesta segunda-feira (28) que far\u00e1 nova rodada de remo\u00e7\u00f5es compuls\u00f3rias que atingir\u00e1 467 funcion\u00e1rios. Como a Confedera\u00e7\u00e3o Nacional dos Trabalhadores do Ramo Financeiro (Contraf-CUT)\u00a0j\u00e1 havia anunciado, as remo\u00e7\u00f5es extrapolam os limites da regi\u00e3o metropolita e seus munic\u00edpios lim\u00edtrofes. A Comiss\u00e3o de Empresa dos Funcion\u00e1rios do Banco do Brasil (CEBB) se [&hellip;]<\/p>\n","protected":false},"author":2,"featured_media":7831,"comment_status":"","ping_status":"","sticky":false,"template":"","format":"standard","meta":{"footnotes":""},"categories":[3],"tags":[],"class_list":["post-7832","post","type-post","status-publish","format-standard","has-post-thumbnail","hentry","category-noticias"],"_links":{"self":[{"href":"https:\/\/hostnetart.com.br\/baixada\/wp-json\/wp\/v2\/posts\/7832","targetHints":{"allow":["GET"]}}],"collection":[{"href":"https:\/\/hostnetart.com.br\/baixada\/wp-json\/wp\/v2\/posts"}],"about":[{"href":"https:\/\/hostnetart.com.br\/baixada\/wp-json\/wp\/v2\/types\/post"}],"author":[{"embeddable":true,"href":"https:\/\/hostnetart.com.br\/baixada\/wp-json\/wp\/v2\/users\/2"}],"replies":[{"embeddable":true,"href":"https:\/\/hostnetart.com.br\/baixada\/wp-json\/wp\/v2\/comments?post=7832"}],"version-history":[{"count":0,"href":"https:\/\/hostnetart.com.br\/baixada\/wp-json\/wp\/v2\/posts\/7832\/revisions"}],"wp:featuredmedia":[{"embeddable":true,"href":"https:\/\/hostnetart.com.br\/baixada\/wp-json\/wp\/v2\/media\/7831"}],"wp:attachment":[{"href":"https:\/\/hostnetart.com.br\/baixada\/wp-json\/wp\/v2\/media?parent=7832"}],"wp:term":[{"taxonomy":"category","embeddable":true,"href":"https:\/\/hostnetart.com.br\/baixada\/wp-json\/wp\/v2\/categories?post=7832"},{"taxonomy":"post_tag","embeddable":true,"href":"https:\/\/hostnetart.com.br\/baixada\/wp-json\/wp\/v2\/tags?post=7832"}],"curies":[{"name":"wp","href":"https:\/\/api.w.org\/{rel}","templated":true}]}}