{"id":7826,"date":"2019-10-29T17:32:47","date_gmt":"2019-10-29T20:32:47","guid":{"rendered":"https:\/\/hostnetart.com.br\/baixada\/trabalhadores-protestam-em-brasilia-nesta-quarta-por-politica-economica-com-desenvolvimento\/"},"modified":"2019-10-29T17:32:47","modified_gmt":"2019-10-29T20:32:47","slug":"trabalhadores-protestam-em-brasilia-nesta-quarta-por-politica-economica-com-desenvolvimento","status":"publish","type":"post","link":"https:\/\/hostnetart.com.br\/baixada\/trabalhadores-protestam-em-brasilia-nesta-quarta-por-politica-economica-com-desenvolvimento\/","title":{"rendered":"Trabalhadores protestam em Bras\u00edlia nesta quarta por pol\u00edtica econ\u00f4mica com desenvolvimento"},"content":{"rendered":"<p>Trabalhadores de v\u00e1rias categorias v\u00e3o protestar nesta quarta-feira (30), em Bras\u00edlia, para cobrar mudan\u00e7as na pol\u00edtica econ\u00f4mica e pedir uma agenda de desenvolvimento para o pa\u00eds. O ato, marcado para as 10h, dever\u00e1 receber caravanas de outros estados, com banc\u00e1rios, metal\u00fargicos, petroleiros, professores e servidores p\u00fablicos, entre outros, e tamb\u00e9m desempregados. O chamado Ato em Defesa da Soberania, Direitos e Empregos \u00e9 convocado por centrais sindicais e pelas frentes Brasil Popular e Povo sem Medo. A concentra\u00e7\u00e3o ser\u00e1 no Teatro Nacional, seguida de passeata at\u00e9 a Esplanada dos Minist\u00e9rios e ao Congresso.<\/p>\n<p><a href=\"https:\/\/www.redebrasilatual.com.br\/trabalho\/2019\/10\/sergio-nobre-presidente-da-cut-bolsonaro-nao-e-uma-pessoa-qualificada-para-exercer-o-cargo-de-presidente-da-republica\/\" target=\"_blank\" rel=\"noopener noreferrer\">Em entrevista na semana passada,<\/a>\u00a0o presidente da CUT, S\u00e9rgio Nobre, afirmou que o objetivo do ato \u00e9 chamar a aten\u00e7\u00e3o para o fato de que o pa\u00eds est\u00e1 no rumo errado \u2013 e que, se mantido, vai comprometer o futuro. \u201cSe a popula\u00e7\u00e3o j\u00e1 percebeu que o Bolsonaro n\u00e3o \u00e9 uma pessoa em condi\u00e7\u00f5es de governar o pa\u00eds, o (<em>ministro<\/em>) Paulo Guedes n\u00e3o \u00e9 uma pessoa em condi\u00e7\u00f5es de dirigir a economia. Se ele levar a cabo seu plano de abertura comercial, esse liberalismo exacerbado, vai comprometer o futuro. O pa\u00eds precisa mudar de rota.\u201d<\/p>\n<p><a href=\"https:\/\/www.redebrasilatual.com.br\/trabalho\/2019\/10\/contra-desmonte-centrais-reivindicam-investimento-politicas-publicas-e-democracia\/\" target=\"_blank\" rel=\"noopener noreferrer\">Recentemente, as centrais, com elabora\u00e7\u00e3o do Dieese, atualizaram a chamada agenda do desenvolvimento,<\/a>\u00a0destacando 23 itens para que o pa\u00eds retome o rumo do crescimento econ\u00f4mico com justi\u00e7a social. Segundo S\u00e9rgio Nobre, eleito h\u00e1 20 dias para a presid\u00eancia da central, apenas com investimento p\u00fablico o pa\u00eds voltar\u00e1 a crescer. \u201cTodos os per\u00edodos de crescimento econ\u00f4mico que n\u00f3s tivemos foi com interven\u00e7\u00e3o do Estado, com investimento dos bancos p\u00fablicos, em especial BNDES e das empresas estatais, como fez a Petrobras que ao decidir pela constru\u00e7\u00e3o de plataformas no Brasil recuperou o setor naval brasileiro, gerando milhares de empregos\u201d, argumenta.<\/p>\n<p>A secret\u00e1ria-adjunta de Rela\u00e7\u00f5es de Trabalho da CUT, Amanda Corsino, diz que a presen\u00e7a de desempregados na manifesta\u00e7\u00e3o ajuda a mostrar que a venda de estatais n\u00e3o atinge apenas uma categoria espec\u00edfica, mas toda a popula\u00e7\u00e3o, prejudicada com aumento de tarifas e piora no atendimento. \u201cO trabalhador que n\u00e3o puder ir, avise a fam\u00edlia e os amigos desempregados sobre a import\u00e2ncia da participa\u00e7\u00e3o deles. Estamos defendendo a soberania nacional e isso passa pela manuten\u00e7\u00e3o das empresas p\u00fablicas. Este governo estagnou a economia, n\u00e3o gera emprego, nem renda e o problema n\u00e3o \u00e9 s\u00f3 dos trabalhadores das estatais, \u00e9 de todo brasileiro que vai pagar a conta\u201d, diz Amanda, tamb\u00e9m presidenta do Sintect-DF, o sindicato dos trabalhadores nos Correios do Distrito Federal.<\/p>\n<p>As manifesta\u00e7\u00f5es no Chile e o resultado da elei\u00e7\u00e3o na Argentina s\u00e3o fatores que animam tamb\u00e9m os sindicalistas brasileiros, ao apontar que a popula\u00e7\u00e3o deseja outro rumo. \u201cNo dia 30 de outubro daremos um recado a Bolsonaro e ao Paulo Guedes de que este pa\u00eds e as empresas estatais s\u00e3o dos brasileiros e das brasileiras e que n\u00e3o abrimos m\u00e3o do patrim\u00f4nio do povo brasileiro e do nosso futuro\u201d, afirma o presidente da CUT, com mais uma convoca\u00e7\u00e3o: \u201cQuem \u00e9 normal e n\u00e3o acredita que a Terra \u00e9 plana tem de ir pra rua no dia 30 e participar das mobiliza\u00e7\u00f5es\u201d.<\/p>\n<p><em>Com\u00a0<a href=\"https:\/\/www.cut.org.br\/noticias\/30-de-outubro-e-dia-de-defender-a-soberania-nacional-direitos-e-empregos-6adb\" target=\"_blank\" rel=\"noopener noreferrer\">informa\u00e7\u00f5es da CUT<\/a><\/em><\/p>\n","protected":false},"excerpt":{"rendered":"<p>Trabalhadores de v\u00e1rias categorias v\u00e3o protestar nesta quarta-feira (30), em Bras\u00edlia, para cobrar mudan\u00e7as na pol\u00edtica econ\u00f4mica e pedir uma agenda de desenvolvimento para o pa\u00eds. O ato, marcado para as 10h, dever\u00e1 receber caravanas de outros estados, com banc\u00e1rios, metal\u00fargicos, petroleiros, professores e servidores p\u00fablicos, entre outros, e tamb\u00e9m desempregados. O chamado Ato em [&hellip;]<\/p>\n","protected":false},"author":2,"featured_media":7825,"comment_status":"","ping_status":"","sticky":false,"template":"","format":"standard","meta":{"footnotes":""},"categories":[3],"tags":[],"class_list":["post-7826","post","type-post","status-publish","format-standard","has-post-thumbnail","hentry","category-noticias"],"_links":{"self":[{"href":"https:\/\/hostnetart.com.br\/baixada\/wp-json\/wp\/v2\/posts\/7826","targetHints":{"allow":["GET"]}}],"collection":[{"href":"https:\/\/hostnetart.com.br\/baixada\/wp-json\/wp\/v2\/posts"}],"about":[{"href":"https:\/\/hostnetart.com.br\/baixada\/wp-json\/wp\/v2\/types\/post"}],"author":[{"embeddable":true,"href":"https:\/\/hostnetart.com.br\/baixada\/wp-json\/wp\/v2\/users\/2"}],"replies":[{"embeddable":true,"href":"https:\/\/hostnetart.com.br\/baixada\/wp-json\/wp\/v2\/comments?post=7826"}],"version-history":[{"count":0,"href":"https:\/\/hostnetart.com.br\/baixada\/wp-json\/wp\/v2\/posts\/7826\/revisions"}],"wp:featuredmedia":[{"embeddable":true,"href":"https:\/\/hostnetart.com.br\/baixada\/wp-json\/wp\/v2\/media\/7825"}],"wp:attachment":[{"href":"https:\/\/hostnetart.com.br\/baixada\/wp-json\/wp\/v2\/media?parent=7826"}],"wp:term":[{"taxonomy":"category","embeddable":true,"href":"https:\/\/hostnetart.com.br\/baixada\/wp-json\/wp\/v2\/categories?post=7826"},{"taxonomy":"post_tag","embeddable":true,"href":"https:\/\/hostnetart.com.br\/baixada\/wp-json\/wp\/v2\/tags?post=7826"}],"curies":[{"name":"wp","href":"https:\/\/api.w.org\/{rel}","templated":true}]}}