{"id":7824,"date":"2019-10-29T17:25:58","date_gmt":"2019-10-29T20:25:58","guid":{"rendered":"https:\/\/hostnetart.com.br\/baixada\/sindicatos-buscam-novas-formas-de-organizar-trabalhadores-contra-decisoes-que-retiram-direitos\/"},"modified":"2019-10-29T17:25:58","modified_gmt":"2019-10-29T20:25:58","slug":"sindicatos-buscam-novas-formas-de-organizar-trabalhadores-contra-decisoes-que-retiram-direitos","status":"publish","type":"post","link":"https:\/\/hostnetart.com.br\/baixada\/sindicatos-buscam-novas-formas-de-organizar-trabalhadores-contra-decisoes-que-retiram-direitos\/","title":{"rendered":"Sindicatos buscam novas formas de organizar trabalhadores contra decis\u00f5es que retiram direitos"},"content":{"rendered":"<p>Em sua participa\u00e7\u00e3o no\u00a0<a href=\"https:\/\/www.redebrasilatual.com.br\/radio\/\" target=\"_blank\" rel=\"noopener noreferrer\"><strong><em>Jornal Brasil Atual<\/em>\u00a0<\/strong><\/a>na manh\u00e3 desta ter\u00e7a-feira (30), o diretor do t\u00e9cnico do Dieese, Clemente Ganz L\u00facio baseia-se no filme\u00a0<em>Em Guerra<\/em>\u00a0(2018), dirigido por\u00a0St\u00e9phane Briz\u00e9, para ilustrar a necessidade, na sua avalia\u00e7\u00e3o, de as representa\u00e7\u00f5es sindicais buscarem\u00a0novas formas de organiza\u00e7\u00e3o dos trabalhadores, a fim de resistir\u00a0 e garantir direitos ante a velocidade das mudan\u00e7as sociais e econ\u00f4micas. A disputa entre poder do dinheiro e a luta por condi\u00e7\u00f5es de trabalho dignas n\u00e3o mudou, mas o cen\u00e1rio em que ela est\u00e1 presente \u00e9 diferente, explica Clemente.<\/p>\n<p>\u201cDentro dessa nova situa\u00e7\u00e3o econ\u00f4mica, trabalhadores e sindicatos precisam se reorganizar e repensar a forma de atua\u00e7\u00e3o. O filme traz o debate que fazemos com as organiza\u00e7\u00f5es mostrando as mudan\u00e7as da sociedade e a import\u00e2ncia que os sindicatos vejam como isso altera suas a\u00e7\u00f5es\u201d, disse \u00e0 jornalista Marilu Caba\u00f1as.<\/p>\n<p>No filme, acionistas decidem fechar uma f\u00e1brica de uma empresa alem\u00e3 instalada na Fran\u00e7a, dois anos depois desta ter firmado um acordo com os sindicatos dos trabalhadores. Pela negocia\u00e7\u00e3o, foi estabelecido aumento da jornada de trabalho sem aumento dos sal\u00e1rios, mas com o compromisso de preservar os empregos. Os trabalhadores cumprem o acordo, mas os acionistas \u2013 em busca de aumentar seus lucros \u2013 e decidem que ganhariam muito mais se a f\u00e1brica for fechada.\u00a0<\/p>\n<p>\u201cO sindicato (no filme) procura atuar frente \u00e0 nova condi\u00e7\u00e3o da empresa, que busca s\u00f3 privilegiar os acionistas. Com isso, mostram-se os desafios dos sindicatos, tanto na organiza\u00e7\u00e3o dos trabalhadores, quanto na rela\u00e7\u00e3o com o governo. Tamb\u00e9m aborda como a negocia\u00e7\u00e3o coletiva, que tem o valor de uma lei, pode ser quebrada pela empresa\u201d, explicou Clemente.<\/p>\n<p>Para Clemente, o atual cen\u00e1rio econ\u00f4mico e pol\u00edtico mundial faz com que as empresas busquem\u00a0<a href=\"https:\/\/www.redebrasilatual.com.br\/trabalho\/2019\/10\/deputado-reapresenta-pec-que-muda-estrutura-sindical-e-acaba-com-a-unicidade\/\" target=\"_blank\" rel=\"noopener noreferrer\">se afastem ainda mais dos sindicatos<\/a>. \u201cA estrutura sindical trabalha na negocia\u00e7\u00e3o coletiva e \u00e9 prov\u00e1vel que haver\u00e1 mais a\u00e7\u00f5es para prejudicar a atua\u00e7\u00e3o, atrav\u00e9s de novas reformas. Com essa redu\u00e7\u00e3o de capacidade de resistir, \u00e9 necess\u00e1rio ter uma iniciativa para valorizar e fortalecer os sindicatos\u201d, acrescentou.<\/p>\n<h4>Assista ao\u00a0<em>trailler\u00a0<\/em>de<em>\u00a0Em Guerra<\/em>:<\/h4>\n<p>{youtube}4ewwv4R2hrs{\/youtube}<\/p>\n<p><span style=\"text-decoration: underline;\"><strong>Fonte: Rede Brasil Atual<\/strong><\/span><\/p>\n<p>\u00a0<\/p>\n","protected":false},"excerpt":{"rendered":"<p>Em sua participa\u00e7\u00e3o no\u00a0Jornal Brasil Atual\u00a0na manh\u00e3 desta ter\u00e7a-feira (30), o diretor do t\u00e9cnico do Dieese, Clemente Ganz L\u00facio baseia-se no filme\u00a0Em Guerra\u00a0(2018), dirigido por\u00a0St\u00e9phane Briz\u00e9, para ilustrar a necessidade, na sua avalia\u00e7\u00e3o, de as representa\u00e7\u00f5es sindicais buscarem\u00a0novas formas de organiza\u00e7\u00e3o dos trabalhadores, a fim de resistir\u00a0 e garantir direitos ante a velocidade das mudan\u00e7as [&hellip;]<\/p>\n","protected":false},"author":2,"featured_media":7823,"comment_status":"","ping_status":"","sticky":false,"template":"","format":"standard","meta":{"footnotes":""},"categories":[3],"tags":[],"class_list":["post-7824","post","type-post","status-publish","format-standard","has-post-thumbnail","hentry","category-noticias"],"_links":{"self":[{"href":"https:\/\/hostnetart.com.br\/baixada\/wp-json\/wp\/v2\/posts\/7824","targetHints":{"allow":["GET"]}}],"collection":[{"href":"https:\/\/hostnetart.com.br\/baixada\/wp-json\/wp\/v2\/posts"}],"about":[{"href":"https:\/\/hostnetart.com.br\/baixada\/wp-json\/wp\/v2\/types\/post"}],"author":[{"embeddable":true,"href":"https:\/\/hostnetart.com.br\/baixada\/wp-json\/wp\/v2\/users\/2"}],"replies":[{"embeddable":true,"href":"https:\/\/hostnetart.com.br\/baixada\/wp-json\/wp\/v2\/comments?post=7824"}],"version-history":[{"count":0,"href":"https:\/\/hostnetart.com.br\/baixada\/wp-json\/wp\/v2\/posts\/7824\/revisions"}],"wp:featuredmedia":[{"embeddable":true,"href":"https:\/\/hostnetart.com.br\/baixada\/wp-json\/wp\/v2\/media\/7823"}],"wp:attachment":[{"href":"https:\/\/hostnetart.com.br\/baixada\/wp-json\/wp\/v2\/media?parent=7824"}],"wp:term":[{"taxonomy":"category","embeddable":true,"href":"https:\/\/hostnetart.com.br\/baixada\/wp-json\/wp\/v2\/categories?post=7824"},{"taxonomy":"post_tag","embeddable":true,"href":"https:\/\/hostnetart.com.br\/baixada\/wp-json\/wp\/v2\/tags?post=7824"}],"curies":[{"name":"wp","href":"https:\/\/api.w.org\/{rel}","templated":true}]}}