{"id":7822,"date":"2019-10-29T17:19:50","date_gmt":"2019-10-29T20:19:50","guid":{"rendered":"https:\/\/hostnetart.com.br\/baixada\/trabalhadores-se-unem-contra-privatizacoes-e-em-defesa-da-soberania\/"},"modified":"2019-10-29T17:19:50","modified_gmt":"2019-10-29T20:19:50","slug":"trabalhadores-se-unem-contra-privatizacoes-e-em-defesa-da-soberania","status":"publish","type":"post","link":"https:\/\/hostnetart.com.br\/baixada\/trabalhadores-se-unem-contra-privatizacoes-e-em-defesa-da-soberania\/","title":{"rendered":"Trabalhadores se unem contra privatiza\u00e7\u00f5es e em defesa da soberania"},"content":{"rendered":"<p>Centrais sindicais e movimentos sociais se unem e v\u00e3o \u00e0s ruas nesta quarta-feira (30) para defender a classe trabalhadora e toda a sociedade brasileira da pol\u00edtica econ\u00f4mica neoliberal do governo de Jair Bolsonaro (PSL), implantada pelo ministro da Economia, Paulo Guedes. Uma caravana de sindicalistas e militantes de movimentos sociais vinda de v\u00e1rios estados est\u00e1 chegando a Bras\u00edlia para\u00a0<a href=\"https:\/\/www.cut.org.br\/noticias\/30-de-outubro-e-dia-de-defender-a-soberania-nacional-direitos-e-empregos-6adb\" target=\"_blank\" rel=\"noopener noreferrer\">participar do ato<\/a>\u00a0convocado pela Central \u00danica dos Trabalhadores (CUT), CTB, For\u00e7a Sindical, UGT, CSB e Intersindical e as frentes Brasil Popular e Povo Sem Medo.<\/p>\n<p>O ato, que acontece a partir das 10h, na esplanada, em frente ao Minist\u00e9rio da Economia, tem como mote a defesa da soberania, dos direitos e dos empregos, contra as privatiza\u00e7\u00f5es, pelo fim da pol\u00edtica econ\u00f4mica neoliberal do governo Bolsonaro que n\u00e3o promove o desenvolvimento, nem gera emprego.<\/p>\n<p>O presidente da CUT, S\u00e9rgio Nobre, ressalta que ir para as ruas, \u00e9 defender o Brasil, a gera\u00e7\u00e3o de emprego para mais de 30 milh\u00f5es de trabalhadores e trabalhadoras desempregados e subempregados que querem empregos de qualidade. Ir para ruas \u00e9 dar um basta nas pol\u00edticas neoliberais.<\/p>\n<p>\u201cTodos os per\u00edodos de crescimento econ\u00f4mico que n\u00f3s tivemos foi com interven\u00e7\u00e3o do Estado, com investimento dos bancos p\u00fablicos, em especial do BNDES e das empresas estatais, como fez a Petrobras que, ao decidir pela constru\u00e7\u00e3o de plataformas no Brasil, recuperou o setor naval brasileiro, gerando milhares de empregos\u201d, disse o presidente da CUT.<\/p>\n<p>Para o dirigente, a pol\u00edtica de privatiza\u00e7\u00e3o do ministro da Economia, o banqueiro, Paulo Guedes, de entregar o nosso min\u00e9rio e nossa \u00e1gua aos estrangeiros, ser\u00e1 um caso de estudo porque o Brasil ser\u00e1 a \u00fanica Na\u00e7\u00e3o no mundo a entregar suas riquezas para outro pa\u00eds sem nenhuma guerra.<\/p>\n<h3><strong>Defesa dos bancos p\u00fablicos<\/strong><\/h3>\n<p>Na tarde desta ter\u00e7a-feira (29) j\u00e1 tem atividade em protesto contra a pol\u00edtica neoliberal implementada pelo governo Bolsonaro. Tamb\u00e9m em Bras\u00edlia, banc\u00e1rios e banc\u00e1rias de todo debatem a import\u00e2ncia dos bancos p\u00fablicos para a sociedade brasileira no\u00a0<a href=\"https:\/\/contrafcut.com.br\/noticias\/seminario-nacional-ressalta-importancia-dos-bancos-publicos-para-o-pais\/\" target=\"_blank\" rel=\"noopener noreferrer\">semin\u00e1rio \u201cO Brasil \u00e9 nosso\u201d<\/a>. Promovido pelas frentes parlamentares mistas em Defesa da Soberania Nacional e em Defesa dos Bancos P\u00fablicos como parte da campanha em defesa dos bancos p\u00fablicos, da soberania nacional, do cr\u00e9dito, do emprego e do desenvolvimento, a atividade conta com o apoio da Confedera\u00e7\u00e3o Nacional dos Trabalhadores do Ramo Financeiro (Contraf-CUT) e da Federa\u00e7\u00e3o Nacional das Associa\u00e7\u00f5es dos Empregados da Caixa (Fenae).<\/p>\n<p>\u201cOs bancos p\u00fablicos s\u00e3o instrumentos estrat\u00e9gicos. Quando bem usados pelo governo, disp\u00f5em cr\u00e9dito para o desenvolvimento e, consequentemente, geram emprego e renda para os trabalhadores\u201d, explicou a presidenta da Contraf-CUT, Juvandia Moreira.<\/p>\n<p>\u201cMais do que isso, os bancos p\u00fablicos s\u00e3o fundamentais para o desenvolvimento igualit\u00e1rio do pa\u00eds, como determina a Constitui\u00e7\u00e3o Federal e a legisla\u00e7\u00e3o espec\u00edfica do sistema financeiro. S\u00e3o os bancos p\u00fablicos que concedem cr\u00e9dito para as regi\u00f5es mais carentes. Os privados concentram sua atua\u00e7\u00e3o na regi\u00e3o Sudeste\u201d, completou a presidenta da Contraf-CUT, lembrando que somente os bancos p\u00fablicos investem onde os privados n\u00e3o t\u00eam interesse. \u201cOs bancos privados t\u00eam como objetivo o lucro. Os p\u00fablicos visam o retorno para a sociedade\u201d, concluiu.<\/p>\n<h3><strong>Aqui como l\u00e1<\/strong><\/h3>\n<p>Os \u00faltimos acontecimentos no<a href=\"https:\/\/www.cut.org.br\/noticias\/tudo-no-chile-e-mercadoria-ate-a-agua-explica-historiador-347c\" target=\"_blank\" rel=\"noopener noreferrer\">\u00a0Chile<\/a>, em que a popula\u00e7\u00e3o foi para as ruas protestar contra a pol\u00edtica econ\u00f4mica do governo daquele pa\u00eds, e a volta da esquerda \u00e0 presid\u00eancia da Argentina s\u00e3o um alerta para o povo brasileiro de que a pol\u00edtica econ\u00f4mica neoliberal de Bolsonaro e Guedes n\u00e3o d\u00e1 certo.<\/p>\n<p>Segundo o presidente da CUT, Paulo Guedes ajudou a implantar no Chile o sistema de capitaliza\u00e7\u00e3o da Previd\u00eancia, que acabou com direitos trabalhistas, enfraqueceu os sindicatos e culminou com as manifesta\u00e7\u00f5es que est\u00e3o sendo realizadas no pa\u00eds.<\/p>\n<p>\u201cO que est\u00e1 acontecendo no Chile \u00e9 a revolta do povo contra a pol\u00edtica econ\u00f4mica neoliberal, onde tudo \u00e9 privatizado. N\u00e3o tem ensino superior gratuito, n\u00e3o tem acesso \u00e0 sa\u00fade gratuita. \u00c9 a mesma pol\u00edtica que Bolsonaro quer aqui, a que destr\u00f3i os direitos sociais e previdenci\u00e1rios. O Brasil precisa acordar para n\u00e3o chegar a esse ponto\u201d, analisou a presidenta do Sindicato dos Trabalhadores dos Correios e Tel\u00e9grafos do Distrito Federal e Regi\u00e3o do Entorno (SINTECT\/DF), Amanda Corsino.<\/p>\n<p>J\u00e1 S\u00e9rgio Nobre acredita que tudo o que est\u00e1 acontecendo no Chile teve o dedo do ministro da Economia brasileiro, mas que, agora o povo quer outro rumo.<\/p>\n<p>\u201cO desespero \u00e9 tanto que o presidente, Sebasti\u00e1n Pi\u00f1era, pediu desculpas para o povo porque o que foi feito de ruim, n\u00e3o pode se recuperar em dois, tr\u00eas anos. N\u00e3o \u00e9 isso que queremos. N\u00e3o podemos permitir que o que est\u00e1 acontecendo no Chile aconte\u00e7a com o Brasil. Ainda h\u00e1 tempo para mudar\u201d, avalia o presidente da CUT.<\/p>\n<p><strong>Fonte:\u00a0Contraf-CUT, com CUT Nacional<\/strong><\/p>\n","protected":false},"excerpt":{"rendered":"<p>Centrais sindicais e movimentos sociais se unem e v\u00e3o \u00e0s ruas nesta quarta-feira (30) para defender a classe trabalhadora e toda a sociedade brasileira da pol\u00edtica econ\u00f4mica neoliberal do governo de Jair Bolsonaro (PSL), implantada pelo ministro da Economia, Paulo Guedes. Uma caravana de sindicalistas e militantes de movimentos sociais vinda de v\u00e1rios estados est\u00e1 [&hellip;]<\/p>\n","protected":false},"author":2,"featured_media":7821,"comment_status":"","ping_status":"","sticky":false,"template":"","format":"standard","meta":{"footnotes":""},"categories":[3],"tags":[],"class_list":["post-7822","post","type-post","status-publish","format-standard","has-post-thumbnail","hentry","category-noticias"],"_links":{"self":[{"href":"https:\/\/hostnetart.com.br\/baixada\/wp-json\/wp\/v2\/posts\/7822","targetHints":{"allow":["GET"]}}],"collection":[{"href":"https:\/\/hostnetart.com.br\/baixada\/wp-json\/wp\/v2\/posts"}],"about":[{"href":"https:\/\/hostnetart.com.br\/baixada\/wp-json\/wp\/v2\/types\/post"}],"author":[{"embeddable":true,"href":"https:\/\/hostnetart.com.br\/baixada\/wp-json\/wp\/v2\/users\/2"}],"replies":[{"embeddable":true,"href":"https:\/\/hostnetart.com.br\/baixada\/wp-json\/wp\/v2\/comments?post=7822"}],"version-history":[{"count":0,"href":"https:\/\/hostnetart.com.br\/baixada\/wp-json\/wp\/v2\/posts\/7822\/revisions"}],"wp:featuredmedia":[{"embeddable":true,"href":"https:\/\/hostnetart.com.br\/baixada\/wp-json\/wp\/v2\/media\/7821"}],"wp:attachment":[{"href":"https:\/\/hostnetart.com.br\/baixada\/wp-json\/wp\/v2\/media?parent=7822"}],"wp:term":[{"taxonomy":"category","embeddable":true,"href":"https:\/\/hostnetart.com.br\/baixada\/wp-json\/wp\/v2\/categories?post=7822"},{"taxonomy":"post_tag","embeddable":true,"href":"https:\/\/hostnetart.com.br\/baixada\/wp-json\/wp\/v2\/tags?post=7822"}],"curies":[{"name":"wp","href":"https:\/\/api.w.org\/{rel}","templated":true}]}}