{"id":7820,"date":"2019-10-29T16:51:00","date_gmt":"2019-10-29T19:51:00","guid":{"rendered":"https:\/\/hostnetart.com.br\/baixada\/comando-nacional-dos-bancarios-debate-a-defesa-dos-bancos-publicos\/"},"modified":"2019-10-29T16:51:00","modified_gmt":"2019-10-29T19:51:00","slug":"comando-nacional-dos-bancarios-debate-a-defesa-dos-bancos-publicos","status":"publish","type":"post","link":"https:\/\/hostnetart.com.br\/baixada\/comando-nacional-dos-bancarios-debate-a-defesa-dos-bancos-publicos\/","title":{"rendered":"Comando Nacional dos Banc\u00e1rios debate a defesa dos bancos p\u00fablicos"},"content":{"rendered":"<p>O Comando Nacional dos Banc\u00e1rios se re\u00fane neste momento na sede do Sindicato dos Banc\u00e1rios de Bras\u00edlia para debater sobre a estrat\u00e9gia em defesa dos bancos p\u00fablicos na atual conjuntura.<\/p>\n<p>A reuni\u00e3o \u00e9 uma pr\u00e9via do<a href=\"https:\/\/contrafcut.com.br\/noticias\/seminario-nacional-ressalta-importancia-dos-bancos-publicos-para-o-pais\/\" target=\"_blank\" rel=\"noopener noreferrer\">\u00a0semin\u00e1rio \u201cO Brasil \u00e9 nosso\u201d<\/a>, que acontecer\u00e1 nesta tarde, no mesmo local.<\/p>\n<p>A atividade faz parte da campanha em defesa dos bancos p\u00fablicos, da soberania nacional, do cr\u00e9dito, do emprego e do desenvolvimento.<\/p>\n<p><strong>Fonte: Contraf-CUT<\/strong><\/p>\n","protected":false},"excerpt":{"rendered":"<p>O Comando Nacional dos Banc\u00e1rios se re\u00fane neste momento na sede do Sindicato dos Banc\u00e1rios de Bras\u00edlia para debater sobre a estrat\u00e9gia em defesa dos bancos p\u00fablicos na atual conjuntura. A reuni\u00e3o \u00e9 uma pr\u00e9via do\u00a0semin\u00e1rio \u201cO Brasil \u00e9 nosso\u201d, que acontecer\u00e1 nesta tarde, no mesmo local. A atividade faz parte da campanha em defesa [&hellip;]<\/p>\n","protected":false},"author":2,"featured_media":7819,"comment_status":"","ping_status":"","sticky":false,"template":"","format":"standard","meta":{"footnotes":""},"categories":[3],"tags":[],"class_list":["post-7820","post","type-post","status-publish","format-standard","has-post-thumbnail","hentry","category-noticias"],"_links":{"self":[{"href":"https:\/\/hostnetart.com.br\/baixada\/wp-json\/wp\/v2\/posts\/7820","targetHints":{"allow":["GET"]}}],"collection":[{"href":"https:\/\/hostnetart.com.br\/baixada\/wp-json\/wp\/v2\/posts"}],"about":[{"href":"https:\/\/hostnetart.com.br\/baixada\/wp-json\/wp\/v2\/types\/post"}],"author":[{"embeddable":true,"href":"https:\/\/hostnetart.com.br\/baixada\/wp-json\/wp\/v2\/users\/2"}],"replies":[{"embeddable":true,"href":"https:\/\/hostnetart.com.br\/baixada\/wp-json\/wp\/v2\/comments?post=7820"}],"version-history":[{"count":0,"href":"https:\/\/hostnetart.com.br\/baixada\/wp-json\/wp\/v2\/posts\/7820\/revisions"}],"wp:featuredmedia":[{"embeddable":true,"href":"https:\/\/hostnetart.com.br\/baixada\/wp-json\/wp\/v2\/media\/7819"}],"wp:attachment":[{"href":"https:\/\/hostnetart.com.br\/baixada\/wp-json\/wp\/v2\/media?parent=7820"}],"wp:term":[{"taxonomy":"category","embeddable":true,"href":"https:\/\/hostnetart.com.br\/baixada\/wp-json\/wp\/v2\/categories?post=7820"},{"taxonomy":"post_tag","embeddable":true,"href":"https:\/\/hostnetart.com.br\/baixada\/wp-json\/wp\/v2\/tags?post=7820"}],"curies":[{"name":"wp","href":"https:\/\/api.w.org\/{rel}","templated":true}]}}