{"id":7814,"date":"2019-10-29T02:49:20","date_gmt":"2019-10-29T05:49:20","guid":{"rendered":"https:\/\/hostnetart.com.br\/baixada\/trabalhadores-do-ramo-financeiro-definem-estrategias-mundiais-de-defesa-dos-direitos\/"},"modified":"2019-10-29T02:49:20","modified_gmt":"2019-10-29T05:49:20","slug":"trabalhadores-do-ramo-financeiro-definem-estrategias-mundiais-de-defesa-dos-direitos","status":"publish","type":"post","link":"https:\/\/hostnetart.com.br\/baixada\/trabalhadores-do-ramo-financeiro-definem-estrategias-mundiais-de-defesa-dos-direitos\/","title":{"rendered":"Trabalhadores do ramo financeiro definem estrat\u00e9gias mundiais de defesa dos direitos"},"content":{"rendered":"<div class=\"elementor-element elementor-element-194680ec elementor-widget elementor-widget-theme-post-content\" data-id=\"194680ec\" data-element_type=\"widget\" data-widget_type=\"theme-post-content.default\">\n<div class=\"elementor-widget-container\">\n<p>Banc\u00e1rios, securit\u00e1rios, financi\u00e1rios e trabalhadores de cooperativas de cr\u00e9dito de todo o mundo se reuniram nos dias 23 e 24, em M\u00e1laga, na Espanha, na 5\u00aa Confer\u00eancia Mundial da <a href=\"https:\/\/www.uniglobalunion.org\/sectors\/finance\/news\" target=\"_blank\" rel=\"noopener noreferrer\">UNI Finan\u00e7as<\/a>, que \u00e9 um dos setores UNI Global Union, o maior sindicato de servi\u00e7os do mundo. Durante os dois dias, eles analisaram a conjuntura mundial e a situa\u00e7\u00e3o do movimento sindical do ramo financeiro desde a \u00faltima confer\u00eancia que foi Antalya, na Turquia. Tamb\u00e9m debateram sobre quatro grandes eixos de interven\u00e7\u00e3o dos sindicatos dessas categorias no mundo do trabalho.<\/p>\n<div class=\"wp-block-image\">\n<figure class=\"alignleft is-resized\"><img fetchpriority=\"high\" decoding=\"async\" class=\"wp-image-275289 lazyloaded\" src=\"https:\/\/contrafcut.com.br\/wp-content\/uploads\/2019\/10\/rita_berlofa_unifinanca-960x640-2.jpg?x35815\" sizes=\"(max-width: 313px) 100vw, 313px\" srcset=\"https:\/\/contrafcut.com.br\/wp-content\/uploads\/2019\/10\/rita_berlofa_unifinanca-960x640-2.jpg 588w, https:\/\/contrafcut.com.br\/wp-content\/uploads\/2019\/10\/rita_berlofa_unifinanca-960x640-2-235x230.jpg 235w\" alt=\"\" width=\"313\" height=\"306\" data-lazy-srcset=\"https:\/\/contrafcut.com.br\/wp-content\/uploads\/2019\/10\/rita_berlofa_unifinanca-960x640-2.jpg 588w, https:\/\/contrafcut.com.br\/wp-content\/uploads\/2019\/10\/rita_berlofa_unifinanca-960x640-2-235x230.jpg 235w\" data-lazy-sizes=\"(max-width: 313px) 100vw, 313px\" data-lazy-src=\"https:\/\/contrafcut.com.br\/wp-content\/uploads\/2019\/10\/rita_berlofa_unifinanca-960x640-2.jpg?x35815\" data-was-processed=\"true\" \/><\/figure>\n<\/div>\n<p>A presidenta mundial da UNI Finan\u00e7as, Rita Berlofa, abriu a confer\u00eancia pedindo aos afiliados da UNI que enfrentem o desafio do setor financeiro e construam poder sindical em todo o mundo.<\/p>\n<p>O primeiro debate tratou da estrat\u00e9gia para romper barreiras, se organizar e fazer os sindicatos crescerem para se empoderarem e fazer enfrentamento com os bancos multinacionais que exploram os trabalhadores, n\u00e3o respeitam os direitos humanos e os direitos trabalhistas espec\u00edficos de cada um dos pa\u00edses.<\/p>\n<h3><strong>Sistema financeiro que queremos<\/strong><\/h3>\n<div class=\"wp-block-image\">\n<figure class=\"alignright is-resized\"><img decoding=\"async\" class=\"wp-image-275290 lazyloaded\" src=\"https:\/\/contrafcut.com.br\/wp-content\/uploads\/2019\/10\/ivone-5a-conferencia-mundical-da-uni-financas-2.jpg?x35815\" sizes=\"(max-width: 240px) 100vw, 240px\" srcset=\"https:\/\/contrafcut.com.br\/wp-content\/uploads\/2019\/10\/ivone-5a-conferencia-mundical-da-uni-financas-2.jpg 525w, https:\/\/contrafcut.com.br\/wp-content\/uploads\/2019\/10\/ivone-5a-conferencia-mundical-da-uni-financas-2-143x230.jpg 143w\" alt=\"\" width=\"240\" height=\"386\" data-lazy-srcset=\"https:\/\/contrafcut.com.br\/wp-content\/uploads\/2019\/10\/ivone-5a-conferencia-mundical-da-uni-financas-2.jpg 525w, https:\/\/contrafcut.com.br\/wp-content\/uploads\/2019\/10\/ivone-5a-conferencia-mundical-da-uni-financas-2-143x230.jpg 143w\" data-lazy-sizes=\"(max-width: 240px) 100vw, 240px\" data-lazy-src=\"https:\/\/contrafcut.com.br\/wp-content\/uploads\/2019\/10\/ivone-5a-conferencia-mundical-da-uni-financas-2.jpg?x35815\" data-was-processed=\"true\" \/><\/figure>\n<\/div>\n<p>Ainda no dia 23, os trabalhadores debateram sobre a atua\u00e7\u00e3o dos sindicatos na luta por um sistema financeiro sustent\u00e1vel. Representantes do mundo acad\u00eamico foram convidados para contribuir com a reflex\u00e3o sobre um o sistema financeiro que seja sustent\u00e1vel, que n\u00e3o seja predador. \u201cQueremos um sistema financeiro que sirva para desenvolver o mundo, que esteja a servi\u00e7o da sociedade e n\u00e3o seja apenas uma m\u00e1quina de fabricar dinheiro para seus acionistas e seus donos. Temos que colocar o sistema financeiro efetivamente a servi\u00e7o do desenvolvimento para construir um mundo melhor\u201d, disse a presidenta do Sindicato dos Banc\u00e1rios de S\u00e3o Paulo, Osasco e Regi\u00e3o, Ivone Silva.<\/p>\n<h3><strong>Tecnologia e o mundo do trabalho<\/strong><\/h3>\n<p>No segundo dia, os trabalhos se iniciaram com o debate a respeito da digitaliza\u00e7\u00e3o no mundo do trabalho e os impactos que as tecnologias est\u00e3o causando nas rela\u00e7\u00f5es trabalhistas e no emprego.<\/p>\n<p>Ap\u00f3s os relatos de delega\u00e7\u00f5es de todos os pa\u00edses, mostrando que a tecnologia est\u00e1 tirando emprego da categoria; que os trabalhadores que n\u00e3o se atualizam s\u00e3o demitidos e n\u00e3o encontram novas coloca\u00e7\u00f5es; o debate girou em torno do fato de que a tecnologia \u00e9 muito boa, seu uso \u00e9 inevit\u00e1vel e, diante disso, o que \u00e9 preciso ser feito para que ela sirva \u00e0 toda a humanidade e que, em nome das necess\u00e1rias altera\u00e7\u00f5es e da moderniza\u00e7\u00e3o tecnol\u00f3gica, ningu\u00e9m seja exclu\u00eddo dos benef\u00edcios que ela traz.<\/p>\n<div class=\"wp-block-image\">\n<figure class=\"alignleft is-resized\"><img decoding=\"async\" class=\"wp-image-275291 lazyloaded\" src=\"https:\/\/contrafcut.com.br\/wp-content\/uploads\/2019\/10\/juvandia-5a-conferencia-mundical-da-uni-financas-2.jpg?x35815\" sizes=\"(max-width: 244px) 100vw, 244px\" srcset=\"https:\/\/contrafcut.com.br\/wp-content\/uploads\/2019\/10\/juvandia-5a-conferencia-mundical-da-uni-financas-2.jpg 507w, https:\/\/contrafcut.com.br\/wp-content\/uploads\/2019\/10\/juvandia-5a-conferencia-mundical-da-uni-financas-2-138x230.jpg 138w\" alt=\"\" width=\"244\" height=\"409\" data-lazy-srcset=\"https:\/\/contrafcut.com.br\/wp-content\/uploads\/2019\/10\/juvandia-5a-conferencia-mundical-da-uni-financas-2.jpg 507w, https:\/\/contrafcut.com.br\/wp-content\/uploads\/2019\/10\/juvandia-5a-conferencia-mundical-da-uni-financas-2-138x230.jpg 138w\" data-lazy-sizes=\"(max-width: 244px) 100vw, 244px\" data-lazy-src=\"https:\/\/contrafcut.com.br\/wp-content\/uploads\/2019\/10\/juvandia-5a-conferencia-mundical-da-uni-financas-2.jpg?x35815\" data-was-processed=\"true\" \/><\/figure>\n<\/div>\n<p>\u201cNo Brasil, conseguimos incluir na Conven\u00e7\u00e3o Coletiva de Trabalho dos banc\u00e1rios cl\u00e1usulas que amenizam os impactos dos avan\u00e7os tecnol\u00f3gicos sobre o emprego da categoria\u201d, informou a presidenta da Confedera\u00e7\u00e3o Nacional dos Trabalhadores do Ramo Financeiro (Contraf-CUT), Juvandia Moreira, se referindo \u00e0 proibi\u00e7\u00e3o dos bancos mandarem mensagem cobrando o cumprimento de metas pelo celular fora do hor\u00e1rio de trabalho, assim como a cria\u00e7\u00e3o do centro de requalifica\u00e7\u00e3o e realoca\u00e7\u00e3o.<\/p>\n<p>\u201cMas, o centro do debate \u00e9 garantir que ningu\u00e9m seja exclu\u00eddo pelos avan\u00e7os tecnol\u00f3gicos e digitais, que est\u00e3o mudando n\u00e3o apenas o mundo do trabalho, mas tamb\u00e9m toda a organiza\u00e7\u00e3o social\u201d, continuou a presidenta da Contraf-CUT, lembrando que, no setor financeiro do Brasil, a maioria das transa\u00e7\u00f5es s\u00e3o realizadas por meios digitais. \u201cApenas 8% s\u00e3o realizadas em ag\u00eancias f\u00edsicas. E, apesar dos bancos seguirem tendo lucros bilion\u00e1rios, com crescimento m\u00e9dio 16%, nos \u00faltimos quatro anos os bancos brasileiros reduziram quase 11% dos postos de trabalho, agravando ainda mais a crise de desemprego que vive o pa\u00eds, que possui uma taxa de desemprego de cerca de 13%\u201d, concluiu.<\/p>\n<h3><strong>Democracia e direitos humanos<\/strong><\/h3>\n<p>Os trabalhos prosseguiram com o debate sobre direitos humanos e democracia. \u201cUm pa\u00eds s\u00f3 pode dizer que \u00e9 democr\u00e1tico se, em todo o seu territ\u00f3rio, houver respeito aos direitos de todas as pessoas, desde o direito de liberdade de express\u00e3o e liberdade de organiza\u00e7\u00e3o at\u00e9 o respeito aos direitos humanos de forma mais ampla, como o direito \u00e0 sa\u00fade, \u00e0 educa\u00e7\u00e3o, \u00e0 moradia\u201d, disse o secret\u00e1rio de Rela\u00e7\u00f5es Internacionais da Contraf-CUT, Roberto von der Osten, incluindo o Brasil entre os pa\u00edses privados da democracia. \u201cBasta lembrar que, desde o governo Temer at\u00e9 agora, perdemos diversos direitos trabalhistas que tinham sido conquistados depois de muitos e muitos anos luta. Basta lembrar da reforma da Previd\u00eancia, da viol\u00eancia que est\u00e1 instalada, inclusive com o assassinato de Marielle Franco e outros tantos de dirigentes sindicais e pol\u00edticos\u201d, explicou.<\/p>\n<figure class=\"wp-block-image alignwide\"><img decoding=\"async\" class=\"wp-image-275294 lazyloaded\" src=\"https:\/\/contrafcut.com.br\/wp-content\/uploads\/2019\/10\/betao-5a-conferencia-mundical-da-uni-financas-3.jpg?x35815\" sizes=\"(max-width: 824px) 100vw, 824px\" srcset=\"https:\/\/contrafcut.com.br\/wp-content\/uploads\/2019\/10\/betao-5a-conferencia-mundical-da-uni-financas-3.jpg 824w, https:\/\/contrafcut.com.br\/wp-content\/uploads\/2019\/10\/betao-5a-conferencia-mundical-da-uni-financas-3-410x145.jpg 410w, https:\/\/contrafcut.com.br\/wp-content\/uploads\/2019\/10\/betao-5a-conferencia-mundical-da-uni-financas-3-768x271.jpg 768w\" alt=\"\" data-lazy-srcset=\"https:\/\/contrafcut.com.br\/wp-content\/uploads\/2019\/10\/betao-5a-conferencia-mundical-da-uni-financas-3.jpg 824w, https:\/\/contrafcut.com.br\/wp-content\/uploads\/2019\/10\/betao-5a-conferencia-mundical-da-uni-financas-3-410x145.jpg 410w, https:\/\/contrafcut.com.br\/wp-content\/uploads\/2019\/10\/betao-5a-conferencia-mundical-da-uni-financas-3-768x271.jpg 768w\" data-lazy-sizes=\"(max-width: 824px) 100vw, 824px\" data-lazy-src=\"https:\/\/contrafcut.com.br\/wp-content\/uploads\/2019\/10\/betao-5a-conferencia-mundical-da-uni-financas-3.jpg?x35815\" data-was-processed=\"true\" \/><\/figure>\n<p>\u201cO ponto mais alto dessa viol\u00eancia \u00e9 a pris\u00e3o pol\u00edtica do (ex-presidente) Lula, uma pris\u00e3o que interferiu no resultado das elei\u00e7\u00f5es e abriu as portas para, talvez, a mais profunda reforma neoliberal em termos de velocidade que acontece no mundo, onde todo nosso patrim\u00f4nio \u00e9 colocado \u00e0 venda, os direitos s\u00e3o flexibilizados ao extremo e onde os sindicatos est\u00e3o sofrendo ataques terr\u00edveis \u00e0 sua resist\u00eancia e sua sustenta\u00e7\u00e3o\u201d, concluiu von der Osten.<\/p>\n<p>Em <a href=\"https:\/\/afubesp.org.br\/vice-presidenta-da-afubesp-e-eleita-pela-segunda-vez-para-presidir-uni-financas\/\" target=\"_blank\" rel=\"noopener noreferrer\">seu discurso<\/a>, Rita Berlofa tamb\u00e9m falou destacou a falta de democracia e ressaltou que a maior luta da entidade ser\u00e1 garantir o direito \u00e0 sindicaliza\u00e7\u00e3o a todos os trabalhadores do mundo. \u201cNos EUA, os banc\u00e1rios s\u00e3o pressionados a n\u00e3o se sindicalizar. S\u00e3o mais de 1 milh\u00e3o de trabalhadores que t\u00eam este direito cerceado. Um dos nossos desafios ser\u00e1 este. Garantir que os trabalhadores norte-americanos tenham o direito humano de ter um sindicato.\u201d<\/p>\n<h3><strong>Delibera\u00e7\u00f5es<\/strong><\/h3>\n<p>Ao final do encontro, as resolu\u00e7\u00f5es dos quatro eixos foram aprovadas por unanimidade, inclusive uma nota de solidariedade que diz que UNI Finan\u00e7as Mundial protesta veementemente contra a pris\u00e3o pol\u00edtica do ex-presidente Luis In\u00e1cio Lula da Silva.<\/p>\n<p>Tamb\u00e9m foi eleita por unanimidade a chapa da nova dire\u00e7\u00e3o da UNI Finan\u00e7as Mundial. A brasileira Rita Berlofa, representante da Contraf-CUT, e o italiano radicado na Su\u00ed\u00e7a \u00c2ngelo Di Cristo foram reeleitos para mais um mandato de quatro anos como presidenta e como diretor mundial da UNI Finan\u00e7as, respectivamente.<\/p>\n<p><strong>Fonte:<\/strong> <strong>Contraf-CUT<\/strong><\/p>\n<\/div>\n<\/div>\n","protected":false},"excerpt":{"rendered":"<p>Banc\u00e1rios, securit\u00e1rios, financi\u00e1rios e trabalhadores de cooperativas de cr\u00e9dito de todo o mundo se reuniram nos dias 23 e 24, em M\u00e1laga, na Espanha, na 5\u00aa Confer\u00eancia Mundial da UNI Finan\u00e7as, que \u00e9 um dos setores UNI Global Union, o maior sindicato de servi\u00e7os do mundo. Durante os dois dias, eles analisaram a conjuntura mundial [&hellip;]<\/p>\n","protected":false},"author":2,"featured_media":7813,"comment_status":"","ping_status":"","sticky":false,"template":"","format":"standard","meta":{"footnotes":""},"categories":[3],"tags":[],"class_list":["post-7814","post","type-post","status-publish","format-standard","has-post-thumbnail","hentry","category-noticias"],"_links":{"self":[{"href":"https:\/\/hostnetart.com.br\/baixada\/wp-json\/wp\/v2\/posts\/7814","targetHints":{"allow":["GET"]}}],"collection":[{"href":"https:\/\/hostnetart.com.br\/baixada\/wp-json\/wp\/v2\/posts"}],"about":[{"href":"https:\/\/hostnetart.com.br\/baixada\/wp-json\/wp\/v2\/types\/post"}],"author":[{"embeddable":true,"href":"https:\/\/hostnetart.com.br\/baixada\/wp-json\/wp\/v2\/users\/2"}],"replies":[{"embeddable":true,"href":"https:\/\/hostnetart.com.br\/baixada\/wp-json\/wp\/v2\/comments?post=7814"}],"version-history":[{"count":0,"href":"https:\/\/hostnetart.com.br\/baixada\/wp-json\/wp\/v2\/posts\/7814\/revisions"}],"wp:featuredmedia":[{"embeddable":true,"href":"https:\/\/hostnetart.com.br\/baixada\/wp-json\/wp\/v2\/media\/7813"}],"wp:attachment":[{"href":"https:\/\/hostnetart.com.br\/baixada\/wp-json\/wp\/v2\/media?parent=7814"}],"wp:term":[{"taxonomy":"category","embeddable":true,"href":"https:\/\/hostnetart.com.br\/baixada\/wp-json\/wp\/v2\/categories?post=7814"},{"taxonomy":"post_tag","embeddable":true,"href":"https:\/\/hostnetart.com.br\/baixada\/wp-json\/wp\/v2\/tags?post=7814"}],"curies":[{"name":"wp","href":"https:\/\/api.w.org\/{rel}","templated":true}]}}