{"id":7812,"date":"2019-10-29T02:48:12","date_gmt":"2019-10-29T05:48:12","guid":{"rendered":"https:\/\/hostnetart.com.br\/baixada\/seminario-nacional-ressalta-importancia-dos-bancos-publicos-para-o-pais\/"},"modified":"2019-10-29T02:48:12","modified_gmt":"2019-10-29T05:48:12","slug":"seminario-nacional-ressalta-importancia-dos-bancos-publicos-para-o-pais","status":"publish","type":"post","link":"https:\/\/hostnetart.com.br\/baixada\/seminario-nacional-ressalta-importancia-dos-bancos-publicos-para-o-pais\/","title":{"rendered":"Semin\u00e1rio nacional ressalta import\u00e2ncia dos bancos p\u00fablicos para o pa\u00eds"},"content":{"rendered":"<div class=\"elementor-element elementor-element-194680ec elementor-widget elementor-widget-theme-post-content\" data-id=\"194680ec\" data-element_type=\"widget\" data-widget_type=\"theme-post-content.default\">\n<div class=\"elementor-widget-container\">\n<p>Banc\u00e1rios e banc\u00e1rias de todo o pa\u00eds v\u00e3o at\u00e9 Bras\u00edlia, nesta ter\u00e7a-feira (29), para debater a import\u00e2ncia dos bancos p\u00fablicos para a sociedade brasileira. O semin\u00e1rio \u201cO Brasil \u00e9 nosso\u201d ser\u00e1 promovido pelas frentes parlamentares mistas em Defesa da Soberania Nacional e em Defesa dos Bancos P\u00fablicos como parte da campanha em defesa dos bancos p\u00fablicos, da soberania nacional, do cr\u00e9dito, do emprego e do desenvolvimento e conta com o apoio da Confedera\u00e7\u00e3o Nacional dos Trabalhadores do Ramo Financeiro (Contraf-CUT) e da Federa\u00e7\u00e3o Nacional das Associa\u00e7\u00f5es dos Empregados da Caixa (Fenae).<\/p>\n<p>O evento ser\u00e1 realizado no teatro do Sindicato dos Banc\u00e1rios de Bras\u00edlia (EQS 314\/315, Bloco A \u2013 Asa Sul, Bras\u00edlia\/DF).<\/p>\n<p>\u201cOs bancos p\u00fablicos s\u00e3o instrumentos estrat\u00e9gicos. Quando bem usados pelo governo, disp\u00f5em cr\u00e9dito para o desenvolvimento e, consequentemente, geram emprego e renda para os trabalhadores\u201d, explicou a presidenta da Contraf-CUT, Juvandia Moreira.<\/p>\n<p>\u201cMais do que isso, os bancos p\u00fablicos s\u00e3o fundamentais para o desenvolvimento igualit\u00e1rio do pa\u00eds, como determina a Constitui\u00e7\u00e3o Federal e a legisla\u00e7\u00e3o espec\u00edfica do sistema financeiro. S\u00e3o os bancos p\u00fablicos que concedem cr\u00e9dito para as regi\u00f5es mais carentes. Os privados concentram sua atua\u00e7\u00e3o na regi\u00e3o Sudeste\u201d, completou a presidenta da Contraf-CUT, lembrando que somente os bancos p\u00fablicos investem onde os privados n\u00e3o t\u00eam interesse. \u201cOs bancos privados t\u00eam como objetivo o lucro. Os p\u00fablicos visam o retorno para a sociedade\u201d, concluiu.<\/p>\n<h3><strong>Cr\u00e9dito para quem precisa<\/strong><\/h3>\n<p>Um levantamento realizado pelo Departamento Intersindical de Estat\u00edstica e Estudos Socioecon\u00f4micos (Dieese), com base em dados do Banco Central de mar\u00e7o de 2019, mostra que 90,9% do cr\u00e9dito na regi\u00e3o Norte \u00e9 concedido por bancos p\u00fablicos. No Centro-Oeste, 88,1%; no Nordeste 84,8%; e no Sul 80,5%. Somente na regi\u00e3o Sudeste os bancos privados det\u00eam a maior parte do cr\u00e9dito (69,3%).<\/p>\n<p>At\u00e9 a gest\u00e3o passada, o predom\u00ednio dos bancos p\u00fablicos na carteira de cr\u00e9dito era ainda maior. Em fevereiro de 2018, os bancos p\u00fablicos eram respons\u00e1veis por 94,5% do cr\u00e9dito na regi\u00e3o Norte; 91,8% no Centro-Oeste; 87,3% no Nordeste; e 84% no Sul.<\/p>\n<p>Considerando as carteiras espec\u00edficas de cr\u00e9dito rural e habitacional, os bancos p\u00fablicos respondem por 72,9% e 80,5%, respectivamente, dos financiamentos para estas \u00e1reas em todo o pa\u00eds, chegando a responder pela totalidade do cr\u00e9dito destas carteiras em algumas regi\u00f5es.<\/p>\n<h3><strong>Soberania<\/strong><\/h3>\n<p>O vice-presidente da Federa\u00e7\u00e3o Nacional das Associa\u00e7\u00f5es dos Empregados da Caixa (Fenae), Sergio Takemoto, que \u00e9 tamb\u00e9m secret\u00e1rio de Finan\u00e7as da Contraf-CUT, ressaltou ainda a import\u00e2ncia dos bancos p\u00fablicos para a soberania nacional. \u201cEm 2009, quando os bancos privados restringiram ainda mais o cr\u00e9dito, o governo usou os bancos p\u00fablicos para estimular a economia e evitar estragos ainda maiores ao pa\u00eds\u201d, lembrou. \u201cO pa\u00eds precisa manter essa ferramenta estrat\u00e9gica fundamental para conseguir controlar o fomento ao desenvolvimento do pa\u00eds\u201d, concluiu.<\/p>\n<p>Na manh\u00e3 do dia seguinte ao do semin\u00e1rio, tamb\u00e9m em Bras\u00edlia, a categoria banc\u00e1ria se junta a trabalhadores de outras categorias para participar do ato em defesa da soberania nacional. A atividade ocorrer\u00e1 em frente \u00e0 sede do Minist\u00e9rio da Economia, na Esplanada dos Minist\u00e9rios, Bloco P.<\/p>\n<p><strong>Fonte:<\/strong> <strong>Contraf-CUT<\/strong><\/p>\n<\/div>\n<\/div>\n","protected":false},"excerpt":{"rendered":"<p>Banc\u00e1rios e banc\u00e1rias de todo o pa\u00eds v\u00e3o at\u00e9 Bras\u00edlia, nesta ter\u00e7a-feira (29), para debater a import\u00e2ncia dos bancos p\u00fablicos para a sociedade brasileira. O semin\u00e1rio \u201cO Brasil \u00e9 nosso\u201d ser\u00e1 promovido pelas frentes parlamentares mistas em Defesa da Soberania Nacional e em Defesa dos Bancos P\u00fablicos como parte da campanha em defesa dos bancos [&hellip;]<\/p>\n","protected":false},"author":2,"featured_media":7811,"comment_status":"","ping_status":"","sticky":false,"template":"","format":"standard","meta":{"footnotes":""},"categories":[3],"tags":[],"class_list":["post-7812","post","type-post","status-publish","format-standard","has-post-thumbnail","hentry","category-noticias"],"_links":{"self":[{"href":"https:\/\/hostnetart.com.br\/baixada\/wp-json\/wp\/v2\/posts\/7812","targetHints":{"allow":["GET"]}}],"collection":[{"href":"https:\/\/hostnetart.com.br\/baixada\/wp-json\/wp\/v2\/posts"}],"about":[{"href":"https:\/\/hostnetart.com.br\/baixada\/wp-json\/wp\/v2\/types\/post"}],"author":[{"embeddable":true,"href":"https:\/\/hostnetart.com.br\/baixada\/wp-json\/wp\/v2\/users\/2"}],"replies":[{"embeddable":true,"href":"https:\/\/hostnetart.com.br\/baixada\/wp-json\/wp\/v2\/comments?post=7812"}],"version-history":[{"count":0,"href":"https:\/\/hostnetart.com.br\/baixada\/wp-json\/wp\/v2\/posts\/7812\/revisions"}],"wp:featuredmedia":[{"embeddable":true,"href":"https:\/\/hostnetart.com.br\/baixada\/wp-json\/wp\/v2\/media\/7811"}],"wp:attachment":[{"href":"https:\/\/hostnetart.com.br\/baixada\/wp-json\/wp\/v2\/media?parent=7812"}],"wp:term":[{"taxonomy":"category","embeddable":true,"href":"https:\/\/hostnetart.com.br\/baixada\/wp-json\/wp\/v2\/categories?post=7812"},{"taxonomy":"post_tag","embeddable":true,"href":"https:\/\/hostnetart.com.br\/baixada\/wp-json\/wp\/v2\/tags?post=7812"}],"curies":[{"name":"wp","href":"https:\/\/api.w.org\/{rel}","templated":true}]}}