{"id":7810,"date":"2019-10-25T18:25:26","date_gmt":"2019-10-25T21:25:26","guid":{"rendered":"https:\/\/hostnetart.com.br\/baixada\/banco-do-brasil-convoca-funcionarios-que-estao-em-licenca-interesse\/"},"modified":"2019-10-25T18:25:26","modified_gmt":"2019-10-25T21:25:26","slug":"banco-do-brasil-convoca-funcionarios-que-estao-em-licenca-interesse","status":"publish","type":"post","link":"https:\/\/hostnetart.com.br\/baixada\/banco-do-brasil-convoca-funcionarios-que-estao-em-licenca-interesse\/","title":{"rendered":"Banco do Brasil convoca funcion\u00e1rios que est\u00e3o em licen\u00e7a-interesse"},"content":{"rendered":"<p>O Banco do Brasil voltou a realizar uma pol\u00edtica de gest\u00e3o liberal que praticava na d\u00e9cada de 1990. A institui\u00e7\u00e3o solicitou o retorno de banc\u00e1rios que est\u00e3o em licen\u00e7a-interesse e suspendeu a concess\u00e3o de novas licen\u00e7as. Existem atualmente cerca de 2.100 banc\u00e1rios em licen\u00e7a interesse na empresa.<\/p>\n<p>Em comunicado enviado aos funcion\u00e1rios, o banco disse apenas que se trata de uma \u201cdecis\u00e3o administrativa\u201d para preencher vagas em aberto. Como o banco n\u00e3o tem concurso vigente, os funcion\u00e1rios ficam sujeitos \u00e0s reestrutura\u00e7\u00f5es que est\u00e3o sendo realizadas e sofrem com a sobrecarga de trabalho.<\/p>\n<h3><strong>Prerrogativa e amea\u00e7a<\/strong><\/h3>\n<p>Segundo a Diretoria de Pessoas (Dipes), \u00e9 prerrogativa do banco conceder, ou n\u00e3o, a licen\u00e7a-interesse e a convoca\u00e7\u00e3o de funcion\u00e1rios que estejam licenciados est\u00e1 prevista nas normas internas do banco.<\/p>\n<p>As normas estipulam ainda que o funcion\u00e1rio em licen\u00e7a-interesse pode ficar afastado do trabalho por at\u00e9 dois anos, sem vencimentos nem benef\u00edcios.<\/p>\n<p>No comunicado, o banco diz ainda que o banc\u00e1rio em licen\u00e7a-interesse dever\u00e1 se apresentar at\u00e9 o dia 22 de novembro em seu local de trabalho e amea\u00e7a que, \u201ccaso n\u00e3o compare\u00e7a para posse, suas aus\u00eancias a partir de 25\/11\/2019, ser\u00e3o classificadas como \u2018falta n\u00e3o abonada n\u00e3o autorizada\u2019, o que poder\u00e1 incorrer em abandono de emprego, pass\u00edvel de demiss\u00e3o por justa causa (al\u00ednea I do artigo 482, da CLT)\u201d.<\/p>\n<h3><strong>Guinada negativa<\/strong><\/h3>\n<p>\u201cDurante a licen\u00e7a-interesse os funcion\u00e1rios n\u00e3o recebem sal\u00e1rios nem benef\u00edcios. Ela permite que eles se aperfei\u00e7oem e voltem para o banco com mais qualifica\u00e7\u00e3o\u201d, explicou o coordenador da Comiss\u00e3o de Empresa dos Funcion\u00e1rios do Banco do Brasil, Jo\u00e3o Fukunaga.<\/p>\n<p>\u201cPercebemos uma guinada negativa na pol\u00edtica de pessoal da empresa, com predomin\u00e2ncia de a\u00e7\u00f5es voltadas para punir, prejudicar o banc\u00e1rio e suprimir direitos. Alterar a licen\u00e7a-interesse n\u00e3o \u00e9 a medida mais eficaz para o preenchimento das vagas existentes. Se faz urgente a necessidade de um concurso para resolver o problema da falta de funcion\u00e1rios e sobrecarga de trabalho\u201d, criticou o diretor do Sindicato dos Banc\u00e1rios de Bras\u00edlia e representante da Federa\u00e7\u00e3o Centro-Norte na Comiss\u00e3o de Empresa dos Funcion\u00e1rios do BB, Rafael Zanon.<\/p>\n<p><strong>Fonte:<\/strong>\u00a0<strong>Contraf-CUT, com Seeb\/DF<\/strong><\/p>\n","protected":false},"excerpt":{"rendered":"<p>O Banco do Brasil voltou a realizar uma pol\u00edtica de gest\u00e3o liberal que praticava na d\u00e9cada de 1990. A institui\u00e7\u00e3o solicitou o retorno de banc\u00e1rios que est\u00e3o em licen\u00e7a-interesse e suspendeu a concess\u00e3o de novas licen\u00e7as. Existem atualmente cerca de 2.100 banc\u00e1rios em licen\u00e7a interesse na empresa. Em comunicado enviado aos funcion\u00e1rios, o banco disse [&hellip;]<\/p>\n","protected":false},"author":2,"featured_media":7809,"comment_status":"","ping_status":"","sticky":false,"template":"","format":"standard","meta":{"footnotes":""},"categories":[3],"tags":[],"class_list":["post-7810","post","type-post","status-publish","format-standard","has-post-thumbnail","hentry","category-noticias"],"_links":{"self":[{"href":"https:\/\/hostnetart.com.br\/baixada\/wp-json\/wp\/v2\/posts\/7810","targetHints":{"allow":["GET"]}}],"collection":[{"href":"https:\/\/hostnetart.com.br\/baixada\/wp-json\/wp\/v2\/posts"}],"about":[{"href":"https:\/\/hostnetart.com.br\/baixada\/wp-json\/wp\/v2\/types\/post"}],"author":[{"embeddable":true,"href":"https:\/\/hostnetart.com.br\/baixada\/wp-json\/wp\/v2\/users\/2"}],"replies":[{"embeddable":true,"href":"https:\/\/hostnetart.com.br\/baixada\/wp-json\/wp\/v2\/comments?post=7810"}],"version-history":[{"count":0,"href":"https:\/\/hostnetart.com.br\/baixada\/wp-json\/wp\/v2\/posts\/7810\/revisions"}],"wp:featuredmedia":[{"embeddable":true,"href":"https:\/\/hostnetart.com.br\/baixada\/wp-json\/wp\/v2\/media\/7809"}],"wp:attachment":[{"href":"https:\/\/hostnetart.com.br\/baixada\/wp-json\/wp\/v2\/media?parent=7810"}],"wp:term":[{"taxonomy":"category","embeddable":true,"href":"https:\/\/hostnetart.com.br\/baixada\/wp-json\/wp\/v2\/categories?post=7810"},{"taxonomy":"post_tag","embeddable":true,"href":"https:\/\/hostnetart.com.br\/baixada\/wp-json\/wp\/v2\/tags?post=7810"}],"curies":[{"name":"wp","href":"https:\/\/api.w.org\/{rel}","templated":true}]}}