{"id":7804,"date":"2019-10-25T17:22:38","date_gmt":"2019-10-25T20:22:38","guid":{"rendered":"https:\/\/hostnetart.com.br\/baixada\/bancarios-realizam-mutirao-do-3-censo-da-diversidade-em-todo-o-brasil\/"},"modified":"2019-10-25T17:22:38","modified_gmt":"2019-10-25T20:22:38","slug":"bancarios-realizam-mutirao-do-3-censo-da-diversidade-em-todo-o-brasil","status":"publish","type":"post","link":"https:\/\/hostnetart.com.br\/baixada\/bancarios-realizam-mutirao-do-3-censo-da-diversidade-em-todo-o-brasil\/","title":{"rendered":"Banc\u00e1rios realizam mutir\u00e3o do 3\u00ba Censo da Diversidade em todo o Brasil"},"content":{"rendered":"<p>O<a href=\"https:\/\/contrafcut.com.br\/campanhadevalorizacaodadiversidade\/\">\u00a0mutir\u00e3o do 3\u00ba Censo da Diversidade<\/a>\u00a0aconteceu, nesta quarta-feira (23), em todo o Brasil. Atividades foram realizadas pelos dirigentes sindicais com o objetivo de incentivar banc\u00e1rias e banc\u00e1rios a responderem o question\u00e1rio, que visa tra\u00e7ar o perfil da categoria e promover pol\u00edticas de igualdade de oportunidade.<\/p>\n<p>Em S\u00e3o Paulo, foi realizado um ato na ag\u00eancia radar Santander. Sindicatos de outros estados tamb\u00e9m organizaram atividades de impulsionamento e divulga\u00e7\u00e3o do censo para as bases.<\/p>\n<p>Para a secret\u00e1ria da Mulher da Confedera\u00e7\u00e3o Nacional dos Trabalhadores do Ramo Financeiro (Contraf-CUT), Elaine Cutis, o censo \u00e9 uma ferramenta fundamental para analisar o grau de inclus\u00e3o por g\u00eanero, ra\u00e7a, orienta\u00e7\u00e3o sexual e PCDs (pessoas com defici\u00eancia) nos bancos. \u201cPor isso, \u00e9 de extrema import\u00e2ncia dar continuidade ao mutir\u00e3o, para que todos possam responder o question\u00e1rio. S\u00f3 com as respostas poderemos avaliar e cobrar a\u00e7\u00f5es efetivas contra a desigualdade\u201d, disse.<\/p>\n<p>O question\u00e1rio do 3\u00ba Censo da Diversidade est\u00e1 dispon\u00edvel no site da Federa\u00e7\u00e3o Nacional dos Bancos (Fenaban). \u201cNeste ano, o censo vai al\u00e9m da coleta de dados. Ao mesmo tempo, tamb\u00e9m ser\u00e1 realizada a Campanha de Valoriza\u00e7\u00e3o da Diversidade, que inclui a forma\u00e7\u00e3o de agentes da diversidade nas ag\u00eancias e departamentos banc\u00e1rios. Por isso \u00e9 importante entender que cada trabalhador \u00e9 pe\u00e7a fundamental nesse processo e que ele se envolva na campanha, responda o censo e seja um agente diversidade\u201d, explicou Rosalina Amorim, secret\u00e1ria de Pol\u00edticas Sociais da Contraf-CUT.<\/p>\n<p><strong><a href=\"https:\/\/diversidade.febraban.org.br\/\">Clique aqui e responda o question\u00e1rio<\/a><\/strong><\/p>\n<p>A pesquisa \u00e9 uma das conquistas da categoria na Mesa de Negocia\u00e7\u00e3o com a Federa\u00e7\u00e3o Nacional dos Bancos (Fenaban). Realizado nos anos de 2008 e 2014, o Censo fornece resultados que refletem a realidade do setor banc\u00e1rio e possibilitam a cria\u00e7\u00e3o de estrat\u00e9gias de inclus\u00e3o e promo\u00e7\u00e3o da diversidade no ambiente de trabalho.<\/p>\n<p>A Confedera\u00e7\u00e3o Nacional dos Trabalhadores do Ramo Financeiro (Contraf-CUT) preparou um material especial para a Campanha de Valoriza\u00e7\u00e3o da Diversidade com v\u00eddeos, mat\u00e9rias e infopress com o objetivo de informar sobre as situa\u00e7\u00f5es de discrimina\u00e7\u00e3o que acontecem no ambiente de trabalho e na sociedade e como combater estes problemas.<\/p>\n<p>De acordo com Rosalina Amorim, o agente da diversidade tem o compromisso de levantar debates e denunciar situa\u00e7\u00f5es de discrimina\u00e7\u00e3o em todos os \u00e2mbitos da sociedade. \u201cPropagar informa\u00e7\u00e3o \u00e9 a melhor maneira de desconstruir a cultura discriminat\u00f3ria e promover igualdade. Por isso, contamos com a participa\u00e7\u00e3o de todos os banc\u00e1rios e banc\u00e1rias nessa luta em combate \u00e0 discrimina\u00e7\u00e3o\u201d, disse.<\/p>\n<p>O question\u00e1rio \u00e9 dividido por seis partes. No site da Fenaban, os trabalhadores poder\u00e3o encontrar mais informa\u00e7\u00f5es sobre a pesquisa, quem s\u00e3o as pessoas eleg\u00edveis para participar e como preench\u00ea-la.<\/p>\n<p><strong>Fonte: Contraf-CUT<\/strong><\/p>\n","protected":false},"excerpt":{"rendered":"<p>O\u00a0mutir\u00e3o do 3\u00ba Censo da Diversidade\u00a0aconteceu, nesta quarta-feira (23), em todo o Brasil. Atividades foram realizadas pelos dirigentes sindicais com o objetivo de incentivar banc\u00e1rias e banc\u00e1rios a responderem o question\u00e1rio, que visa tra\u00e7ar o perfil da categoria e promover pol\u00edticas de igualdade de oportunidade. Em S\u00e3o Paulo, foi realizado um ato na ag\u00eancia radar [&hellip;]<\/p>\n","protected":false},"author":2,"featured_media":7803,"comment_status":"","ping_status":"","sticky":false,"template":"","format":"standard","meta":{"footnotes":""},"categories":[3],"tags":[],"class_list":["post-7804","post","type-post","status-publish","format-standard","has-post-thumbnail","hentry","category-noticias"],"_links":{"self":[{"href":"https:\/\/hostnetart.com.br\/baixada\/wp-json\/wp\/v2\/posts\/7804","targetHints":{"allow":["GET"]}}],"collection":[{"href":"https:\/\/hostnetart.com.br\/baixada\/wp-json\/wp\/v2\/posts"}],"about":[{"href":"https:\/\/hostnetart.com.br\/baixada\/wp-json\/wp\/v2\/types\/post"}],"author":[{"embeddable":true,"href":"https:\/\/hostnetart.com.br\/baixada\/wp-json\/wp\/v2\/users\/2"}],"replies":[{"embeddable":true,"href":"https:\/\/hostnetart.com.br\/baixada\/wp-json\/wp\/v2\/comments?post=7804"}],"version-history":[{"count":0,"href":"https:\/\/hostnetart.com.br\/baixada\/wp-json\/wp\/v2\/posts\/7804\/revisions"}],"wp:featuredmedia":[{"embeddable":true,"href":"https:\/\/hostnetart.com.br\/baixada\/wp-json\/wp\/v2\/media\/7803"}],"wp:attachment":[{"href":"https:\/\/hostnetart.com.br\/baixada\/wp-json\/wp\/v2\/media?parent=7804"}],"wp:term":[{"taxonomy":"category","embeddable":true,"href":"https:\/\/hostnetart.com.br\/baixada\/wp-json\/wp\/v2\/categories?post=7804"},{"taxonomy":"post_tag","embeddable":true,"href":"https:\/\/hostnetart.com.br\/baixada\/wp-json\/wp\/v2\/tags?post=7804"}],"curies":[{"name":"wp","href":"https:\/\/api.w.org\/{rel}","templated":true}]}}