{"id":7798,"date":"2019-10-25T14:50:09","date_gmt":"2019-10-25T17:50:09","guid":{"rendered":"https:\/\/hostnetart.com.br\/baixada\/contraf-cut-debate-desigualdades-raciais-e-ideologia-racista-no-setor-bancario\/"},"modified":"2019-10-25T14:50:09","modified_gmt":"2019-10-25T17:50:09","slug":"contraf-cut-debate-desigualdades-raciais-e-ideologia-racista-no-setor-bancario","status":"publish","type":"post","link":"https:\/\/hostnetart.com.br\/baixada\/contraf-cut-debate-desigualdades-raciais-e-ideologia-racista-no-setor-bancario\/","title":{"rendered":"Contraf-CUT debate desigualdades raciais e ideologia racista no setor banc\u00e1rio"},"content":{"rendered":"<p>As secretarias de Combate ao Racismo e de Forma\u00e7\u00e3o da Confedera\u00e7\u00e3o Nacional dos Trabalhadores do Ramo Financeiro (Contraf-CUT) realizaram, nos dias 17 e 19 de setembro e 22 e 24 de outubro, em S\u00e3o Paulo, o curso \u00c9tnico Racial, para debater as desigualdades raciais e a ideologia racista no setor banc\u00e1rio. \u201cMesmo depois de 350 anos de escravid\u00e3o, o racismo no Brasil ainda perdura. A discrimina\u00e7\u00e3o contra pessoas de pele preta acontece em v\u00e1rios \u00e2mbitos, principalmente, no mercado de trabalho\u201d, disse o secret\u00e1rio de Combate ao Racismo da Contraf-CUT, Almir Alguiar.<\/p>\n<p>Ao todo foram 32 horas de aprendizado, com aulas elaboradas e certificadas pela Universidade Federal do ABC, ministradas pelo professor Ramatis Jacinto e pelo N\u00facleo de Estudos Africanos e Afro-brasileiros.<\/p>\n<p>O\u00a0<a href=\"https:\/\/contrafcut.com.br\/noticias\/responda-ao-3o-censo-e-seja-um-agente-da-diversidade\/\">primeiro m\u00f3dulo<\/a>\u00a0do curso (17 e 19 de setembro) abordou a hist\u00f3ria econ\u00f4mica do Brasil e refletiu quest\u00f5es sociol\u00f3gicas e filos\u00f3ficas sobre escravid\u00e3o, racismo e suas consequ\u00eancias no mercado de trabalho atual.<\/p>\n<p>O segundo m\u00f3dulo, conclu\u00eddo nesta quinta-feira (24), se aprofundou sobre a constru\u00e7\u00e3o do racismo como ideologia e resgatou a contribui\u00e7\u00e3o do continente africano nos campos da ci\u00eancia, tecnologia e arte para a cria\u00e7\u00e3o das riquezas no Brasil e no mundo. \u201cAbordamos processos que levaram a marginaliza\u00e7\u00e3o do negro no per\u00edodo p\u00f3s-escravid\u00e3o. A incipiente diminui\u00e7\u00e3o da desigualdade racial no per\u00edodo dos governos Lula e Dilma e, por fim, o car\u00e1ter \u00e9tnico do golpe de 2016 e da ascens\u00e3o do fascismo com a elei\u00e7\u00e3o do Bolsonaro\u201d, disse Ramatis Jacinto.<\/p>\n<p>O \u00faltimo dia do curso de extens\u00e3o sobre desigualdades raciais no mundo do trabalho foi muito bem avaliado pelos participantes, de acordo com o secret\u00e1rio de Combate ao Racismo da Contraf-CUT. \u201cO curso nos trouxe uma reflex\u00e3o diante do resgate hist\u00f3rico sobre as condi\u00e7\u00f5es dos negros escravizados, e sua contribui\u00e7\u00e3o sobre, agricultura, siderurgia, tecidos, minera\u00e7\u00e3o, fundi\u00e7\u00e3o e joalheria. \u00c9 importante conhecer o passado, para entender as causas da discrimina\u00e7\u00e3o e nos organizar para combater e lutar por uma sociedade justa igualit\u00e1ria, democr\u00e1tica e livre do preconceito racial\u201d, afirmou Almir Aguiar.<\/p>\n<p><strong>Fonte:<\/strong>\u00a0<strong>Contraf-CUT<\/strong><\/p>\n","protected":false},"excerpt":{"rendered":"<p>As secretarias de Combate ao Racismo e de Forma\u00e7\u00e3o da Confedera\u00e7\u00e3o Nacional dos Trabalhadores do Ramo Financeiro (Contraf-CUT) realizaram, nos dias 17 e 19 de setembro e 22 e 24 de outubro, em S\u00e3o Paulo, o curso \u00c9tnico Racial, para debater as desigualdades raciais e a ideologia racista no setor banc\u00e1rio. \u201cMesmo depois de 350 [&hellip;]<\/p>\n","protected":false},"author":2,"featured_media":7797,"comment_status":"","ping_status":"","sticky":false,"template":"","format":"standard","meta":{"footnotes":""},"categories":[3],"tags":[],"class_list":["post-7798","post","type-post","status-publish","format-standard","has-post-thumbnail","hentry","category-noticias"],"_links":{"self":[{"href":"https:\/\/hostnetart.com.br\/baixada\/wp-json\/wp\/v2\/posts\/7798","targetHints":{"allow":["GET"]}}],"collection":[{"href":"https:\/\/hostnetart.com.br\/baixada\/wp-json\/wp\/v2\/posts"}],"about":[{"href":"https:\/\/hostnetart.com.br\/baixada\/wp-json\/wp\/v2\/types\/post"}],"author":[{"embeddable":true,"href":"https:\/\/hostnetart.com.br\/baixada\/wp-json\/wp\/v2\/users\/2"}],"replies":[{"embeddable":true,"href":"https:\/\/hostnetart.com.br\/baixada\/wp-json\/wp\/v2\/comments?post=7798"}],"version-history":[{"count":0,"href":"https:\/\/hostnetart.com.br\/baixada\/wp-json\/wp\/v2\/posts\/7798\/revisions"}],"wp:featuredmedia":[{"embeddable":true,"href":"https:\/\/hostnetart.com.br\/baixada\/wp-json\/wp\/v2\/media\/7797"}],"wp:attachment":[{"href":"https:\/\/hostnetart.com.br\/baixada\/wp-json\/wp\/v2\/media?parent=7798"}],"wp:term":[{"taxonomy":"category","embeddable":true,"href":"https:\/\/hostnetart.com.br\/baixada\/wp-json\/wp\/v2\/categories?post=7798"},{"taxonomy":"post_tag","embeddable":true,"href":"https:\/\/hostnetart.com.br\/baixada\/wp-json\/wp\/v2\/tags?post=7798"}],"curies":[{"name":"wp","href":"https:\/\/api.w.org\/{rel}","templated":true}]}}