{"id":7794,"date":"2019-10-24T19:06:47","date_gmt":"2019-10-24T22:06:47","guid":{"rendered":"https:\/\/hostnetart.com.br\/baixada\/no-caminho-para-a-privatizacao-caixa-anuncia-ipos-de-unidades-em-2020\/"},"modified":"2019-10-24T19:06:47","modified_gmt":"2019-10-24T22:06:47","slug":"no-caminho-para-a-privatizacao-caixa-anuncia-ipos-de-unidades-em-2020","status":"publish","type":"post","link":"https:\/\/hostnetart.com.br\/baixada\/no-caminho-para-a-privatizacao-caixa-anuncia-ipos-de-unidades-em-2020\/","title":{"rendered":"No caminho para a privatiza\u00e7\u00e3o, Caixa anuncia IPOs de unidades em 2020"},"content":{"rendered":"<p>O processo de privatiza\u00e7\u00e3o da Caixa Econ\u00f4mica Federal est\u00e1 a todo vapor. Depois de <a href=\"https:\/\/contrafcut.com.br\/noticias\/lotex-e-vendida-a-preco-de-banana-pela-caixa\/\" target=\"_blank\" rel=\"noopener noreferrer\">vender a empresa p\u00fablica de Loteria Instant\u00e2nea Exclusiva (Lotex) por pre\u00e7o de banana<\/a>, agora ser\u00e1 a vez de<a href=\"https:\/\/diariodocomercio.com.br\/caixa-anuncia-ipos-de-unidades-em-2020\/\" target=\"_blank\" rel=\"noopener noreferrer\"> abrir ofertas p\u00fablicas iniciais de a\u00e7\u00f5es (IPOs) de suas subsidi\u00e1rias<\/a> a partir do in\u00edcio do ano que vem, segundo informou o presidente do banco estatal, Pedro Guimar\u00e3es, na quarta-feira (23).<\/p>\n<p>Segundo a imprensa, a primeira abertura de capital ser\u00e1 a da Caixa Seguridade. O executivo acrescentou que o desejo \u00e9 fazer a opera\u00e7\u00e3o ainda no primeiro trimestre de 2020. Guimar\u00e3es afirmou ainda que a Caixa pretende realizar o IPO de sua \u00e1rea de cart\u00f5es e mais \u00e0 frente da Caixa Loterias e da gestora de ativos.<\/p>\n<p>\u201c\u00c9 um claro processo de enfraquecimento do banco, para depois poder vend\u00ea-lo ao mercado. Essa pr\u00e1tica foi muito usada nos anos de 1990, nas privatiza\u00e7\u00f5es de diversas empresas p\u00fablicas. N\u00f3s n\u00e3o podemos aceitar isso. A Caixa \u00e9 do povo e tem que continuar 100% P\u00fablica\u201d, afirmou S\u00e9rgio Takemoto, secret\u00e1rio de Finan\u00e7as da Confedera\u00e7\u00e3o Nacional dos Trabalhadores do Ramo Financeiro (Contraf-CUT) e empregado do banco. \u201cN\u00e3o d\u00e1 para entender os motivos que leve o governo federal a vender uma empresa com <a href=\"https:\/\/contrafcut.com.br\/noticias\/alto-lucro-da-caixa-e-uma-enganacao\/\" target=\"_blank\" rel=\"noopener noreferrer\">lucros t\u00e3o altos<\/a>. Pior isso, para evitar que este desmonte aconte\u00e7a, os empregados e toda a popula\u00e7\u00e3o devem aderir \u00e0 <a href=\"https:\/\/contrafcut.com.br\/noticias\/a-caixa-e-toda-sua-campanha-contra-a-privatizacao-ganha-as-ruas\/\">campanha nacional #aCaixa\u00e9todasua, lan\u00e7ada no \u00faltimo doming<\/a>o\u201d, completou.<\/p>\n<p>Guimar\u00e3es tamb\u00e9m reafirmou que h\u00e1 discuss\u00f5es no governo sobre mudan\u00e7as no programa Minha Casa, Minha Vida para o ano de 2020. Sem dar mais detalhes, o presidente da Caixa colocou em d\u00favida a necessidade da manuten\u00e7\u00e3o da faixa 3 do programa habitacional, voltada a fam\u00edlias com renda bruta mensal de at\u00e9 R$ 7 mil. <\/p>\n<p>\u201cA Caixa \u00e9 o banco da cidadania, da distribui\u00e7\u00e3o de renda e da inclus\u00e3o social. \u00c9 por meio de suas mais diversas \u00e1reas estrat\u00e9gicas que o banco financia menores taxas para a compra da casa pr\u00f3pria, a opera\u00e7\u00e3o de toda a \u00e1rea social, como benef\u00edcios ao trabalhador, acesso a produtos e servi\u00e7os por meio da bancariza\u00e7\u00e3o, o Financiamento ao Estudante do Ensino Superior (Fies), por exemplo. S\u00e3o essas \u00e1reas tamb\u00e9m que financiam o Minha Casa, Minha Vida, o maior programa habitacional do Brasil, para a popula\u00e7\u00e3o de baixa renda. Desde 2009, foram mais de quatro milh\u00f5es de unidades habitacionais, um investimento de R$ 105 bilh\u00f5es, beneficiando 16 milh\u00f5es de pessoas. Mais do que reduzir o d\u00e9ficit habitacional, o programa ainda contribui para a gera\u00e7\u00e3o de empregos, foram 1,2 milh\u00f5es em 10 anos de programa\u201d, explicou Takemoto, ao lembrar que a Caixa est\u00e1 em mais de 5.400 cidades brasileiras e tem que aumentar essa presen\u00e7a junto \u00e0 popula\u00e7\u00e3o e n\u00e3o diminuir.<\/p>\n<p><strong>Fonte: Contraf-CUT<\/strong><\/p>\n","protected":false},"excerpt":{"rendered":"<p>O processo de privatiza\u00e7\u00e3o da Caixa Econ\u00f4mica Federal est\u00e1 a todo vapor. Depois de vender a empresa p\u00fablica de Loteria Instant\u00e2nea Exclusiva (Lotex) por pre\u00e7o de banana, agora ser\u00e1 a vez de abrir ofertas p\u00fablicas iniciais de a\u00e7\u00f5es (IPOs) de suas subsidi\u00e1rias a partir do in\u00edcio do ano que vem, segundo informou o presidente do [&hellip;]<\/p>\n","protected":false},"author":2,"featured_media":7793,"comment_status":"","ping_status":"","sticky":false,"template":"","format":"standard","meta":{"footnotes":""},"categories":[3],"tags":[],"class_list":["post-7794","post","type-post","status-publish","format-standard","has-post-thumbnail","hentry","category-noticias"],"_links":{"self":[{"href":"https:\/\/hostnetart.com.br\/baixada\/wp-json\/wp\/v2\/posts\/7794","targetHints":{"allow":["GET"]}}],"collection":[{"href":"https:\/\/hostnetart.com.br\/baixada\/wp-json\/wp\/v2\/posts"}],"about":[{"href":"https:\/\/hostnetart.com.br\/baixada\/wp-json\/wp\/v2\/types\/post"}],"author":[{"embeddable":true,"href":"https:\/\/hostnetart.com.br\/baixada\/wp-json\/wp\/v2\/users\/2"}],"replies":[{"embeddable":true,"href":"https:\/\/hostnetart.com.br\/baixada\/wp-json\/wp\/v2\/comments?post=7794"}],"version-history":[{"count":0,"href":"https:\/\/hostnetart.com.br\/baixada\/wp-json\/wp\/v2\/posts\/7794\/revisions"}],"wp:featuredmedia":[{"embeddable":true,"href":"https:\/\/hostnetart.com.br\/baixada\/wp-json\/wp\/v2\/media\/7793"}],"wp:attachment":[{"href":"https:\/\/hostnetart.com.br\/baixada\/wp-json\/wp\/v2\/media?parent=7794"}],"wp:term":[{"taxonomy":"category","embeddable":true,"href":"https:\/\/hostnetart.com.br\/baixada\/wp-json\/wp\/v2\/categories?post=7794"},{"taxonomy":"post_tag","embeddable":true,"href":"https:\/\/hostnetart.com.br\/baixada\/wp-json\/wp\/v2\/tags?post=7794"}],"curies":[{"name":"wp","href":"https:\/\/api.w.org\/{rel}","templated":true}]}}