{"id":7792,"date":"2019-10-24T19:04:24","date_gmt":"2019-10-24T22:04:24","guid":{"rendered":"https:\/\/hostnetart.com.br\/baixada\/sindrome-do-esgotamento-profissional-e-agravada-pela-precarizacao-do-trabalho\/"},"modified":"2019-10-24T19:04:24","modified_gmt":"2019-10-24T22:04:24","slug":"sindrome-do-esgotamento-profissional-e-agravada-pela-precarizacao-do-trabalho","status":"publish","type":"post","link":"https:\/\/hostnetart.com.br\/baixada\/sindrome-do-esgotamento-profissional-e-agravada-pela-precarizacao-do-trabalho\/","title":{"rendered":"S\u00edndrome do esgotamento profissional \u00e9 agravada pela precariza\u00e7\u00e3o do trabalho"},"content":{"rendered":"<p>A s\u00edndrome do esgotamento profissional, conhecida pelo termo em ingl\u00eas <em>burnout<\/em>, atinge cerca de 30% dos trabalhadores brasileiros, segundo levantamento da\u00a0Associa\u00e7\u00e3o Internacional\u00a0de Controle do\u00a0Stress<em>\u00a0<\/em>(ISMA-BR). Policiais, m\u00e9dicos, professores e\u00a0 jornalistas est\u00e3o entre as categorias mais afetadas, mas \u00e9 uma realidade que afeta cada vez mais trabalhadores subordinados a constantes press\u00f5es pelo cumprimento de metas e acuados pelo temor do desemprego.<\/p>\n<p>No programa <a href=\"https:\/\/www.youtube.com\/watch?v=b5Br0m22iOQ\" target=\"_blank\" rel=\"noopener noreferrer\"><em>Bom para Todos<\/em><\/a>, da <strong>TVT<\/strong>, desta quarta-feira (23) especialistas discutiram causas e sintomas da doen\u00e7a. Para o psicanalista Leonardo Siqueira Ant\u00f4nio, doutor em antropologia pela Universidade de S\u00e3o Paulo (USP), o avan\u00e7o da s\u00edndrome do esgotamento profissional est\u00e1 relacionado com um modelo de gest\u00e3o adotado pela l\u00f3gica <a href=\"https:\/\/www.redebrasilatual.com.br\/mundo\/2019\/10\/boaventura-neoliberalismo-convulsao-social\/\" target=\"_blank\" rel=\"noopener noreferrer\">neoliberal<\/a>. Em outros tempos, o sofrimento do profissional era visto como um mal que afetava o desempenho dos neg\u00f3cios.<\/p>\n<p>\u201c(Hoje) A empresa n\u00e3o \u00e9 mais pensada organicamente. Tem setores que competem uns com os outros por b\u00f4nus, num ambiente extremamente competitivo.\u00a0Parece que \u00e0s vezes um bom gerente n\u00e3o \u00e9 mais aquele que tenta pensar no bem-estar dos seus profissionais e, sim, empurrar o mal-estar at\u00e9 o limite.\u201d O temor da demiss\u00e3o, segundo ele, cria uma esp\u00e9cie de \u201cparanoia artificial\u201d que leva os profissionais a trabalharem at\u00e9 o esgotamento.<\/p>\n<p>Para a psic\u00f3loga F\u00e1tima Ferreira Bortoletti, mestre em ci\u00eancias da sa\u00fade pela Universidade Federal de S\u00e3o Paulo (Unifesp), corpo e mente v\u00e3o dando sinais de esgotamento. Ela destacou que o engajamento excessivo no trabalho tamb\u00e9m pode levar \u00e0 estafa aguda, at\u00e9 mesmo, e principalmente, em profissionais dedicados que sentem prazer no of\u00edcio desempenhado e, portanto, acabam \u201cpassando dos limites\u201d. J\u00e1 a psic\u00f3loga Ingrid Lamy, professora e mestranda em ci\u00eancias da sa\u00fade, ressaltou que a dedica\u00e7\u00e3o desmedida tamb\u00e9m est\u00e1 ligada ao cumprimento de <a href=\"https:\/\/www.redebrasilatual.com.br\/trabalho\/2019\/09\/santander-condenado-adoecer-bancarios\/\" target=\"_blank\" rel=\"noopener noreferrer\">metas abusivas<\/a>, comuns no setor banc\u00e1rio e outras profiss\u00f5es. Quando o trabalhador deixa de lado as atividades f\u00edsicas, de lazer e, at\u00e9 mesmo, o conv\u00edvio com a fam\u00edlia, s\u00e3o ind\u00edcios da s\u00edndrome, segundo ela.<\/p>\n<p>Assista ao programa completo:<\/p>\n<p>{youtube}b5Br0m22iOQ{\/youtube}<\/p>\n<p>\u00a0<\/p>\n<p><strong>Fonte: Rede Brasil Atual<\/strong><\/p>\n","protected":false},"excerpt":{"rendered":"<p>A s\u00edndrome do esgotamento profissional, conhecida pelo termo em ingl\u00eas burnout, atinge cerca de 30% dos trabalhadores brasileiros, segundo levantamento da\u00a0Associa\u00e7\u00e3o Internacional\u00a0de Controle do\u00a0Stress\u00a0(ISMA-BR). Policiais, m\u00e9dicos, professores e\u00a0 jornalistas est\u00e3o entre as categorias mais afetadas, mas \u00e9 uma realidade que afeta cada vez mais trabalhadores subordinados a constantes press\u00f5es pelo cumprimento de metas e acuados [&hellip;]<\/p>\n","protected":false},"author":2,"featured_media":7791,"comment_status":"","ping_status":"","sticky":false,"template":"","format":"standard","meta":{"footnotes":""},"categories":[3],"tags":[],"class_list":["post-7792","post","type-post","status-publish","format-standard","has-post-thumbnail","hentry","category-noticias"],"_links":{"self":[{"href":"https:\/\/hostnetart.com.br\/baixada\/wp-json\/wp\/v2\/posts\/7792","targetHints":{"allow":["GET"]}}],"collection":[{"href":"https:\/\/hostnetart.com.br\/baixada\/wp-json\/wp\/v2\/posts"}],"about":[{"href":"https:\/\/hostnetart.com.br\/baixada\/wp-json\/wp\/v2\/types\/post"}],"author":[{"embeddable":true,"href":"https:\/\/hostnetart.com.br\/baixada\/wp-json\/wp\/v2\/users\/2"}],"replies":[{"embeddable":true,"href":"https:\/\/hostnetart.com.br\/baixada\/wp-json\/wp\/v2\/comments?post=7792"}],"version-history":[{"count":0,"href":"https:\/\/hostnetart.com.br\/baixada\/wp-json\/wp\/v2\/posts\/7792\/revisions"}],"wp:featuredmedia":[{"embeddable":true,"href":"https:\/\/hostnetart.com.br\/baixada\/wp-json\/wp\/v2\/media\/7791"}],"wp:attachment":[{"href":"https:\/\/hostnetart.com.br\/baixada\/wp-json\/wp\/v2\/media?parent=7792"}],"wp:term":[{"taxonomy":"category","embeddable":true,"href":"https:\/\/hostnetart.com.br\/baixada\/wp-json\/wp\/v2\/categories?post=7792"},{"taxonomy":"post_tag","embeddable":true,"href":"https:\/\/hostnetart.com.br\/baixada\/wp-json\/wp\/v2\/tags?post=7792"}],"curies":[{"name":"wp","href":"https:\/\/api.w.org\/{rel}","templated":true}]}}