{"id":7790,"date":"2019-10-24T11:02:35","date_gmt":"2019-10-24T14:02:35","guid":{"rendered":"https:\/\/hostnetart.com.br\/baixada\/manchas-de-oleo-no-nordeste-podem-ser-resultado-da-flexibilizacao-das-leis-ambientais-brasileiras\/"},"modified":"2019-10-24T11:02:35","modified_gmt":"2019-10-24T14:02:35","slug":"manchas-de-oleo-no-nordeste-podem-ser-resultado-da-flexibilizacao-das-leis-ambientais-brasileiras","status":"publish","type":"post","link":"https:\/\/hostnetart.com.br\/baixada\/manchas-de-oleo-no-nordeste-podem-ser-resultado-da-flexibilizacao-das-leis-ambientais-brasileiras\/","title":{"rendered":"Manchas de \u00f3leo no Nordeste podem ser resultado da flexibiliza\u00e7\u00e3o das leis ambientais brasileiras"},"content":{"rendered":"<p>Para o ge\u00f3grafo e professor do Departamento de Geografia e do Programa de P\u00f3s-Gradua\u00e7\u00e3o da Universidade de S\u00e3o Paulo (USP)<a href=\"https:\/\/www.redebrasilatual.com.br\/ambiente\/2019\/10\/manchas-de-oleo-no-nordeste-indicam-problema-transfronteirico\/\" target=\"_blank\" rel=\"noopener noreferrer\"> Wagner Ribeiro<\/a>,\u00a0 pode n\u00e3o ter sido mero acidente o <a href=\"https:\/\/www.redebrasilatual.com.br\/ambiente\/2019\/10\/pescador-denuncia-falta-de-iniciativa-do-poder-publico-para-conter-crime-ambiental-no-nordeste\/\" target=\"_blank\" rel=\"noopener noreferrer\">vazamento de \u00f3leo na costa litor\u00e2nea brasileira<\/a>. Em entrevista \u00e0 <strong>R\u00e1dio Brasil Atual<\/strong>, o docente baseia sua an\u00e1lise na not\u00edcia desta ter\u00e7a-feira (22), divulgada pelo comandante da Marinha, Ilques Barbosa, que entre as hip\u00f3teses levanta a investiga\u00e7\u00e3o de que as marchas de \u00f3leo teriam partido de um navio irregular, conhecido como <em>dark ship<\/em>.<\/p>\n<p>Nesse caso, a Marinha reconhece que possa ter ocorrido um \u201cincidente e, infelizmente n\u00e3o progrediu a informa\u00e7\u00e3o\u201d, afirmou o almirante, de acordo com <a href=\"http:\/\/agenciabrasil.ebc.com.br\/geral\/noticia\/2019-10\/vazamento-de-oleo-pode-ter-partido-de-navio-irregular-diz-marinha\" target=\"_blank\" rel=\"noopener noreferrer\">reportagem da <em>Ag\u00eancia Brasil<\/em><\/a>. A n\u00e3o comunica\u00e7\u00e3o, por si s\u00f3, j\u00e1 configura ato criminoso pelas normas internacionais de navega\u00e7\u00e3o. A Marinha afastou qualquer envolvimento da Venezuela e disse estar investigando cerca de 30 navios, provenientes de 10 pa\u00edses.<\/p>\n<p>Para Wagner Ribeiro, se a apura\u00e7\u00e3o confirmar a atua\u00e7\u00e3o de um navio ilegal, que busca se camuflar dos radares, \u00e9 poss\u00edvel pensar que o<a href=\"https:\/\/www.redebrasilatual.com.br\/ambiente\/2019\/10\/governo-nao-sabe-se-chegada-do-oleo-ao-nordeste-esta-acabando-ou-apenas-comecando\/\" target=\"_blank\" rel=\"noopener noreferrer\"> \u00f3leo tenha sido vazado na corrente brasileira<\/a> para garantir tempo \u00e0 dispers\u00e3o dos tripulantes, que <a href=\"https:\/\/www.redebrasilatual.com.br\/ambiente\/2019\/10\/greenpeace-desmente-ricardo-salles-que-tentou-esconder-omissao-do-governo-sobre-as-manchas-de-oleo\/\" target=\"_blank\" rel=\"noopener noreferrer\">presumiriam a demora do governo Bolsonaro<\/a> em dar in\u00edcio \u00e0s investiga\u00e7\u00f5es.\u00a0\u201cProvavelmente isso aconteceu nesse momento porque esses cargueiros, os comandantes e quem paga por esse transporte, t\u00eam informa\u00e7\u00e3o de que o Brasil est\u00e1 vivendo um momento de afrouxamento da legisla\u00e7\u00e3o ambiental\u201d, avalia, acrescentando que a situa\u00e7\u00e3o \u201cmostra o despreparo que esse governo tem\u201d, para lidar com quest\u00f5es ambientais .<\/p>\n<p>\u201cEssa fragiliza\u00e7\u00e3o que foi anunciada a partir, por exemplo, da desativa\u00e7\u00e3o dos conselhos (ambientais), e a pr\u00f3pria demora do governo (em dar uma resposta e iniciar investiga\u00e7\u00e3o), que j\u00e1 era sabido que ia ocorrer, digamos que permitiria maior facilidade de escamotear um crime dessa ordem. Isso tudo \u00e9 uma possibilidade que a gente tem que aventar tamb\u00e9m, j\u00e1 que \u00e9 dif\u00edcil agora mapear\u201d, explica o ge\u00f3grafo.<\/p>\n<h5><strong>Improviso e risco\u00a0<\/strong><\/h5>\n<p>Ainda que as circunst\u00e2ncias do vazamento n\u00e3o tenham sido respondidas at\u00e9 agora, a devasta\u00e7\u00e3o causada pelo derramamento j\u00e1 \u00e9 considerado enorme. Estima-se que 144 mil pessoas est\u00e3o sofrendo as consequ\u00eancias em 200 localidades espalhadas nos nove estados do Nordeste. A popula\u00e7\u00e3o local, principalmente quilombolas e ribeirinhos, usam do turismo e da pesca de peixes, mariscos e caranguejos, para subsist\u00eancia.\u00a0<\/p>\n<p>\u201cE o que \u00e9 mais assustador \u00e9 que n\u00f3s n\u00e3o estamos vendo nenhum tipo de a\u00e7\u00e3o, at\u00e9 o momento, por <a href=\"https:\/\/www.redebrasilatual.com.br\/ambiente\/2019\/10\/justica-de-sergipe-responsabiliza-governo-federal-por-vazamentos-de-oleo-no-nordeste\/\" target=\"_blank\" rel=\"noopener noreferrer\">parte do governo<\/a> em prover minimamente condi\u00e7\u00f5es (de subsist\u00eancia) para que essas comunidades\u201d, contesta Wagner Ribeiro. O governador de Pernambuco, Paulo C\u00e2mara (PSB), chegou a dizer que o governo federal \u201ctrata a quest\u00e3o no improviso\u201d, deixandoos passivos do derramamento \u00e0 popula\u00e7\u00e3o que, por conta pr\u00f3pria, <a href=\"https:\/\/www.redebrasilatual.com.br\/destaques\/2019\/10\/povo-tira-oleo-das-praias-enquanto-bolsonaro-e-salles-se-omitem\/\" target=\"_blank\" rel=\"noopener noreferrer\">se mobiliza para retirar os res\u00edduos de \u00f3leo<\/a> que est\u00e3o chegando \u00e0 costa, colocando inclusive a pr\u00f3pria sa\u00fade em risco, uma vez que se tratam de materiais t\u00f3xicos e que est\u00e3o sendo retirados sem luvas ou qualquer equipamento de prote\u00e7\u00e3o.<\/p>\n<p>\u201cO que n\u00f3s precisamos fazer de maneira emergencial \u00e9 fornecer equipamentos m\u00ednimos para fazer com que essa a\u00e7\u00e3o seja coordenada e n\u00e3o coloque em risco as comunidades e, principalmente, quem est\u00e1 l\u00e1 manipulando o \u00f3leo. E\u00a0 mapear com mais veem\u00eancia todo esse fluxo de material que veio e tentar identificar os respons\u00e1veis, essa tarefa \u00e9 mais dif\u00edcil e s\u00f3 ser\u00e1 conseguida se o Brasil tiver coopera\u00e7\u00e3o internacional, algo que na atual conjuntura tamb\u00e9m est\u00e1 um pouco dif\u00edcil\u201d, descreve Wagner Ribeiro.<\/p>\n<p><span style=\"text-decoration: underline;\"><strong>Fonte: Rede Brasil Atual<\/strong><\/span><\/p>\n","protected":false},"excerpt":{"rendered":"<p>Para o ge\u00f3grafo e professor do Departamento de Geografia e do Programa de P\u00f3s-Gradua\u00e7\u00e3o da Universidade de S\u00e3o Paulo (USP) Wagner Ribeiro,\u00a0 pode n\u00e3o ter sido mero acidente o vazamento de \u00f3leo na costa litor\u00e2nea brasileira. Em entrevista \u00e0 R\u00e1dio Brasil Atual, o docente baseia sua an\u00e1lise na not\u00edcia desta ter\u00e7a-feira (22), divulgada pelo comandante [&hellip;]<\/p>\n","protected":false},"author":2,"featured_media":7789,"comment_status":"","ping_status":"","sticky":false,"template":"","format":"standard","meta":{"footnotes":""},"categories":[3],"tags":[],"class_list":["post-7790","post","type-post","status-publish","format-standard","has-post-thumbnail","hentry","category-noticias"],"_links":{"self":[{"href":"https:\/\/hostnetart.com.br\/baixada\/wp-json\/wp\/v2\/posts\/7790","targetHints":{"allow":["GET"]}}],"collection":[{"href":"https:\/\/hostnetart.com.br\/baixada\/wp-json\/wp\/v2\/posts"}],"about":[{"href":"https:\/\/hostnetart.com.br\/baixada\/wp-json\/wp\/v2\/types\/post"}],"author":[{"embeddable":true,"href":"https:\/\/hostnetart.com.br\/baixada\/wp-json\/wp\/v2\/users\/2"}],"replies":[{"embeddable":true,"href":"https:\/\/hostnetart.com.br\/baixada\/wp-json\/wp\/v2\/comments?post=7790"}],"version-history":[{"count":0,"href":"https:\/\/hostnetart.com.br\/baixada\/wp-json\/wp\/v2\/posts\/7790\/revisions"}],"wp:featuredmedia":[{"embeddable":true,"href":"https:\/\/hostnetart.com.br\/baixada\/wp-json\/wp\/v2\/media\/7789"}],"wp:attachment":[{"href":"https:\/\/hostnetart.com.br\/baixada\/wp-json\/wp\/v2\/media?parent=7790"}],"wp:term":[{"taxonomy":"category","embeddable":true,"href":"https:\/\/hostnetart.com.br\/baixada\/wp-json\/wp\/v2\/categories?post=7790"},{"taxonomy":"post_tag","embeddable":true,"href":"https:\/\/hostnetart.com.br\/baixada\/wp-json\/wp\/v2\/tags?post=7790"}],"curies":[{"name":"wp","href":"https:\/\/api.w.org\/{rel}","templated":true}]}}