{"id":7788,"date":"2019-10-24T10:56:42","date_gmt":"2019-10-24T13:56:42","guid":{"rendered":"https:\/\/hostnetart.com.br\/baixada\/reforma-da-previdencia-tem-absurdos-crueis-foi-mal-escrita-afirma-eduardo-moreira\/"},"modified":"2019-10-24T10:56:42","modified_gmt":"2019-10-24T13:56:42","slug":"reforma-da-previdencia-tem-absurdos-crueis-foi-mal-escrita-afirma-eduardo-moreira","status":"publish","type":"post","link":"https:\/\/hostnetart.com.br\/baixada\/reforma-da-previdencia-tem-absurdos-crueis-foi-mal-escrita-afirma-eduardo-moreira\/","title":{"rendered":"\u2018Reforma da Previd\u00eancia tem absurdos cru\u00e9is. Foi mal escrita\u2019, afirma Eduardo Moreira"},"content":{"rendered":"<p>O <a href=\"https:\/\/www.redebrasilatual.com.br\/economia\/2019\/09\/bolsa-de-valores-como-funciona\/\" target=\"_blank\" rel=\"noopener noreferrer\">economista Eduardo Moreira<\/a>, conhecido por ser <a href=\"https:\/\/edumoreira.com.br\/online\/aula-exclusiva-ggw1\/?gclid=CjwKCAjw9L_tBRBXEiwAOWVVCd4uabf4iadO0s2pffJw0ICgBK0mRIGO6Y83rqwXbY4u1Ilo-chSexoCTbcQAvD_BwE\" target=\"_blank\" rel=\"noopener noreferrer\">ex-banqueiro<\/a> e hoje ser ativista por uma economia mais inclusiva, com menos desigualdade, \u00e9 o entrevistado de hoje (24) no programa <em>Entre Vistas<\/em>, da <strong>TVT<\/strong>. \u201cVoc\u00ea trabalhou 20 anos de um lado e, de repente, olha e pensa que: \u2018Meu lado n\u00e3o \u00e9 esse. Para ser do lado do Brasil, tenho que mudar&#8217;\u201d, apontou o apresentador Juca Kfouri. \u201cIsso requer alta dose de coragem, porque est\u00e1 mexendo com a \u00fanica coisa intoc\u00e1vel, os bancos\u201d, completou.<\/p>\n<p>\u201cAs coisas n\u00e3o acontecem da noite para o dia (\u2026) Ao longo da minha caminhada, alguns acontecimentos foram me jogando para esse outro lado, de investiga\u00e7\u00e3o, de como funciona o sistema\u201d, responde o economista. Filho de classe m\u00e9dia alta da zona sul do Rio de Janeiro, Moreira reconhece que foi criado em uma \u201cbolha\u201d. \u201cN\u00e3o s\u00f3 financeira, mas em termos de costumes morais, muito conservadora\u201d, disse.<\/p>\n<p>Durante a conversa, Moreira explica nuances do sistema financeiro e de como investimentos p\u00fablicos e privados, da forma como s\u00e3o organizados, tendem ao ac\u00famulo de dinheiro nas m\u00e3os de uma pequena elite que se mant\u00e9m.<\/p>\n<p>Um dos pontos centrais \u00e9 a injusta cobran\u00e7a de impostos no pa\u00eds. \u201cNo Brasil, a pergunta que temos que fazer \u00e9 \u2018de onde est\u00e1 saindo o dinheiro, para aonde est\u00e1 indo, quanto est\u00e1 indo e qual o legado do processo?\u2019 Voc\u00ea vai ver que, 50% da carga tribut\u00e1ria vem da carga sobre consumo, que pega pessoas mais pobres. Isso n\u00e3o sai quando o cara compra um jatinho, n\u00e3o sai quando o cara ganha lucros e dividendos (\u2026) Quando voc\u00ea v\u00ea para aonde est\u00e1 indo, tamb\u00e9m v\u00ea esses sinais. Boa parte vai para uma pequena elite que est\u00e1 lucrando com os juros da d\u00edvida. A produtividade desse dinheiro \u00e9 zero, um dinheiro ganho por poucas pessoas que n\u00e3o fazem nada\u201d, disse.<\/p>\n<p>O economista tamb\u00e9m atuou fortemente na <a href=\"https:\/\/www.redebrasilatual.com.br\/destaques\/2019\/10\/senado-aprova-reforma-da-previdencia-de-paulo-guedes-discipulo-de-pinochet-diz-oposicao\/\" target=\"_blank\" rel=\"noopener noreferrer\">quest\u00e3o da \u201creforma\u201d da Previd\u00eancia, aprovada nesta semana no Senado<\/a>. Ele esteve presente em in\u00fameras sess\u00f5es no Congresso para apontar a injusti\u00e7a do projeto. O tema foi abordado durante o <em>Entre Vistas<\/em>. \u201cEssas reforma tem absurdos cru\u00e9is. Ela foi mal escrita, tem erros crassos na primeira PEC. N\u00e3o viram o que escreveram.\u201d<\/p>\n<p><strong>Fonte: Rede Brasil Atual<\/strong><\/p>\n","protected":false},"excerpt":{"rendered":"<p>O economista Eduardo Moreira, conhecido por ser ex-banqueiro e hoje ser ativista por uma economia mais inclusiva, com menos desigualdade, \u00e9 o entrevistado de hoje (24) no programa Entre Vistas, da TVT. \u201cVoc\u00ea trabalhou 20 anos de um lado e, de repente, olha e pensa que: \u2018Meu lado n\u00e3o \u00e9 esse. Para ser do lado [&hellip;]<\/p>\n","protected":false},"author":2,"featured_media":7787,"comment_status":"","ping_status":"","sticky":false,"template":"","format":"standard","meta":{"footnotes":""},"categories":[3],"tags":[],"class_list":["post-7788","post","type-post","status-publish","format-standard","has-post-thumbnail","hentry","category-noticias"],"_links":{"self":[{"href":"https:\/\/hostnetart.com.br\/baixada\/wp-json\/wp\/v2\/posts\/7788","targetHints":{"allow":["GET"]}}],"collection":[{"href":"https:\/\/hostnetart.com.br\/baixada\/wp-json\/wp\/v2\/posts"}],"about":[{"href":"https:\/\/hostnetart.com.br\/baixada\/wp-json\/wp\/v2\/types\/post"}],"author":[{"embeddable":true,"href":"https:\/\/hostnetart.com.br\/baixada\/wp-json\/wp\/v2\/users\/2"}],"replies":[{"embeddable":true,"href":"https:\/\/hostnetart.com.br\/baixada\/wp-json\/wp\/v2\/comments?post=7788"}],"version-history":[{"count":0,"href":"https:\/\/hostnetart.com.br\/baixada\/wp-json\/wp\/v2\/posts\/7788\/revisions"}],"wp:featuredmedia":[{"embeddable":true,"href":"https:\/\/hostnetart.com.br\/baixada\/wp-json\/wp\/v2\/media\/7787"}],"wp:attachment":[{"href":"https:\/\/hostnetart.com.br\/baixada\/wp-json\/wp\/v2\/media?parent=7788"}],"wp:term":[{"taxonomy":"category","embeddable":true,"href":"https:\/\/hostnetart.com.br\/baixada\/wp-json\/wp\/v2\/categories?post=7788"},{"taxonomy":"post_tag","embeddable":true,"href":"https:\/\/hostnetart.com.br\/baixada\/wp-json\/wp\/v2\/tags?post=7788"}],"curies":[{"name":"wp","href":"https:\/\/api.w.org\/{rel}","templated":true}]}}