{"id":7786,"date":"2019-10-23T14:12:33","date_gmt":"2019-10-23T17:12:33","guid":{"rendered":"https:\/\/hostnetart.com.br\/baixada\/previdencia-congresso-destruiu-maior-conquista-da-constituicao-segundo-economista\/"},"modified":"2019-10-23T14:12:33","modified_gmt":"2019-10-23T17:12:33","slug":"previdencia-congresso-destruiu-maior-conquista-da-constituicao-segundo-economista","status":"publish","type":"post","link":"https:\/\/hostnetart.com.br\/baixada\/previdencia-congresso-destruiu-maior-conquista-da-constituicao-segundo-economista\/","title":{"rendered":"Previd\u00eancia: \u2018Congresso destruiu maior conquista da Constitui\u00e7\u00e3o\u2019, segundo economista"},"content":{"rendered":"<p>O Senado deve concluir nesta quarta-feira (23) a vota\u00e7\u00e3o de dois destaques que modificam o texto-base da \u201creforma\u201d da Previd\u00eancia,\u00a0<a href=\"https:\/\/www.redebrasilatual.com.br\/destaques\/2019\/10\/senado-aprova-reforma-da-previdencia-de-paulo-guedes-discipulo-de-pinochet-diz-oposicao\/\" target=\"_blank\" rel=\"noopener noreferrer\">aprovado<\/a>\u00a0por 60 votos a favor e 19 contra, nesta ter\u00e7a-feira (22). Segundo a economista\u00a0Maria Lucia Fattorelli, coordenadora da Auditoria Cidad\u00e3 da D\u00edvida, trata-se da \u201cdestrui\u00e7\u00e3o\u201d do principal patrim\u00f4nio social brasileiro, em refer\u00eancia \u00e0s restri\u00e7\u00f5es ao acesso \u00e0s aposentadorias.<\/p>\n<p>\u201cEsse Congresso tem que passar para a hist\u00f3ria como o Congresso que destruiu o principal patrim\u00f4nio brasileiro. Tem que passar para a hist\u00f3ria como o Congresso que destruiu a maior conquista da Constitui\u00e7\u00e3o Federal de 1988. \u00c9 assim que temos que tratar esses congressistas\u201d, afirmou Maria L\u00facia \u00e0 jornalista Marilu Cab\u00e3nas, para o\u00a0<a href=\"https:\/\/www.youtube.com\/watch?v=ZTsiolk-S9w&amp;t=5153s\" target=\"_blank\" rel=\"noopener noreferrer\"><em>Jornal Brasil Atual<\/em><\/a>.<\/p>\n<p>O destaque apresentado pelo PT\u00a0 busca\u00a0diminuir os preju\u00edzos na aposentadoria de trabalhadores que exercem atividades com efetiva exposi\u00e7\u00e3o a agentes nocivos qu\u00edmicos, f\u00edsicos e biol\u00f3gicos. Outro destaque da Rede trata da idade m\u00ednima desses mesmos trabalhadores.<\/p>\n<p>O texto aprovado ontem autoriza a administra\u00e7\u00e3o Funda\u00e7\u00e3o de Previd\u00eancia Complementar do Servidor P\u00fablico Federal (Funpresp) por institui\u00e7\u00f5es privadas. A economista afirmou que esse tipo de articula\u00e7\u00e3o vai servir para que fundos como o Funpresp sejam utilizados para absorver \u201cpapeis pobres\u201d do sistema financeiro internacional \u2013 como \u00e0queles que levaram ao estouro da crise internacional de 2008, no Estados Unidos \u2013, transferindo para a classe trabalhadora os riscos criados pelos operadores do mercado.<\/p>\n<p>Ela comparou o Brasil com o Chile, que vive uma\u00a0<a href=\"https:\/\/www.redebrasilatual.com.br\/mundo\/2019\/10\/chile-sindicatos-convocam-greve-geral-contra-neoliberalismo-de-pinera\/\" target=\"_blank\" rel=\"noopener noreferrer\">rebeli\u00e3o popular<\/a>\u00a0nos \u00faltimos dias, e que tamb\u00e9m privatizou a Previd\u00eancia, al\u00e9m de servi\u00e7os p\u00fablicos como o fornecimento de energia el\u00e9trica e \u00e1gua e tamb\u00e9m o ensino. Por aqui, seguimos a mesma trilha. Ap\u00f3s a \u201cdestrui\u00e7\u00e3o\u201d da Previd\u00eancia, o governo Bolsonaro promete privatizar a\u00a0<a href=\"https:\/\/www.redebrasilatual.com.br\/economia\/2019\/10\/privatizacao-da-eletrobras-nao-ajuda-economia-e-pode-causar-apagao-no-pais\/\" target=\"_blank\" rel=\"noopener noreferrer\">Eletrobras<\/a>, os Correios e outras 15 empresas estatais, al\u00e9m de promover leil\u00f5es que entregam o controle do pr\u00e9-sal \u00e0s petrol\u00edferas estrangeiras. A pr\u00f3pria Petrobras e os bancos p\u00fablicos \u2013 Caixa e Banco do Brasil \u2013, n\u00e3o constam na lista imediata de privatiza\u00e7\u00f5es, mas tamb\u00e9m est\u00e3o na mira.<\/p>\n<h3>Securitiza\u00e7\u00e3o<\/h3>\n<p>Maria L\u00facia tamb\u00e9m chamou a aten\u00e7\u00e3o para o\u00a0Projeto de Lei Complementar (PLP)\u00a0<a href=\"http:\/\/www2.camara.leg.br\/camaranoticias\/noticias\/ECONOMIA\/551181-PROJETO-PERMITE-NEGOCIACAO-DE-DIREITOS-DE-DIVIDAS-COM-ESTADOS-E-MUNICIPIOS.html\" target=\"_blank\" rel=\"noopener noreferrer\">459\/17<\/a>, da chamada \u201c<a href=\"https:\/\/www.redebrasilatual.com.br\/economia\/2019\/07\/sem-capitalizacao-setor-financeiro-tenta-incluir-securitizacao-na-reforma-da-previdencia\/\" target=\"_blank\" rel=\"noopener noreferrer\">securitiza\u00e7\u00e3o dos cr\u00e9ditos<\/a>\u201c, que permite a Uni\u00e3o,\u00a0estados, Distrito Federal e munic\u00edpios ceder aos bancos o produto da arrecada\u00e7\u00e3o tribut\u00e1ria em troca da antecipa\u00e7\u00e3o das receitas. Ela diz que esse projeto, se aprovado, representa a \u201cmorte do or\u00e7amento p\u00fablico\u201d, e comparou ao modelo de empr\u00e9stimo consignado.<\/p>\n<p>\u201c\u00c9 a entrega do Or\u00e7amento para bancos privilegiados. N\u00f3s, contribuintes, vamos continuar pagando impostos aos bancos. S\u00f3 que os recursos n\u00e3o chegar\u00e3o aos cofres p\u00fablicos. Ser\u00e3o desviados no meio do caminho. Ainda na rede banc\u00e1ria, os recursos ser\u00e3o desviados para investidores privilegiados, atrav\u00e9s da chamada \u201cconta vinculada\u201d, disse a economista.<\/p>\n<p><strong>Fonte: Rede Brasil Atual<\/strong><\/p>\n","protected":false},"excerpt":{"rendered":"<p>O Senado deve concluir nesta quarta-feira (23) a vota\u00e7\u00e3o de dois destaques que modificam o texto-base da \u201creforma\u201d da Previd\u00eancia,\u00a0aprovado\u00a0por 60 votos a favor e 19 contra, nesta ter\u00e7a-feira (22). Segundo a economista\u00a0Maria Lucia Fattorelli, coordenadora da Auditoria Cidad\u00e3 da D\u00edvida, trata-se da \u201cdestrui\u00e7\u00e3o\u201d do principal patrim\u00f4nio social brasileiro, em refer\u00eancia \u00e0s restri\u00e7\u00f5es ao acesso [&hellip;]<\/p>\n","protected":false},"author":2,"featured_media":7785,"comment_status":"","ping_status":"","sticky":false,"template":"","format":"standard","meta":{"footnotes":""},"categories":[3],"tags":[],"class_list":["post-7786","post","type-post","status-publish","format-standard","has-post-thumbnail","hentry","category-noticias"],"_links":{"self":[{"href":"https:\/\/hostnetart.com.br\/baixada\/wp-json\/wp\/v2\/posts\/7786","targetHints":{"allow":["GET"]}}],"collection":[{"href":"https:\/\/hostnetart.com.br\/baixada\/wp-json\/wp\/v2\/posts"}],"about":[{"href":"https:\/\/hostnetart.com.br\/baixada\/wp-json\/wp\/v2\/types\/post"}],"author":[{"embeddable":true,"href":"https:\/\/hostnetart.com.br\/baixada\/wp-json\/wp\/v2\/users\/2"}],"replies":[{"embeddable":true,"href":"https:\/\/hostnetart.com.br\/baixada\/wp-json\/wp\/v2\/comments?post=7786"}],"version-history":[{"count":0,"href":"https:\/\/hostnetart.com.br\/baixada\/wp-json\/wp\/v2\/posts\/7786\/revisions"}],"wp:featuredmedia":[{"embeddable":true,"href":"https:\/\/hostnetart.com.br\/baixada\/wp-json\/wp\/v2\/media\/7785"}],"wp:attachment":[{"href":"https:\/\/hostnetart.com.br\/baixada\/wp-json\/wp\/v2\/media?parent=7786"}],"wp:term":[{"taxonomy":"category","embeddable":true,"href":"https:\/\/hostnetart.com.br\/baixada\/wp-json\/wp\/v2\/categories?post=7786"},{"taxonomy":"post_tag","embeddable":true,"href":"https:\/\/hostnetart.com.br\/baixada\/wp-json\/wp\/v2\/tags?post=7786"}],"curies":[{"name":"wp","href":"https:\/\/api.w.org\/{rel}","templated":true}]}}