{"id":7784,"date":"2019-10-23T14:11:05","date_gmt":"2019-10-23T17:11:05","guid":{"rendered":"https:\/\/hostnetart.com.br\/baixada\/previdencia-mdb-podemos-e-psdb-votam-em-massa-a-favor-da-reforma-confira-os-votos\/"},"modified":"2019-10-23T14:11:05","modified_gmt":"2019-10-23T17:11:05","slug":"previdencia-mdb-podemos-e-psdb-votam-em-massa-a-favor-da-reforma-confira-os-votos","status":"publish","type":"post","link":"https:\/\/hostnetart.com.br\/baixada\/previdencia-mdb-podemos-e-psdb-votam-em-massa-a-favor-da-reforma-confira-os-votos\/","title":{"rendered":"Previd\u00eancia: MDB, Podemos e PSDB votam em massa a favor da \u2018reforma\u2019. Confira os votos"},"content":{"rendered":"<p>Com ainda mais votos do que no primeiro turno (56), o texto-base da Proposta de Emenda \u00e0 Constitui\u00e7\u00e3o (PEC) 6\/2019, de \u201creforma\u201d da Previd\u00eancia, foi aprovado no in\u00edcio da noite desta ter\u00e7a-feira (22) pelo Senado, e segue para san\u00e7\u00e3o presidencial. As bancadas do Podemos e do PSDB, das mais numerosas da casa, votaram integralmente pela mat\u00e9ria. A maior bancada, do MDB, registrou 12 votos a favor e 1 contra, de Renan Calheiros (AL).<\/p>\n<p>Do lado da oposi\u00e7\u00e3o, o PDT teve tr\u00eas votos contr\u00e1rios e um favor do projeto, de K\u00e1tia Abreu (TO). Os seis deputados do PT foram contra a PEC e a Rede teve dois contra a um a favor.<\/p>\n<p>No total, foram 60 votos a favor do projeto e 19 contra. O presidente do Senado, Davi Alcolumbre (DEM-AP), n\u00e3o votou, e houve uma aus\u00eancia, de Rodrigo Pacheco (DEM-MG).<\/p>\n<p>Confira como votou cada senador.<\/p>\n<p><strong>Sim \u00e0 reforma<\/strong><\/p>\n<p>Alessandro Vieira (Cidadania-SE)<\/p>\n<p>\u00c1lvaro Dias (Pode-PR)<\/p>\n<p>\u00c2ngelo Coronel (PSD-BA)<\/p>\n<p>Ant\u00f4nio Anastasia (PSDB-MG)<\/p>\n<p>Arolde de Oliveira (PSD-RJ)<\/p>\n<p>Carlos Viana (PSD-MG)<\/p>\n<p>Chico Rodrigues (DEM-RR)<\/p>\n<p>Ciro Nogueira (PP-PI)<\/p>\n<p>Conf\u00facio Moura (MDB-RO)<\/p>\n<p>Daniella Ribeiro (PP-PB)<\/p>\n<p>D\u00e1rio Berger (MDB-SC)<\/p>\n<p>Eduardo Braga (MDB-AM)<\/p>\n<p>Eduardo Gir\u00e3o (Pode-CE)<\/p>\n<p>Eduardo Gomes (MDB-TO)<\/p>\n<p>Elmano F\u00e9rrer (Pode-PI)<\/p>\n<p>Esperidi\u00e3o Amin (PP-SC)<\/p>\n<p>Fernando Bezerra Coelho (MDB-PE)<\/p>\n<p>Fl\u00e1vio Arns (Rede-PR)<\/p>\n<p>Fl\u00e1vio Bolsonaro (PSL-RJ)<\/p>\n<p>Izalci Lucas (PSDB-DF)<\/p>\n<p>Jader Barbalho (MDB-PA)<\/p>\n<p>Jarbas Vasconcelos (MDB-PE)<\/p>\n<p>Jayme Campos (DEM-MT)<\/p>\n<p>Jorge Kajuru (Cidadania-GO)<\/p>\n<p>Jorginho Mello (PL-SC)<\/p>\n<p>Jos\u00e9 Maranh\u00e3o (MDB-PB)<\/p>\n<p>Jos\u00e9 Serra (PSDB-SP)<\/p>\n<p>Ju\u00edza Selma (Pode-MT)<\/p>\n<p>K\u00e1tia Abreu (PDT-TO)<\/p>\n<p>Lasier Martins (Pode-RS)<\/p>\n<p>Lucas Barreto (PSD-AP)<\/p>\n<p>Luis Carlos Heinze (PP-RS)<\/p>\n<p>Luiz do Carmo (MDB-GO)<\/p>\n<p>Mailza Gomes (PP-AC)<\/p>\n<p>Major Ol\u00edmpio (PSL-SP)<\/p>\n<p>Mara Gabrilli (PSDB-SP)<\/p>\n<p>Marcelo Castro (MDB-PI)<\/p>\n<p>Marcio Bittar (MDB-AC)<\/p>\n<p>Marcos do Val (Pode-ES)<\/p>\n<p>Marcos Rog\u00e9rio (DEM-RO)<\/p>\n<p>Maria do Carmo Alves (DEM-SE)<\/p>\n<p>Mecias de Jesus (Republicanos-RR)<\/p>\n<p>Nelsinho Trad (PSD-MS)<\/p>\n<p>Osmar Aziz (PSD-AM)<\/p>\n<p>Oriovisto Guimar\u00e3es (Pode-PR)<\/p>\n<p>Pl\u00ednio Val\u00e9rio (PSDB-AM)<\/p>\n<p>Reguffe (Pode-DF)<\/p>\n<p>Roberto Rocha (PSDB-MA)<\/p>\n<p>Rodrigo Cunha (PSDB-AL)<\/p>\n<p>Rom\u00e1rio (Pode-RJ)<\/p>\n<p>Rose de Freitas (Pode-ES)<\/p>\n<p>S\u00e9rgio Petec\u00e3o (PSD-AC)<\/p>\n<p>Simone Tebet (MDB-MS)<\/p>\n<p>Soraya Thronicke (PSL-MS)<\/p>\n<p>Styvenson Valentim (Pode-RN)<\/p>\n<p>Tasso Jereissati (PSDB-CE)<\/p>\n<p>Telm\u00e1rio Motta (Pros-RR)<\/p>\n<p>Vanderlan Cardoso (PP-GO)<\/p>\n<p>Wellington Fagundes (PL-MT)<\/p>\n<p>Zequinha Marinho (PSC-PA)<\/p>\n<p><strong>N\u00e3o \u00e0 reforma<\/strong><\/p>\n<p>Acir Gurgacz (PDT-RO)<\/p>\n<p>Cid Gomes (PDT-CE)<\/p>\n<p>Eliziane Gama (Cidadania-MA)<\/p>\n<p>Fabiano Contarato (Rede-ES)<\/p>\n<p>Fernando Collor (Pros-AL)<\/p>\n<p>Humberto Costa (PT-PE)<\/p>\n<p>Iraj\u00e1 (PSD-TO)<\/p>\n<p>Jaques Wagner (PT-BA)<\/p>\n<p>Jean Paul Prates (PT-RN)<\/p>\n<p>Leila Barros (PSB-DF)<\/p>\n<p>Otto Alencar (PSD-BA)<\/p>\n<p>Paulo Paim (PT-RS)<\/p>\n<p>Paulo Rocha (PT-PA)<\/p>\n<p>Randolfe Rodrigues (Rede-AP)<\/p>\n<p>Renan Calheiros (MDB-AL)<\/p>\n<p>Rog\u00e9rio Carvalho (PT-SE)<\/p>\n<p>Veneziano Vital do R\u00eago (PSB-PB)<\/p>\n<p>Weverton (PDT-MA)<\/p>\n<p>Zenaide Maia (Pros-RN)<\/p>\n<p>\u00a0<\/p>\n<p><strong>Fonte: Rede Brasil Atual<\/strong><\/p>\n","protected":false},"excerpt":{"rendered":"<p>Com ainda mais votos do que no primeiro turno (56), o texto-base da Proposta de Emenda \u00e0 Constitui\u00e7\u00e3o (PEC) 6\/2019, de \u201creforma\u201d da Previd\u00eancia, foi aprovado no in\u00edcio da noite desta ter\u00e7a-feira (22) pelo Senado, e segue para san\u00e7\u00e3o presidencial. As bancadas do Podemos e do PSDB, das mais numerosas da casa, votaram integralmente pela [&hellip;]<\/p>\n","protected":false},"author":2,"featured_media":7783,"comment_status":"","ping_status":"","sticky":false,"template":"","format":"standard","meta":{"footnotes":""},"categories":[3],"tags":[],"class_list":["post-7784","post","type-post","status-publish","format-standard","has-post-thumbnail","hentry","category-noticias"],"_links":{"self":[{"href":"https:\/\/hostnetart.com.br\/baixada\/wp-json\/wp\/v2\/posts\/7784","targetHints":{"allow":["GET"]}}],"collection":[{"href":"https:\/\/hostnetart.com.br\/baixada\/wp-json\/wp\/v2\/posts"}],"about":[{"href":"https:\/\/hostnetart.com.br\/baixada\/wp-json\/wp\/v2\/types\/post"}],"author":[{"embeddable":true,"href":"https:\/\/hostnetart.com.br\/baixada\/wp-json\/wp\/v2\/users\/2"}],"replies":[{"embeddable":true,"href":"https:\/\/hostnetart.com.br\/baixada\/wp-json\/wp\/v2\/comments?post=7784"}],"version-history":[{"count":0,"href":"https:\/\/hostnetart.com.br\/baixada\/wp-json\/wp\/v2\/posts\/7784\/revisions"}],"wp:featuredmedia":[{"embeddable":true,"href":"https:\/\/hostnetart.com.br\/baixada\/wp-json\/wp\/v2\/media\/7783"}],"wp:attachment":[{"href":"https:\/\/hostnetart.com.br\/baixada\/wp-json\/wp\/v2\/media?parent=7784"}],"wp:term":[{"taxonomy":"category","embeddable":true,"href":"https:\/\/hostnetart.com.br\/baixada\/wp-json\/wp\/v2\/categories?post=7784"},{"taxonomy":"post_tag","embeddable":true,"href":"https:\/\/hostnetart.com.br\/baixada\/wp-json\/wp\/v2\/tags?post=7784"}],"curies":[{"name":"wp","href":"https:\/\/api.w.org\/{rel}","templated":true}]}}