{"id":7778,"date":"2019-10-23T13:29:53","date_gmt":"2019-10-23T16:29:53","guid":{"rendered":"https:\/\/hostnetart.com.br\/baixada\/a-caixa-e-toda-sua-campanha-contra-a-privatizacao-ganha-as-ruas\/"},"modified":"2019-10-23T13:29:53","modified_gmt":"2019-10-23T16:29:53","slug":"a-caixa-e-toda-sua-campanha-contra-a-privatizacao-ganha-as-ruas","status":"publish","type":"post","link":"https:\/\/hostnetart.com.br\/baixada\/a-caixa-e-toda-sua-campanha-contra-a-privatizacao-ganha-as-ruas\/","title":{"rendered":"A Caixa \u00e9 toda sua: campanha contra a privatiza\u00e7\u00e3o ganha as ruas"},"content":{"rendered":"<div class=\"elementor-element elementor-element-194680ec elementor-widget elementor-widget-theme-post-content\" data-id=\"194680ec\" data-element_type=\"widget\" data-widget_type=\"theme-post-content.default\">\n<div class=\"elementor-widget-container\">\n<p>A campanha nacional\u00a0<a href=\"http:\/\/www.acaixaetodasua.com.br\/\">#aCaixa\u00e9todasua<\/a>\u00a0est\u00e1 se espalhando pelo pa\u00eds. Lan\u00e7ada pelo Comit\u00ea Nacional em Defesa da Caixa, no \u00faltimo domingo (20), a iniciativa tem por objetivo chamar a aten\u00e7\u00e3o de empregados do banco p\u00fablico e da popula\u00e7\u00e3o para os preju\u00edzos que a venda de partes da empresa, como seguros, loterias e cart\u00f5es, poder\u00e1 trazer para a sociedade, al\u00e9m de alertar sobre as consequ\u00eancias da retirada do Fundo de Garantia por Tempo de Servi\u00e7o (FGTS) da Caixa.<\/p>\n<p>\u00c9 por meio dessas \u00e1reas estrat\u00e9gicas que o banco financia menores taxas para a compra da casa pr\u00f3pria, a opera\u00e7\u00e3o de toda a \u00e1rea social, como benef\u00edcios ao trabalhador, acesso a produtos e servi\u00e7os por meio da bancariza\u00e7\u00e3o, o Financiamento ao Estudante do Ensino Superior (Fies), por exemplo. S\u00e3o essas \u00e1reas tamb\u00e9m que financiam o Minha Casa Minha Vida, o maior programa habitacional do Brasil, para a popula\u00e7\u00e3o de baixa renda. Desde 2009, foram mais de quatro milh\u00f5es de unidades habitacionais, um investimento de R$ 105 bilh\u00f5es, beneficiando 16 milh\u00f5es de pessoas. Mais que reduzir o d\u00e9ficit habitacional, o programa ainda contribui para a gera\u00e7\u00e3o de empregos, foram 1,2 milh\u00f5es em 10 anos de programa.<\/p>\n<p>A Caixa \u00e9 o banco da cidadania, da distribui\u00e7\u00e3o de renda e da inclus\u00e3o social. Por meio das mais de 3,3 mil ag\u00eancias, a Caixa faz o pagamento para 13,5 milh\u00f5es de benefici\u00e1rios do Bolsa Fam\u00edlia. Gra\u00e7as a essa capilaridade, que est\u00e1 em risco com o fechamento de diversas ag\u00eancias e postos de atendimento, as fam\u00edlias que vivem em mun\u00edcipios mais afastados t\u00eam como receber seu benef\u00edcio todo m\u00eas.<\/p>\n<p>Outro setor estrat\u00e9gico da Caixa s\u00e3o as Loterias. Para al\u00e9m do sonho dos apostadores, nos \u00faltimos anos, aproximadamente metade dos recursos das apostas s\u00e3o aplicados em sa\u00fade, seguran\u00e7a, cultura e esporte, beneficiando toda a popula\u00e7\u00e3o. Al\u00e9m disso, os pr\u00eamios que n\u00e3o foram reclamados em 90 dias ap\u00f3s a data do sorteio s\u00e3o repassados ao tesouro nacional para aplica\u00e7\u00e3o no Fundo do Fies. Esse repasse tem ca\u00eddo no decorrer dos anos. Em 2017, o Fies recebeu cerca de R$ 1,3 bilh\u00f5es das Loterias. O valor passou para pouco mais de R$ 730 milh\u00f5es em 2018.<\/p>\n<p>A campanha pretende mostrar para a sociedade que vender a Caixa, atualmente \u00fanico banco 100% p\u00fablico do Brasil, compromete sua fun\u00e7\u00e3o social e de desenvolvimento do pa\u00eds. \u201cA Caixa est\u00e1 na vida de todos os brasileiros diariamente, embora muitos n\u00e3o tenham essa no\u00e7\u00e3o. E eles precisam saber que a privatiza\u00e7\u00e3o, mesmo que fatiada, poder\u00e1 comprometer totalmente a aplica\u00e7\u00e3o dos recursos que o banco administra na \u00e1rea social\u201d, destaca o presidente da Federa\u00e7\u00e3o Nacional das Associa\u00e7\u00f5es do Pessoal da Caixa Econ\u00f4mica Federal (Fenae), Jair Pedro Ferreira.<\/p>\n<p>A campanha nacional #aCaixa\u00e9todasua ocorre em um momento decisivo. A cada dia est\u00e3o mais claros os planos para privatizar o banco. \u201cA Caixa n\u00e3o pode deixar de ser o banco da casa pr\u00f3pria, da poupan\u00e7a, do saneamento b\u00e1sico, do Fies, do Bolsa Fam\u00edlia, dos munic\u00edpios. Isso s\u00f3 \u00e9 poss\u00edvel com a manuten\u00e7\u00e3o do car\u00e1ter 100% p\u00fablico. \u00c0s institui\u00e7\u00f5es privadas n\u00e3o interessa o papel social desempenhado pela Caixa, o que significa dizer que ele n\u00e3o ser\u00e1 mantido\u201d, afirmou Jair Ferreira.<\/p>\n<p>Formam o Comit\u00ea Nacional a Federa\u00e7\u00e3o Nacional das Associa\u00e7\u00f5es do Pessoal da Caixa Econ\u00f4mica Federal (Fenae), Federa\u00e7\u00e3o Nacional dos Gestores da Caixa Econ\u00f4mica Federal (Fenag), Federa\u00e7\u00e3o Nacional das Associa\u00e7\u00f5es de Aposentados e Pensionistas da Caixa Econ\u00f4mica Federal (Fenacef), Associa\u00e7\u00e3o dos Advogados da Caixa Econ\u00f4mica Federal (Advocef), Associa\u00e7\u00e3o Nacional dos Engenheiros e Arquitetos da Caixa Econ\u00f4mica Federal (Aneac), Associa\u00e7\u00e3o Nacional dos Auditores Internos da Caixa Econ\u00f4mica Federal (AudiCaixa), Associa\u00e7\u00e3o Nacional dos T\u00e9cnicos Sociais e Assistentes de Projetos Sociais da Caixa Econ\u00f4mica Federal (Social Caixa), Confedera\u00e7\u00e3o Nacional dos Trabalhadores do Ramo Financeiro (Contraf), e F\u00f3rum Nacional da Reforma Urbana (FNRU), al\u00e9m das centrais sindicais CUT, CTB, Intersindical, CSP\/Conlutas e UGT.<\/p>\n<h3>Mobiliza\u00e7\u00e3o<\/h3>\n<p>Dois atos de pr\u00e9-lan\u00e7amento da campanha foram realizados em Bras\u00edlia, no dia 15 de outubro, e em S\u00e3o Paulo na \u00faltima sexta-feira (18). O primeiro aconteceu na matriz 3 da Caixa e contou com a participa\u00e7\u00e3o de empregados do banco, dirigentes de entidades representativas da categoria, movimentos em defesa da moradia, parlamentares e de outros segmentos.<\/p>\n<p>O pr\u00e9-lan\u00e7amento na capital paulista teve como palco as ag\u00eancias que administram o saque do FGTS para pessoas que n\u00e3o t\u00eam conta na Caixa. Representantes das entidades sindicais e do pessoal da Caixa dialogaram com a popula\u00e7\u00e3o e distribu\u00edram material refor\u00e7ando a import\u00e2ncia do banco.<\/p>\n<p>\u201cFizemos esse grande ato em sedes do FGTS e da Caixa, e \u00e9 fundamental que todos os empregados se envolvam na campanha e conversem com amigos, vizinhos e conhecidos sobre a import\u00e2ncia da Caixa para a vida da popula\u00e7\u00e3o\u201d, destacou o vice-presidente da Fenae e secret\u00e1rio de Finan\u00e7as da Confedera\u00e7\u00e3o Nacional dos Trabalhadores do Ramo Financeiro (Contraf-CUT), Sergio Takemoto.<\/p>\n<\/div>\n<\/div>\n<div class=\"elementor-element elementor-element-76b46e1 elementor-widget elementor-widget-post-info\" data-id=\"76b46e1\" data-element_type=\"widget\" data-widget_type=\"post-info.default\">\u00a0<\/div>\n<div class=\"elementor-element elementor-element-76b46e1 elementor-widget elementor-widget-post-info\" data-id=\"76b46e1\" data-element_type=\"widget\" data-widget_type=\"post-info.default\"><strong>Fonte: Contraf-CUT<\/strong><\/div>\n","protected":false},"excerpt":{"rendered":"<p>A campanha nacional\u00a0#aCaixa\u00e9todasua\u00a0est\u00e1 se espalhando pelo pa\u00eds. Lan\u00e7ada pelo Comit\u00ea Nacional em Defesa da Caixa, no \u00faltimo domingo (20), a iniciativa tem por objetivo chamar a aten\u00e7\u00e3o de empregados do banco p\u00fablico e da popula\u00e7\u00e3o para os preju\u00edzos que a venda de partes da empresa, como seguros, loterias e cart\u00f5es, poder\u00e1 trazer para a sociedade, [&hellip;]<\/p>\n","protected":false},"author":2,"featured_media":7777,"comment_status":"","ping_status":"","sticky":false,"template":"","format":"standard","meta":{"footnotes":""},"categories":[3],"tags":[],"class_list":["post-7778","post","type-post","status-publish","format-standard","has-post-thumbnail","hentry","category-noticias"],"_links":{"self":[{"href":"https:\/\/hostnetart.com.br\/baixada\/wp-json\/wp\/v2\/posts\/7778","targetHints":{"allow":["GET"]}}],"collection":[{"href":"https:\/\/hostnetart.com.br\/baixada\/wp-json\/wp\/v2\/posts"}],"about":[{"href":"https:\/\/hostnetart.com.br\/baixada\/wp-json\/wp\/v2\/types\/post"}],"author":[{"embeddable":true,"href":"https:\/\/hostnetart.com.br\/baixada\/wp-json\/wp\/v2\/users\/2"}],"replies":[{"embeddable":true,"href":"https:\/\/hostnetart.com.br\/baixada\/wp-json\/wp\/v2\/comments?post=7778"}],"version-history":[{"count":0,"href":"https:\/\/hostnetart.com.br\/baixada\/wp-json\/wp\/v2\/posts\/7778\/revisions"}],"wp:featuredmedia":[{"embeddable":true,"href":"https:\/\/hostnetart.com.br\/baixada\/wp-json\/wp\/v2\/media\/7777"}],"wp:attachment":[{"href":"https:\/\/hostnetart.com.br\/baixada\/wp-json\/wp\/v2\/media?parent=7778"}],"wp:term":[{"taxonomy":"category","embeddable":true,"href":"https:\/\/hostnetart.com.br\/baixada\/wp-json\/wp\/v2\/categories?post=7778"},{"taxonomy":"post_tag","embeddable":true,"href":"https:\/\/hostnetart.com.br\/baixada\/wp-json\/wp\/v2\/tags?post=7778"}],"curies":[{"name":"wp","href":"https:\/\/api.w.org\/{rel}","templated":true}]}}