{"id":7774,"date":"2019-10-22T17:07:27","date_gmt":"2019-10-22T20:07:27","guid":{"rendered":"https:\/\/hostnetart.com.br\/baixada\/pec-da-previdencia-passa-pela-ccj-penultima-etapa-e-segue-para-o-plenario-do-senado\/"},"modified":"2019-10-22T17:07:27","modified_gmt":"2019-10-22T20:07:27","slug":"pec-da-previdencia-passa-pela-ccj-penultima-etapa-e-segue-para-o-plenario-do-senado","status":"publish","type":"post","link":"https:\/\/hostnetart.com.br\/baixada\/pec-da-previdencia-passa-pela-ccj-penultima-etapa-e-segue-para-o-plenario-do-senado\/","title":{"rendered":"PEC da Previd\u00eancia passa pela CCJ, pen\u00faltima etapa, e segue para o plen\u00e1rio do Senado"},"content":{"rendered":"<p>Em r\u00e1pida sess\u00e3o na manh\u00e3 desta ter\u00e7a-feira (22), a Comiss\u00e3o de Constitui\u00e7\u00e3o e Justi\u00e7a (CCJ) do Senado aprovou relat\u00f3rio de Tasso Jereissati (PSDB-CE) sobre a Proposta de Emenda \u00e0 Constitui\u00e7\u00e3o (PEC) 6\/2019, de \u201creforma\u201d da Previd\u00eancia. Agora, o projeto vai para a \u00faltima etapa da tramita\u00e7\u00e3o, no plen\u00e1rio da Casa, para uma segunda rodada de vota\u00e7\u00e3o. A sess\u00e3o est\u00e1 prevista para come\u00e7ar \u00e0s 14h.<\/p>\n<p>No primeiro turno, dia 2, a PEC passou com 56 votos favor\u00e1veis, sete a mais do que o m\u00ednimo necess\u00e1rio, e 19 contr\u00e1rios. Naquela vota\u00e7\u00e3o, foi derrubado um dispositivo do texto aprovado na C\u00e2mara, sobre abono salarial.<\/p>\n<p>Na sess\u00e3o de hoje da CCJ, foram aprovadas duas emendas, de reda\u00e7\u00e3o, que n\u00e3o alteram o m\u00e9rito da proposta. O l\u00edder do PT, senador Humberto Costa (PE), disse que a oposi\u00e7\u00e3o vai apresentar destaques em plen\u00e1rio para tentar alterar o texto do projeto governista.<\/p>\n<p>Amanh\u00e3 (23) dever\u00e1 ser lido o relat\u00f3rio da chamada \u201cPEC paralela\u201d (n\u00famero 133), que inclui Estados e munic\u00edpios ao novo sistema. O relator tamb\u00e9m \u00e9 Jereissati.<\/p>\n<p><em>Com informa\u00e7\u00f5es da\u00a0Ag\u00eancia Senado<\/em><\/p>\n<p><strong>Fonte: Rede Brasil Atual<\/strong><\/p>\n","protected":false},"excerpt":{"rendered":"<p>Em r\u00e1pida sess\u00e3o na manh\u00e3 desta ter\u00e7a-feira (22), a Comiss\u00e3o de Constitui\u00e7\u00e3o e Justi\u00e7a (CCJ) do Senado aprovou relat\u00f3rio de Tasso Jereissati (PSDB-CE) sobre a Proposta de Emenda \u00e0 Constitui\u00e7\u00e3o (PEC) 6\/2019, de \u201creforma\u201d da Previd\u00eancia. Agora, o projeto vai para a \u00faltima etapa da tramita\u00e7\u00e3o, no plen\u00e1rio da Casa, para uma segunda rodada de [&hellip;]<\/p>\n","protected":false},"author":2,"featured_media":7773,"comment_status":"","ping_status":"","sticky":false,"template":"","format":"standard","meta":{"footnotes":""},"categories":[3],"tags":[],"class_list":["post-7774","post","type-post","status-publish","format-standard","has-post-thumbnail","hentry","category-noticias"],"_links":{"self":[{"href":"https:\/\/hostnetart.com.br\/baixada\/wp-json\/wp\/v2\/posts\/7774","targetHints":{"allow":["GET"]}}],"collection":[{"href":"https:\/\/hostnetart.com.br\/baixada\/wp-json\/wp\/v2\/posts"}],"about":[{"href":"https:\/\/hostnetart.com.br\/baixada\/wp-json\/wp\/v2\/types\/post"}],"author":[{"embeddable":true,"href":"https:\/\/hostnetart.com.br\/baixada\/wp-json\/wp\/v2\/users\/2"}],"replies":[{"embeddable":true,"href":"https:\/\/hostnetart.com.br\/baixada\/wp-json\/wp\/v2\/comments?post=7774"}],"version-history":[{"count":0,"href":"https:\/\/hostnetart.com.br\/baixada\/wp-json\/wp\/v2\/posts\/7774\/revisions"}],"wp:featuredmedia":[{"embeddable":true,"href":"https:\/\/hostnetart.com.br\/baixada\/wp-json\/wp\/v2\/media\/7773"}],"wp:attachment":[{"href":"https:\/\/hostnetart.com.br\/baixada\/wp-json\/wp\/v2\/media?parent=7774"}],"wp:term":[{"taxonomy":"category","embeddable":true,"href":"https:\/\/hostnetart.com.br\/baixada\/wp-json\/wp\/v2\/categories?post=7774"},{"taxonomy":"post_tag","embeddable":true,"href":"https:\/\/hostnetart.com.br\/baixada\/wp-json\/wp\/v2\/tags?post=7774"}],"curies":[{"name":"wp","href":"https:\/\/api.w.org\/{rel}","templated":true}]}}