{"id":7772,"date":"2019-10-22T17:05:54","date_gmt":"2019-10-22T20:05:54","guid":{"rendered":"https:\/\/hostnetart.com.br\/baixada\/politicas-neoliberais-despertam-protestos-pelo-mundo-e-servem-de-alerta-para-o-brasil\/"},"modified":"2019-10-22T17:05:54","modified_gmt":"2019-10-22T20:05:54","slug":"politicas-neoliberais-despertam-protestos-pelo-mundo-e-servem-de-alerta-para-o-brasil","status":"publish","type":"post","link":"https:\/\/hostnetart.com.br\/baixada\/politicas-neoliberais-despertam-protestos-pelo-mundo-e-servem-de-alerta-para-o-brasil\/","title":{"rendered":"Pol\u00edticas neoliberais despertam protestos pelo mundo e servem de alerta para o Brasil"},"content":{"rendered":"<p>\u00c9 o ac\u00famulo de uma s\u00e9rie de retirada de direitos e de precariza\u00e7\u00e3o da vida das pessoas que, em algum momento, faz explodir os protestos como os que veem ocorrendo pelo mundo, avalia o comentarista pol\u00edtico Jos\u00e9 Lopez Feij\u00f3o em sua coluna ao\u00a0<em>Seu Jornal<\/em>, da\u00a0<strong>TVT<\/strong>.<\/p>\n<p>Na Europa, o\u00a0<a href=\"https:\/\/www.redebrasilatual.com.br\/blogs\/blog-na-rede\/2016\/11\/democratas-trump-e-a-perigosa-recusa-em-entender-as-licoes-do-brexit-5381\/\" target=\"_blank\" rel=\"noopener noreferrer\">Brexit<\/a>\u00a0levou a popula\u00e7\u00e3o da Inglaterra a tomar as ruas contra a sa\u00edda do pa\u00eds da Uni\u00e3o Europeia, enquanto na It\u00e1lia, o ministro do Interior, de extrema-direita, Matteo Salvini, sofreu um rev\u00e9s em sua pol\u00edtica xen\u00f3foba. Medidas de austeridade fiscal tamb\u00e9m levantaram uma onda de protestos no L\u00edbano, enquanto na\u00a0<a href=\"https:\/\/www.redebrasilatual.com.br\/mundo\/2019\/10\/levantes-populares-equador-chile-eleicoes-bolivia\/\" target=\"_blank\" rel=\"noopener noreferrer\">Am\u00e9rica Latina<\/a>, Argentina,\u00a0<a href=\"https:\/\/www.redebrasilatual.com.br\/destaques\/2019\/10\/equador-ganha-o-primeiro-round-contra-o-fmi\/\" target=\"_blank\" rel=\"noopener noreferrer\">Equador<\/a>\u00a0e\u00a0<a href=\"https:\/\/www.redebrasilatual.com.br\/mundo\/2019\/10\/destruicao-da-previdencia-e-servicos-publicos-no-chile-estao-na-base-da-revolta-de-um-povo-maltratado\/\" target=\"_blank\" rel=\"noopener noreferrer\">Chile<\/a>\u00a0as popula\u00e7\u00f5es tamb\u00e9m se manifestam, a despeito da repress\u00e3o de seus governos.<\/p>\n<p>Para Feij\u00f3o, est\u00e1 claro que todos os levantes populares que se espalham pelo mundo t\u00eam em comum a \u201cimplanta\u00e7\u00e3o de pol\u00edticas xen\u00f3fobas, racistas, mis\u00f3ginas contidas nos pacotes de medidas ultra-liberais, que atacam os direitos da classe trabalhadora e as pol\u00edticas p\u00fablicas que beneficiam a popula\u00e7\u00e3o em \u00e1reas como sa\u00fade, educa\u00e7\u00e3o, transporte e seguran\u00e7a p\u00fablica. Enfim, um verdadeiro desastre\u201d, avalia o comentarista pol\u00edtico.<\/p>\n<p>Os levantes\u00a0<a href=\"https:\/\/www.redebrasilatual.com.br\/economia\/2019\/04\/politicas-neoliberais-impedem-crescimento-do-pais-diz-bresser-pereira\/\" target=\"_blank\" rel=\"noopener noreferrer\">contra as pol\u00edticas neoliberais<\/a>\u00a0deveriam servir como alerta para o Brasil, aponta ainda Feij\u00f3o, uma vez que o pa\u00eds, desde 2016, com o governo golpista de Michel Temer e agora, com Bolsonaro, tem adotado\u00a0<a href=\"https:\/\/www.redebrasilatual.com.br\/blogs\/blog-na-rede\/2019\/10\/direita-latino-americana-neoliberalismo-e-o-estado-policial\/\" target=\"_blank\" rel=\"noopener noreferrer\">medidas de austeridade e ajustes fiscais.<\/a>\u00a0\u00c9 o caso\u00a0da \u201creforma\u201d da Previd\u00eancia e da \u201creforma\u201d trabalhista, que aprofundam e agravam a retirada de direitos. \u201cO modelo neoliberal \u00e9 incapaz de dar respostas satisfat\u00f3rias para a vida da maioria da popula\u00e7\u00e3o, servindo apenas para concentrar renda e riqueza na m\u00e3o de poucos.\u201d<\/p>\n<p><strong>Fonte: Rede Brasil Atual<\/strong><\/p>\n","protected":false},"excerpt":{"rendered":"<p>\u00c9 o ac\u00famulo de uma s\u00e9rie de retirada de direitos e de precariza\u00e7\u00e3o da vida das pessoas que, em algum momento, faz explodir os protestos como os que veem ocorrendo pelo mundo, avalia o comentarista pol\u00edtico Jos\u00e9 Lopez Feij\u00f3o em sua coluna ao\u00a0Seu Jornal, da\u00a0TVT. Na Europa, o\u00a0Brexit\u00a0levou a popula\u00e7\u00e3o da Inglaterra a tomar as [&hellip;]<\/p>\n","protected":false},"author":2,"featured_media":7771,"comment_status":"","ping_status":"","sticky":false,"template":"","format":"standard","meta":{"footnotes":""},"categories":[3],"tags":[],"class_list":["post-7772","post","type-post","status-publish","format-standard","has-post-thumbnail","hentry","category-noticias"],"_links":{"self":[{"href":"https:\/\/hostnetart.com.br\/baixada\/wp-json\/wp\/v2\/posts\/7772","targetHints":{"allow":["GET"]}}],"collection":[{"href":"https:\/\/hostnetart.com.br\/baixada\/wp-json\/wp\/v2\/posts"}],"about":[{"href":"https:\/\/hostnetart.com.br\/baixada\/wp-json\/wp\/v2\/types\/post"}],"author":[{"embeddable":true,"href":"https:\/\/hostnetart.com.br\/baixada\/wp-json\/wp\/v2\/users\/2"}],"replies":[{"embeddable":true,"href":"https:\/\/hostnetart.com.br\/baixada\/wp-json\/wp\/v2\/comments?post=7772"}],"version-history":[{"count":0,"href":"https:\/\/hostnetart.com.br\/baixada\/wp-json\/wp\/v2\/posts\/7772\/revisions"}],"wp:featuredmedia":[{"embeddable":true,"href":"https:\/\/hostnetart.com.br\/baixada\/wp-json\/wp\/v2\/media\/7771"}],"wp:attachment":[{"href":"https:\/\/hostnetart.com.br\/baixada\/wp-json\/wp\/v2\/media?parent=7772"}],"wp:term":[{"taxonomy":"category","embeddable":true,"href":"https:\/\/hostnetart.com.br\/baixada\/wp-json\/wp\/v2\/categories?post=7772"},{"taxonomy":"post_tag","embeddable":true,"href":"https:\/\/hostnetart.com.br\/baixada\/wp-json\/wp\/v2\/tags?post=7772"}],"curies":[{"name":"wp","href":"https:\/\/api.w.org\/{rel}","templated":true}]}}