{"id":7770,"date":"2019-10-22T13:49:06","date_gmt":"2019-10-22T16:49:06","guid":{"rendered":"https:\/\/hostnetart.com.br\/baixada\/bancos-cortaram-mais-de-3-mil-postos-de-trabalho-em-2019\/"},"modified":"2019-10-22T13:49:06","modified_gmt":"2019-10-22T16:49:06","slug":"bancos-cortaram-mais-de-3-mil-postos-de-trabalho-em-2019","status":"publish","type":"post","link":"https:\/\/hostnetart.com.br\/baixada\/bancos-cortaram-mais-de-3-mil-postos-de-trabalho-em-2019\/","title":{"rendered":"Bancos cortaram mais de 3 mil postos de trabalho em 2019"},"content":{"rendered":"<p>Os bancos fecharam 1.928 postos de trabalho somente no m\u00eas de setembro de 2019, segundo\u00a0<a href=\"https:\/\/contrafcut.com.br\/peb-janeiro-a-setembro-de-2019\/\" target=\"_blank\" rel=\"noopener noreferrer\">levantamento realizado pelo Departamento Intersindical de Estat\u00edstica e Estudos Socioecon\u00f4micos (Dieese)<\/a>, com base nos dados do\u00a0<a href=\"http:\/\/pdet.mte.gov.br\/caged?view=default\" target=\"_blank\" rel=\"noopener noreferrer\">Cadastro Geral de Empregados e Desempregados (Caged)<\/a>, do Minist\u00e9rio do Trabalho e Emprego. O saldo acumulado de janeiro a setembro chegou a 3.328 postos de trabalho a menos na categoria banc\u00e1ria neste ano. Desde 2013, foram fechadas 63.934 vagas na categoria.<\/p>\n<p>O saldo foi impactado, principalmente, pelos planos de demiss\u00f5es volunt\u00e1rias (PDVs) dos bancos Ita\u00fa e Bradesco.<\/p>\n<p>\u201cEssa enorme redu\u00e7\u00e3o de postos de trabalho afeta n\u00e3o apenas a categoria. Num contexto de altas taxas de desemprego, toda a sociedade \u00e9 prejudicada\u201d, disse a presidenta da Confedera\u00e7\u00e3o Nacional dos Trabalhadores do Ramo Financeiro (Contraf-CUT), Juvandia Moreira. \u201cOs banc\u00e1rios se somam ao enorme contingente de desempregados. Isso contribui para a paralisia que vemos na economia. Sem renda, a popula\u00e7\u00e3o n\u00e3o vai \u00e0s compras. A economia n\u00e3o gira\u201d, analisou.<\/p>\n<p>\u201cAl\u00e9m disso, as pessoas que n\u00e3o t\u00eam acesso \u00e0 tecnologia e as que preferem, ou precisam de atendimento pessoal, ficam sujeitas \u00e0s enormes filas. Os funcion\u00e1rios ficam sobrecarregados e ainda mais propensos ao adoecimento\u201d, completou Juvandia.<\/p>\n<p>Os estados mais afetados foram Rio de Janeiro (-1.177 postos), Rio Grande do Sul (-852 postos) e Distrito Federal (-725 postos).<\/p>\n<figure class=\"wp-block-image\"><img decoding=\"async\" class=\"wp-image-275201 lazyloaded\" src=\"https:\/\/contrafcut.com.br\/wp-content\/uploads\/2019\/10\/peb-janeiro-a-setembro-de-2019-tabela-estados.jpg?x35815\" sizes=\"(max-width: 956px) 100vw, 956px\" srcset=\"https:\/\/contrafcut.com.br\/wp-content\/uploads\/2019\/10\/peb-janeiro-a-setembro-de-2019-tabela-estados.jpg 956w, https:\/\/contrafcut.com.br\/wp-content\/uploads\/2019\/10\/peb-janeiro-a-setembro-de-2019-tabela-estados-410x225.jpg 410w, https:\/\/contrafcut.com.br\/wp-content\/uploads\/2019\/10\/peb-janeiro-a-setembro-de-2019-tabela-estados-768x422.jpg 768w\" alt=\"\" data-lazy-srcset=\"https:\/\/contrafcut.com.br\/wp-content\/uploads\/2019\/10\/peb-janeiro-a-setembro-de-2019-tabela-estados.jpg 956w, https:\/\/contrafcut.com.br\/wp-content\/uploads\/2019\/10\/peb-janeiro-a-setembro-de-2019-tabela-estados-410x225.jpg 410w, https:\/\/contrafcut.com.br\/wp-content\/uploads\/2019\/10\/peb-janeiro-a-setembro-de-2019-tabela-estados-768x422.jpg 768w\" data-lazy-sizes=\"(max-width: 956px) 100vw, 956px\" data-lazy-src=\"https:\/\/contrafcut.com.br\/wp-content\/uploads\/2019\/10\/peb-janeiro-a-setembro-de-2019-tabela-estados.jpg?x35815\" data-was-processed=\"true\" \/><\/figure>\n<h3><strong>Faixa Et\u00e1ria<\/strong><\/h3>\n<p>No per\u00edodo de janeiro a setembro de 2019, houve redu\u00e7\u00e3o de postos de trabalho para todas as faixas et\u00e1rias acima de 30 anos, com destaque para a faixa de 50 a 64 anos, com fechamento de 6.909 postos. O saldo positivo ocorreu apenas na faixa de 18 a 29 anos, com cria\u00e7\u00e3o de 9.547 postos de trabalho. \u201c\u00c9 uma forma de reduzir os sal\u00e1rios e aumentar ainda mais os lucros\u201d, explicou a presidenta da Contraf-CUT.<\/p>\n<p>Segundo levantamento do Dieese, a remunera\u00e7\u00e3o m\u00e9dia dos banc\u00e1rios e banc\u00e1rias admitidos at\u00e9 29 anos \u00e9 de R$ 3.344,56. A dos demitidos com mais de 30 anos, a \u00e9 de R$ 8.054,90, ou 141% maior do que a dos admitidos com idade inferior aos 30 anos.<\/p>\n<figure class=\"wp-block-image\"><img decoding=\"async\" class=\"wp-image-275202 lazyloaded\" src=\"https:\/\/contrafcut.com.br\/wp-content\/uploads\/2019\/10\/peb-janeiro-a-setembro-de-2019-admitidos-e-demitidos-idade.jpg?x35815\" sizes=\"(max-width: 943px) 100vw, 943px\" srcset=\"https:\/\/contrafcut.com.br\/wp-content\/uploads\/2019\/10\/peb-janeiro-a-setembro-de-2019-admitidos-e-demitidos-idade.jpg 943w, https:\/\/contrafcut.com.br\/wp-content\/uploads\/2019\/10\/peb-janeiro-a-setembro-de-2019-admitidos-e-demitidos-idade-410x219.jpg 410w, https:\/\/contrafcut.com.br\/wp-content\/uploads\/2019\/10\/peb-janeiro-a-setembro-de-2019-admitidos-e-demitidos-idade-768x410.jpg 768w\" alt=\"\" data-lazy-srcset=\"https:\/\/contrafcut.com.br\/wp-content\/uploads\/2019\/10\/peb-janeiro-a-setembro-de-2019-admitidos-e-demitidos-idade.jpg 943w, https:\/\/contrafcut.com.br\/wp-content\/uploads\/2019\/10\/peb-janeiro-a-setembro-de-2019-admitidos-e-demitidos-idade-410x219.jpg 410w, https:\/\/contrafcut.com.br\/wp-content\/uploads\/2019\/10\/peb-janeiro-a-setembro-de-2019-admitidos-e-demitidos-idade-768x410.jpg 768w\" data-lazy-sizes=\"(max-width: 943px) 100vw, 943px\" data-lazy-src=\"https:\/\/contrafcut.com.br\/wp-content\/uploads\/2019\/10\/peb-janeiro-a-setembro-de-2019-admitidos-e-demitidos-idade.jpg?x35815\" data-was-processed=\"true\" \/><\/figure>\n<h3><strong>Desigualdade de g\u00eanero<\/strong><\/h3>\n<p>As 11.965 mulheres admitidas nos bancos entre janeiro e setembro de 2019 receberam, em m\u00e9dia, R$ 3.938,85. Esse valor corresponde a 75,6% da remunera\u00e7\u00e3o m\u00e9dia auferida pelos 14.151 homens contratados no per\u00edodo. Constata-se uma diferen\u00e7a de remunera\u00e7\u00e3o ainda maior entre homens e mulheres nos desligamentos. As 14.319 mulheres desligadas dos bancos recebiam, em m\u00e9dia, R$ 5.920,32, o que representou 72,8% da remunera\u00e7\u00e3o m\u00e9dia dos 15.125 homens desligados dos bancos no per\u00edodo.<\/p>\n<p>\u201cEsse dado \u00e9 preocupante. Mais do que mostrar que as mulheres s\u00e3o admitidas com remunera\u00e7\u00f5es menores do que as dos homens, mostra que, ao longo da carreira a diferen\u00e7a aumenta\u201d, observou secret\u00e1ria da Mulher da Contraf-CUT, Elaine Cutis, lembrando que a categoria est\u00e1 respondendo ao Censo da Diversidade Banc\u00e1ria, que visa, entre outras coisas, apurar desigualdades de oportunidades na categoria para possibilitar a promo\u00e7\u00e3o de medidas preventivas.<\/p>\n<figure class=\"wp-block-image\"><img decoding=\"async\" class=\"wp-image-275203 lazyloaded\" src=\"https:\/\/contrafcut.com.br\/wp-content\/uploads\/2019\/10\/peb-janeiro-a-setembro-de-2019-remuneracao-media-por-sexo.jpg?x35815\" sizes=\"(max-width: 1002px) 100vw, 1002px\" srcset=\"https:\/\/contrafcut.com.br\/wp-content\/uploads\/2019\/10\/peb-janeiro-a-setembro-de-2019-remuneracao-media-por-sexo.jpg 1002w, https:\/\/contrafcut.com.br\/wp-content\/uploads\/2019\/10\/peb-janeiro-a-setembro-de-2019-remuneracao-media-por-sexo-410x130.jpg 410w, https:\/\/contrafcut.com.br\/wp-content\/uploads\/2019\/10\/peb-janeiro-a-setembro-de-2019-remuneracao-media-por-sexo-768x244.jpg 768w\" alt=\"\" data-lazy-srcset=\"https:\/\/contrafcut.com.br\/wp-content\/uploads\/2019\/10\/peb-janeiro-a-setembro-de-2019-remuneracao-media-por-sexo.jpg 1002w, https:\/\/contrafcut.com.br\/wp-content\/uploads\/2019\/10\/peb-janeiro-a-setembro-de-2019-remuneracao-media-por-sexo-410x130.jpg 410w, https:\/\/contrafcut.com.br\/wp-content\/uploads\/2019\/10\/peb-janeiro-a-setembro-de-2019-remuneracao-media-por-sexo-768x244.jpg 768w\" data-lazy-sizes=\"(max-width: 1002px) 100vw, 1002px\" data-lazy-src=\"https:\/\/contrafcut.com.br\/wp-content\/uploads\/2019\/10\/peb-janeiro-a-setembro-de-2019-remuneracao-media-por-sexo.jpg?x35815\" data-was-processed=\"true\" \/><\/figure>\n<p><strong>Fonte:<\/strong>\u00a0<strong>Contraf-CUT<\/strong><\/p>\n","protected":false},"excerpt":{"rendered":"<p>Os bancos fecharam 1.928 postos de trabalho somente no m\u00eas de setembro de 2019, segundo\u00a0levantamento realizado pelo Departamento Intersindical de Estat\u00edstica e Estudos Socioecon\u00f4micos (Dieese), com base nos dados do\u00a0Cadastro Geral de Empregados e Desempregados (Caged), do Minist\u00e9rio do Trabalho e Emprego. O saldo acumulado de janeiro a setembro chegou a 3.328 postos de trabalho [&hellip;]<\/p>\n","protected":false},"author":2,"featured_media":7769,"comment_status":"","ping_status":"","sticky":false,"template":"","format":"standard","meta":{"footnotes":""},"categories":[3],"tags":[],"class_list":["post-7770","post","type-post","status-publish","format-standard","has-post-thumbnail","hentry","category-noticias"],"_links":{"self":[{"href":"https:\/\/hostnetart.com.br\/baixada\/wp-json\/wp\/v2\/posts\/7770","targetHints":{"allow":["GET"]}}],"collection":[{"href":"https:\/\/hostnetart.com.br\/baixada\/wp-json\/wp\/v2\/posts"}],"about":[{"href":"https:\/\/hostnetart.com.br\/baixada\/wp-json\/wp\/v2\/types\/post"}],"author":[{"embeddable":true,"href":"https:\/\/hostnetart.com.br\/baixada\/wp-json\/wp\/v2\/users\/2"}],"replies":[{"embeddable":true,"href":"https:\/\/hostnetart.com.br\/baixada\/wp-json\/wp\/v2\/comments?post=7770"}],"version-history":[{"count":0,"href":"https:\/\/hostnetart.com.br\/baixada\/wp-json\/wp\/v2\/posts\/7770\/revisions"}],"wp:featuredmedia":[{"embeddable":true,"href":"https:\/\/hostnetart.com.br\/baixada\/wp-json\/wp\/v2\/media\/7769"}],"wp:attachment":[{"href":"https:\/\/hostnetart.com.br\/baixada\/wp-json\/wp\/v2\/media?parent=7770"}],"wp:term":[{"taxonomy":"category","embeddable":true,"href":"https:\/\/hostnetart.com.br\/baixada\/wp-json\/wp\/v2\/categories?post=7770"},{"taxonomy":"post_tag","embeddable":true,"href":"https:\/\/hostnetart.com.br\/baixada\/wp-json\/wp\/v2\/tags?post=7770"}],"curies":[{"name":"wp","href":"https:\/\/api.w.org\/{rel}","templated":true}]}}