{"id":7766,"date":"2019-10-22T13:47:05","date_gmt":"2019-10-22T16:47:05","guid":{"rendered":"https:\/\/hostnetart.com.br\/baixada\/reforma-da-previdencia-deve-ser-concluida-hoje-com-votacao-de-projeto\/"},"modified":"2019-10-22T13:47:05","modified_gmt":"2019-10-22T16:47:05","slug":"reforma-da-previdencia-deve-ser-concluida-hoje-com-votacao-de-projeto","status":"publish","type":"post","link":"https:\/\/hostnetart.com.br\/baixada\/reforma-da-previdencia-deve-ser-concluida-hoje-com-votacao-de-projeto\/","title":{"rendered":"\u2018Reforma\u2019 da Previd\u00eancia deve ser conclu\u00edda hoje, com vota\u00e7\u00e3o de projeto"},"content":{"rendered":"<p>A \u201creforma\u201d da Previd\u00eancia deve passar pelo segundo turno de vota\u00e7\u00e3o no plen\u00e1rio nesta ter\u00e7a-feira (22) \u00e0 tarde. Pela manh\u00e3, a partir de 11h, a Comiss\u00e3o de Constitui\u00e7\u00e3o, Justi\u00e7a e Cidadania (CCJ) deve votar as \u00faltimas emendas apresentadas ao projeto, a Proposta de Emenda \u00e0 Constitui\u00e7\u00e3o (PEC) 6\/2019. Se aprovada, segue para san\u00e7\u00e3o presidencial.<\/p>\n<p>As emendas que ser\u00e3o apreciadas na CCJ tentam reverter os preju\u00edzos que a reforma pode causar aos trabalhadores. Tr\u00eas delas s\u00e3o do senador Paulo Paim (PT-RS), seis de Jaques Wagner (PT-BA), uma de Randolfe Rodrigues (Rede-AP) e de Fernando Bezerra Coelho (MDB-PE).<\/p>\n<p>Paim afirmou ontem (21) em plen\u00e1rio que o Senado tem a oportunidade de\u00a0<a href=\"https:\/\/www.redebrasilatual.com.br\/destaques\/2019\/09\/fim-da-aposentadoria-especial-e-o-maior-crime-da-reforma-da-previdencia-afirma-paim\/\" target=\"_blank\" rel=\"noopener noreferrer\">diminuir os preju\u00edzos que a reforma pode trazer<\/a>. Paim defendeu mudan\u00e7as, como o fim da aposentadoria especial de quem trabalha em \u00e1rea de alto risco. Paulo Paim mencionou o estudo da Unicamp que questiona os c\u00e1lculos do governo, que apontaram d\u00e9ficit nas contas da Previd\u00eancia.<\/p>\n<p>Ele defendeu algumas medidas, sugeridas pela CPI da Previd\u00eancia, para garantir mais recursos para a Seguridade Social (e para as contas p\u00fablicas) sem penalizar os trabalhadores.<\/p>\n<p>\u201cA CPI fez uma an\u00e1lise detalhada, demonstrou que o problema da Previd\u00eancia \u00e9 de gest\u00e3o, de arrecada\u00e7\u00e3o, de sonega\u00e7\u00e3o, de apropria\u00e7\u00e3o ind\u00e9bita e de perd\u00e3o de d\u00edvida. S\u00f3 de apropria\u00e7\u00e3o ind\u00e9bita, s\u00e3o R$ 30 bilh\u00f5es por ano. A CPI tamb\u00e9m constatou que, em 20 anos, entre desvio, sonega\u00e7\u00e3o, d\u00edvidas, o montante foi de R$ 6 trilh\u00f5es, em valores atualizados\u201d, afirmou o senador.<\/p>\n<p>J\u00e1 o senador Rog\u00e9rio Carvalho (PT\u2013SE) afirmou que a reforma atende apenas aos interesses empresariais. O senador lamentou que as reivindica\u00e7\u00f5es corporativas estejam acima do interesse p\u00fablico. Para o parlamentar,\u00a0<a href=\"https:\/\/www.redebrasilatual.com.br\/sem-categoria\/2019\/10\/senado-derruba-destaques-conclui-1o-turno-reforma-previdencia\/\" target=\"_blank\" rel=\"noopener noreferrer\">o texto aprovado em primeiro turno no Senado<\/a>\u00a0contribui para o aumento da desigualdade social e, como consequ\u00eancia, \u00e9 uma amea\u00e7a \u00e0 estabilidade, \u00e0 democracia e \u00e0 paz social do pa\u00eds.<\/p>\n<p>\u201cAs corpora\u00e7\u00f5es do mercado financeiro s\u00e3o as que definem como vai ser a nossa Previd\u00eancia. S\u00e3o as que definem o que \u00e9 importante para o pa\u00eds e que tornaram o Brasil ref\u00e9m de uma agenda [\u2026]. Amanh\u00e3 [ter\u00e7a-feira, 22], n\u00f3s temos um grande embate, e espero que se consiga corrigir essa que \u00e9 uma grande atrocidade com os mais pobres do nosso pa\u00eds, que \u00e9 essa tal de reforma da Previd\u00eancia\u201d, analisou.<\/p>\n<p><em>Com informa\u00e7\u00f5es da Ag\u00eancia Senado<\/em><\/p>\n<p><strong>Fonte: Rede Brasil Atual<\/strong><\/p>\n","protected":false},"excerpt":{"rendered":"<p>A \u201creforma\u201d da Previd\u00eancia deve passar pelo segundo turno de vota\u00e7\u00e3o no plen\u00e1rio nesta ter\u00e7a-feira (22) \u00e0 tarde. Pela manh\u00e3, a partir de 11h, a Comiss\u00e3o de Constitui\u00e7\u00e3o, Justi\u00e7a e Cidadania (CCJ) deve votar as \u00faltimas emendas apresentadas ao projeto, a Proposta de Emenda \u00e0 Constitui\u00e7\u00e3o (PEC) 6\/2019. Se aprovada, segue para san\u00e7\u00e3o presidencial. As [&hellip;]<\/p>\n","protected":false},"author":2,"featured_media":7765,"comment_status":"","ping_status":"","sticky":false,"template":"","format":"standard","meta":{"footnotes":""},"categories":[3],"tags":[],"class_list":["post-7766","post","type-post","status-publish","format-standard","has-post-thumbnail","hentry","category-noticias"],"_links":{"self":[{"href":"https:\/\/hostnetart.com.br\/baixada\/wp-json\/wp\/v2\/posts\/7766","targetHints":{"allow":["GET"]}}],"collection":[{"href":"https:\/\/hostnetart.com.br\/baixada\/wp-json\/wp\/v2\/posts"}],"about":[{"href":"https:\/\/hostnetart.com.br\/baixada\/wp-json\/wp\/v2\/types\/post"}],"author":[{"embeddable":true,"href":"https:\/\/hostnetart.com.br\/baixada\/wp-json\/wp\/v2\/users\/2"}],"replies":[{"embeddable":true,"href":"https:\/\/hostnetart.com.br\/baixada\/wp-json\/wp\/v2\/comments?post=7766"}],"version-history":[{"count":0,"href":"https:\/\/hostnetart.com.br\/baixada\/wp-json\/wp\/v2\/posts\/7766\/revisions"}],"wp:featuredmedia":[{"embeddable":true,"href":"https:\/\/hostnetart.com.br\/baixada\/wp-json\/wp\/v2\/media\/7765"}],"wp:attachment":[{"href":"https:\/\/hostnetart.com.br\/baixada\/wp-json\/wp\/v2\/media?parent=7766"}],"wp:term":[{"taxonomy":"category","embeddable":true,"href":"https:\/\/hostnetart.com.br\/baixada\/wp-json\/wp\/v2\/categories?post=7766"},{"taxonomy":"post_tag","embeddable":true,"href":"https:\/\/hostnetart.com.br\/baixada\/wp-json\/wp\/v2\/tags?post=7766"}],"curies":[{"name":"wp","href":"https:\/\/api.w.org\/{rel}","templated":true}]}}