{"id":7762,"date":"2019-10-22T13:35:23","date_gmt":"2019-10-22T16:35:23","guid":{"rendered":"https:\/\/hostnetart.com.br\/baixada\/empregados-voltam-para-a-mesa-de-negociacao-permanente-com-a-caixa\/"},"modified":"2019-10-22T13:35:23","modified_gmt":"2019-10-22T16:35:23","slug":"empregados-voltam-para-a-mesa-de-negociacao-permanente-com-a-caixa","status":"publish","type":"post","link":"https:\/\/hostnetart.com.br\/baixada\/empregados-voltam-para-a-mesa-de-negociacao-permanente-com-a-caixa\/","title":{"rendered":"Empregados voltam para a mesa de negocia\u00e7\u00e3o permanente com a Caixa"},"content":{"rendered":"<p>Os empregados da Caixa Econ\u00f4mica Federal se re\u00fanem, nesta ter\u00e7a-feira (22), para a mesa permanente de negocia\u00e7\u00e3o com a dire\u00e7\u00e3o do banco. Na pauta, Sa\u00fade Caixa e Sa\u00fade do Trabalhador, Funcef e Caixa 100% P\u00fablica.\u00a0<a href=\"https:\/\/contrafcut.com.br\/noticias\/empregados-defendem-contratacoes-e-caixa-100-publica-em-mesa-de-negociacao\/\" target=\"_blank\" rel=\"noopener noreferrer\">Na \u00faltima reuni\u00e3o<\/a>, os representantes dos trabalhadores reafirmaram a necessidade da constru\u00e7\u00e3o do papel p\u00fablico e social do banco, junto \u00e0 defesa dos direitos dos trabalhadores.<\/p>\n<p>\u201cA mesa de negocia\u00e7\u00e3o permanente \u00e9 conquista do ACT (Acordo Coletivo de Trabalho). Estamos num momento \u00edmpar para defender os direitos dos empregados e, principalmente, defender a nossa empresa. Priorizamos as negocia\u00e7\u00f5es e temos muita coisa para cobrar e avan\u00e7ar\u201d, afirmou Fabiana Uehara Proscholdt, secret\u00e1ria da Cultura e representante da Confedera\u00e7\u00e3o Nacional dos Trabalhadores do Ramo Financeiro (Contraf-CUT) nas negocia\u00e7\u00f5es com o banco.<\/p>\n<p>Os empregados cobram as informa\u00e7\u00f5es necess\u00e1rias para negociar a sustentabilidade do Sa\u00fade Caixa. Reivindicam ainda paridade na pol\u00edtica de investimento da Funcef.<\/p>\n<p>Com rela\u00e7\u00e3o a sa\u00fade do trabalhador, os empregados querem debater o fim do GDP e de todas as formas de gest\u00e3o pelo medo, entre outros itens.<\/p>\n<p>Nesta ter\u00e7a-feira, os empregados de todo o Brasil realizam tamb\u00e9m ato em defesa da Caixa 100% P\u00fablica, com \u00eanfase na defesa das<a href=\"https:\/\/contrafcut.com.br\/noticias\/contraf-cut-ajuiza-acp-contra-privatizacao-da-lotex\/\" target=\"_blank\" rel=\"noopener noreferrer\">\u00a0loterias<\/a>.<\/p>\n<p><strong>Fonte: Contraf-CUT<\/strong><\/p>\n","protected":false},"excerpt":{"rendered":"<p>Os empregados da Caixa Econ\u00f4mica Federal se re\u00fanem, nesta ter\u00e7a-feira (22), para a mesa permanente de negocia\u00e7\u00e3o com a dire\u00e7\u00e3o do banco. Na pauta, Sa\u00fade Caixa e Sa\u00fade do Trabalhador, Funcef e Caixa 100% P\u00fablica.\u00a0Na \u00faltima reuni\u00e3o, os representantes dos trabalhadores reafirmaram a necessidade da constru\u00e7\u00e3o do papel p\u00fablico e social do banco, junto \u00e0 [&hellip;]<\/p>\n","protected":false},"author":2,"featured_media":7761,"comment_status":"","ping_status":"","sticky":false,"template":"","format":"standard","meta":{"footnotes":""},"categories":[3],"tags":[],"class_list":["post-7762","post","type-post","status-publish","format-standard","has-post-thumbnail","hentry","category-noticias"],"_links":{"self":[{"href":"https:\/\/hostnetart.com.br\/baixada\/wp-json\/wp\/v2\/posts\/7762","targetHints":{"allow":["GET"]}}],"collection":[{"href":"https:\/\/hostnetart.com.br\/baixada\/wp-json\/wp\/v2\/posts"}],"about":[{"href":"https:\/\/hostnetart.com.br\/baixada\/wp-json\/wp\/v2\/types\/post"}],"author":[{"embeddable":true,"href":"https:\/\/hostnetart.com.br\/baixada\/wp-json\/wp\/v2\/users\/2"}],"replies":[{"embeddable":true,"href":"https:\/\/hostnetart.com.br\/baixada\/wp-json\/wp\/v2\/comments?post=7762"}],"version-history":[{"count":0,"href":"https:\/\/hostnetart.com.br\/baixada\/wp-json\/wp\/v2\/posts\/7762\/revisions"}],"wp:featuredmedia":[{"embeddable":true,"href":"https:\/\/hostnetart.com.br\/baixada\/wp-json\/wp\/v2\/media\/7761"}],"wp:attachment":[{"href":"https:\/\/hostnetart.com.br\/baixada\/wp-json\/wp\/v2\/media?parent=7762"}],"wp:term":[{"taxonomy":"category","embeddable":true,"href":"https:\/\/hostnetart.com.br\/baixada\/wp-json\/wp\/v2\/categories?post=7762"},{"taxonomy":"post_tag","embeddable":true,"href":"https:\/\/hostnetart.com.br\/baixada\/wp-json\/wp\/v2\/tags?post=7762"}],"curies":[{"name":"wp","href":"https:\/\/api.w.org\/{rel}","templated":true}]}}