{"id":7758,"date":"2019-10-21T20:10:24","date_gmt":"2019-10-21T23:10:24","guid":{"rendered":"https:\/\/hostnetart.com.br\/baixada\/dieese-defende-retomada-do-investimento-para-a-criacao-emergencial-de-empregos\/"},"modified":"2019-10-21T20:10:24","modified_gmt":"2019-10-21T23:10:24","slug":"dieese-defende-retomada-do-investimento-para-a-criacao-emergencial-de-empregos","status":"publish","type":"post","link":"https:\/\/hostnetart.com.br\/baixada\/dieese-defende-retomada-do-investimento-para-a-criacao-emergencial-de-empregos\/","title":{"rendered":"Dieese defende retomada do investimento para a cria\u00e7\u00e3o emergencial de empregos"},"content":{"rendered":"<p>Dirigentes das seis principais centrais sindicais do pa\u00eds se reuniram na \u00faltima quinta-feira (17) com o secret\u00e1rio especial da Previd\u00eancia e Trabalho, Rog\u00e9rio Marinho, que anunciou o in\u00edcio da elabora\u00e7\u00e3o de uma nova \u201creforma\u201d trabalhista por parte do governo Bolsonaro e tamb\u00e9m a pretens\u00e3o de acabar com unicidade sindical. Em resposta, foi apresentada ao governo a vers\u00e3o atualizada da \u201c<a href=\"https:\/\/www.redebrasilatual.com.br\/trabalho\/2019\/10\/contra-desmonte-centrais-reivindicam-investimento-politicas-publicas-e-democracia\/\" target=\"_blank\" rel=\"noopener noreferrer\">agenda da classe trabalhadora<\/a>\u201c, documento com 23 itens que prop\u00f5e pol\u00edticas para a retomada do crescimento econ\u00f4mico. Para o presidente da CUT, S\u00e9rgio Nobre,\u00a0 h\u00e1 um \u201ctema central e priorit\u00e1rio a ser discutido hoje no pa\u00eds e esse tema \u00e9 a gera\u00e7\u00e3o de empregos, para o Brasil voltar a crescer\u201d.<\/p>\n<p>O diretor-t\u00e9cnico do Dieese, Clemente Ganz L\u00facio, tamb\u00e9m tratou das diverg\u00eancias no encontro. \u201cA preocupa\u00e7\u00e3o central \u00e9 a gera\u00e7\u00e3o de empregos e a retomada do crescimento econ\u00f4mico. N\u00e3o \u00e9 prioridade, nesse momento, o tratamento da reforma trabalhista, mas, sim, o tratamento para a gera\u00e7\u00e3o de empregos de qualidade, que n\u00e3o \u00e9 o que estamos observando na economia brasileira\u201d, afirmou, em entrevista \u00e0 jornalista Marilu Caba\u00f1as, para o <a href=\"https:\/\/www.youtube.com\/watch?v=nifhFheP9WM\" target=\"_blank\" rel=\"noopener noreferrer\"><em>Jornal Brasil Atual<\/em><\/a>, nesta segunda-feira (21).<\/p>\n<p>Entre os itens da agenda, Clemente destaca a\u00e7\u00f5es emergenciais para a retomada do emprego no \u201ccurt\u00edssimo prazo\u201d, como investimento p\u00fablico para a retomada de mais de 10 mil obras paradas. Seria uma das melhores formas, segundo ele, para a cria\u00e7\u00e3o de postos de trabalho na constru\u00e7\u00e3o civil, setor que, desde 2014, vem sofrendo com a destrui\u00e7\u00e3o de milhares de empregos, por conta da paralisa\u00e7\u00e3o no setor causada pelas investiga\u00e7\u00f5es da Opera\u00e7\u00e3o Lava Jato.<\/p>\n<p>Segundo ele, para al\u00e9m das in\u00fameras irregularidades cometidas pelos procuradores de Curitiba, em conluio com o ent\u00e3o juiz Sergio Moro, divulgadas na s\u00e9rie de reportagens do <a href=\"https:\/\/www.redebrasilatual.com.br\/tag\/vaza-jato\/\" target=\"_blank\" rel=\"noopener noreferrer\"><em>The Intercept Brasil<\/em><\/a>, ao criminalizar as empresas em vez de responsabilizar os seus executivos, a for\u00e7a-tarefa penalizou a sociedade, que passou a pagar um \u201cpre\u00e7o injusto\u201d pela forma \u201cinadequada\u201d do suposto combate \u00e0 corrup\u00e7\u00e3o.<\/p>\n<p><strong>Fonte: Rede Brasil Atual<\/strong><\/p>\n","protected":false},"excerpt":{"rendered":"<p>Dirigentes das seis principais centrais sindicais do pa\u00eds se reuniram na \u00faltima quinta-feira (17) com o secret\u00e1rio especial da Previd\u00eancia e Trabalho, Rog\u00e9rio Marinho, que anunciou o in\u00edcio da elabora\u00e7\u00e3o de uma nova \u201creforma\u201d trabalhista por parte do governo Bolsonaro e tamb\u00e9m a pretens\u00e3o de acabar com unicidade sindical. Em resposta, foi apresentada ao governo [&hellip;]<\/p>\n","protected":false},"author":2,"featured_media":7757,"comment_status":"","ping_status":"","sticky":false,"template":"","format":"standard","meta":{"footnotes":""},"categories":[3],"tags":[],"class_list":["post-7758","post","type-post","status-publish","format-standard","has-post-thumbnail","hentry","category-noticias"],"_links":{"self":[{"href":"https:\/\/hostnetart.com.br\/baixada\/wp-json\/wp\/v2\/posts\/7758","targetHints":{"allow":["GET"]}}],"collection":[{"href":"https:\/\/hostnetart.com.br\/baixada\/wp-json\/wp\/v2\/posts"}],"about":[{"href":"https:\/\/hostnetart.com.br\/baixada\/wp-json\/wp\/v2\/types\/post"}],"author":[{"embeddable":true,"href":"https:\/\/hostnetart.com.br\/baixada\/wp-json\/wp\/v2\/users\/2"}],"replies":[{"embeddable":true,"href":"https:\/\/hostnetart.com.br\/baixada\/wp-json\/wp\/v2\/comments?post=7758"}],"version-history":[{"count":0,"href":"https:\/\/hostnetart.com.br\/baixada\/wp-json\/wp\/v2\/posts\/7758\/revisions"}],"wp:featuredmedia":[{"embeddable":true,"href":"https:\/\/hostnetart.com.br\/baixada\/wp-json\/wp\/v2\/media\/7757"}],"wp:attachment":[{"href":"https:\/\/hostnetart.com.br\/baixada\/wp-json\/wp\/v2\/media?parent=7758"}],"wp:term":[{"taxonomy":"category","embeddable":true,"href":"https:\/\/hostnetart.com.br\/baixada\/wp-json\/wp\/v2\/categories?post=7758"},{"taxonomy":"post_tag","embeddable":true,"href":"https:\/\/hostnetart.com.br\/baixada\/wp-json\/wp\/v2\/tags?post=7758"}],"curies":[{"name":"wp","href":"https:\/\/api.w.org\/{rel}","templated":true}]}}