{"id":7750,"date":"2019-10-17T18:40:54","date_gmt":"2019-10-17T21:40:54","guid":{"rendered":"https:\/\/hostnetart.com.br\/baixada\/apos-cobranca-da-contraf-cut-caixa-divulga-regras-de-assistencia-a-saude\/"},"modified":"2019-10-17T18:40:54","modified_gmt":"2019-10-17T21:40:54","slug":"apos-cobranca-da-contraf-cut-caixa-divulga-regras-de-assistencia-a-saude","status":"publish","type":"post","link":"https:\/\/hostnetart.com.br\/baixada\/apos-cobranca-da-contraf-cut-caixa-divulga-regras-de-assistencia-a-saude\/","title":{"rendered":"Ap\u00f3s cobran\u00e7a da Contraf-CUT, Caixa divulga regras de assist\u00eancia \u00e0 sa\u00fade"},"content":{"rendered":"<p>A Caixa divulgou, na \u00faltima sexta-feira (11), o RH 227, com as regras para reembolso com despesas m\u00e9dicas, para os contratados a partir de 1 de setembro de 2018.<\/p>\n<p>A publica\u00e7\u00e3o \u00e9 fruto da press\u00e3o da Confedera\u00e7\u00e3o Nacional dos Trabalhadores do Ramo Financeiro (Contraf-CUT) para que a Caixa cumprisse o Acordo Coletivo de Trabalho (ACT) 2018\/2020, uma vez que os empregados contratados ap\u00f3s a data acima estavam sem qualquer tipo de assist\u00eancia. A Contraf-CUT, inclusive, entrou com a\u00e7\u00e3o judicial visto que nas mesas de negocia\u00e7\u00e3o permanente, a Caixa n\u00e3o dava um prazo para essa publica\u00e7\u00e3o.<\/p>\n<p>\u201cPor nossa solicita\u00e7\u00e3o, o reembolso ser\u00e1 retroativo necessitando o empregado comprovar a contrata\u00e7\u00e3o de plano de sa\u00fade do mercado. Por\u00e9m, a nossa luta \u00e9 maior que apenas o cumprimento do acordo, queremos Sa\u00fade Caixa para todos\u201d, afirmou Fabiana Uehara Proscholdt, secret\u00e1ria da Juventude da Contraf-CUT e coordenadora do Grupo de Trabalho (GT) de Sa\u00fade.<\/p>\n<p><strong>Fonte: Contraf-CUT<\/strong><\/p>\n","protected":false},"excerpt":{"rendered":"<p>A Caixa divulgou, na \u00faltima sexta-feira (11), o RH 227, com as regras para reembolso com despesas m\u00e9dicas, para os contratados a partir de 1 de setembro de 2018. A publica\u00e7\u00e3o \u00e9 fruto da press\u00e3o da Confedera\u00e7\u00e3o Nacional dos Trabalhadores do Ramo Financeiro (Contraf-CUT) para que a Caixa cumprisse o Acordo Coletivo de Trabalho (ACT) [&hellip;]<\/p>\n","protected":false},"author":2,"featured_media":7749,"comment_status":"","ping_status":"","sticky":false,"template":"","format":"standard","meta":{"footnotes":""},"categories":[3],"tags":[],"class_list":["post-7750","post","type-post","status-publish","format-standard","has-post-thumbnail","hentry","category-noticias"],"_links":{"self":[{"href":"https:\/\/hostnetart.com.br\/baixada\/wp-json\/wp\/v2\/posts\/7750","targetHints":{"allow":["GET"]}}],"collection":[{"href":"https:\/\/hostnetart.com.br\/baixada\/wp-json\/wp\/v2\/posts"}],"about":[{"href":"https:\/\/hostnetart.com.br\/baixada\/wp-json\/wp\/v2\/types\/post"}],"author":[{"embeddable":true,"href":"https:\/\/hostnetart.com.br\/baixada\/wp-json\/wp\/v2\/users\/2"}],"replies":[{"embeddable":true,"href":"https:\/\/hostnetart.com.br\/baixada\/wp-json\/wp\/v2\/comments?post=7750"}],"version-history":[{"count":0,"href":"https:\/\/hostnetart.com.br\/baixada\/wp-json\/wp\/v2\/posts\/7750\/revisions"}],"wp:featuredmedia":[{"embeddable":true,"href":"https:\/\/hostnetart.com.br\/baixada\/wp-json\/wp\/v2\/media\/7749"}],"wp:attachment":[{"href":"https:\/\/hostnetart.com.br\/baixada\/wp-json\/wp\/v2\/media?parent=7750"}],"wp:term":[{"taxonomy":"category","embeddable":true,"href":"https:\/\/hostnetart.com.br\/baixada\/wp-json\/wp\/v2\/categories?post=7750"},{"taxonomy":"post_tag","embeddable":true,"href":"https:\/\/hostnetart.com.br\/baixada\/wp-json\/wp\/v2\/tags?post=7750"}],"curies":[{"name":"wp","href":"https:\/\/api.w.org\/{rel}","templated":true}]}}